{"id":51309,"date":"2023-03-30T21:32:15","date_gmt":"2023-03-30T21:32:15","guid":{"rendered":"http:\/\/elterritorialweb.com.ar\/web\/?p=51309"},"modified":"2023-03-30T21:35:06","modified_gmt":"2023-03-30T21:35:06","slug":"los-pilotos-del-moto-gp-palpitan-un-fin-de-semana-de-primer-nivel-en-las-termas","status":"publish","type":"post","link":"https:\/\/elterritorialweb.com.ar\/web\/los-pilotos-del-moto-gp-palpitan-un-fin-de-semana-de-primer-nivel-en-las-termas\/","title":{"rendered":"LOS PILOTOS DEL MOTO GP PALPITAN UN F\u00cdN DE SEMANA DE PRIMER NIVEL EN LAS TERMAS"},"content":{"rendered":"\n<p>Este jueves al mediod\u00eda se produjo el primer contacto de la prensa acreditada para el evento con algunos de los pilotos que est\u00e1n ultimando detalles para la carrera central del domingo. En la primera conferencia estuvieron Pecco Bagnaia (Ducati), Maverick Vi\u00f1ales (Aprilia), Marco Bezzecchi (Ducati) y Jack Miller (KTM).<br>Los competidores coincidieron en destacar las caracter\u00edsticas del trazado del circuito del Aut\u00f3dromo Internacional de Las Termas, lo que \u2013seg\u00fan resaltaron- podr\u00e1 garantizar una carrera emocionante para que todos los fan\u00e1ticos presentes puedan disfrutar de un vibrante fin de semana.<br>Posteriormente se llev\u00f3 a cabo una segunda conferencia con Alex M\u00e1rquez (Ducati), Johan Zarco (Ducati) y Fabio Quartararo (Yamaha).<br>Los pilotos tambi\u00e9n elogiaron el circuito e hicieron hincapi\u00e9 en la posibilidad de continuar sumando puntos en el campeonato para no perderle pisada a los de arriba en esta segunda fecha del calendario.<\/p>\n","protected":false},"excerpt":{"rendered":"<p>El Gran Premio Moto GP comienza a palpitar lo que ser\u00e1 un fin de semana a todo color y mucha adrenalina en el Aut\u00f3dromo Internacional de Las Termas de R\u00edo Hondo, con la segunda fecha del calendario 2023 del Campeonato Mundial de Motociclismo.<\/p>\n","protected":false},"author":2,"featured_media":51310,"comment_status":"open","ping_status":"open","sticky":false,"template":"","format":"standard","meta":{"om_disable_all_campaigns":false,"_monsterinsights_skip_tracking":false,"_monsterinsights_sitenote_active":false,"_monsterinsights_sitenote_note":"","_monsterinsights_sitenote_category":0,"_uf_show_specific_survey":0,"_uf_disable_surveys":false,"jetpack_post_was_ever_published":false,"_jetpack_newsletter_access":"","_jetpack_dont_email_post_to_subs":false,"_jetpack_newsletter_tier_id":0,"_jetpack_memberships_contains_paywalled_content":false,"_jetpack_memberships_contains_paid_content":false,"footnotes":"","jetpack_publicize_message":"","jetpack_publicize_feature_enabled":true,"jetpack_social_post_already_shared":true,"jetpack_social_options":{"image_generator_settings":{"template":"highway","default_image_id":0,"font":"","enabled":false},"version":2}},"categories":[6,4],"tags":[],"class_list":["post-51309","post","type-post","status-publish","format-standard","has-post-thumbnail","hentry","category-deportes","category-destacadas"],"aioseo_notices":[],"views":11,"jetpack_publicize_connections":[],"jetpack_featured_media_url":"https:\/\/i0.wp.com\/elterritorialweb.com.ar\/web\/wp-content\/uploads\/2023\/03\/WhatsApp-Image-2023-03-30-at-15.37.29.jpeg?fit=1280%2C853&ssl=1","jetpack_sharing_enabled":true,"_links":{"self":[{"href":"https:\/\/elterritorialweb.com.ar\/web\/wp-json\/wp\/v2\/posts\/51309","targetHints":{"allow":["GET"]}}],"collection":[{"href":"https:\/\/elterritorialweb.com.ar\/web\/wp-json\/wp\/v2\/posts"}],"about":[{"href":"https:\/\/elterritorialweb.com.ar\/web\/wp-json\/wp\/v2\/types\/post"}],"author":[{"embeddable":true,"href":"https:\/\/elterritorialweb.com.ar\/web\/wp-json\/wp\/v2\/users\/2"}],"replies":[{"embeddable":true,"href":"https:\/\/elterritorialweb.com.ar\/web\/wp-json\/wp\/v2\/comments?post=51309"}],"version-history":[{"count":2,"href":"https:\/\/elterritorialweb.com.ar\/web\/wp-json\/wp\/v2\/posts\/51309\/revisions"}],"predecessor-version":[{"id":51312,"href":"https:\/\/elterritorialweb.com.ar\/web\/wp-json\/wp\/v2\/posts\/51309\/revisions\/51312"}],"wp:featuredmedia":[{"embeddable":true,"href":"https:\/\/elterritorialweb.com.ar\/web\/wp-json\/wp\/v2\/media\/51310"}],"wp:attachment":[{"href":"https:\/\/elterritorialweb.com.ar\/web\/wp-json\/wp\/v2\/media?parent=51309"}],"wp:term":[{"taxonomy":"category","embeddable":true,"href":"https:\/\/elterritorialweb.com.ar\/web\/wp-json\/wp\/v2\/categories?post=51309"},{"taxonomy":"post_tag","embeddable":true,"href":"https:\/\/elterritorialweb.com.ar\/web\/wp-json\/wp\/v2\/tags?post=51309"}],"curies":[{"name":"wp","href":"https:\/\/api.w.org\/{rel}","templated":true}]}}