{"id":51321,"date":"2023-03-31T02:10:08","date_gmt":"2023-03-31T02:10:08","guid":{"rendered":"http:\/\/elterritorialweb.com.ar\/web\/?p=51321"},"modified":"2023-03-31T02:10:10","modified_gmt":"2023-03-31T02:10:10","slug":"presentaron-el-listado-de-adjudicatarios-para-tres-barrios-de-capital-y-banda","status":"publish","type":"post","link":"https:\/\/elterritorialweb.com.ar\/web\/presentaron-el-listado-de-adjudicatarios-para-tres-barrios-de-capital-y-banda\/","title":{"rendered":"PRESENTARON EL LISTADO DE ADJUDICATARIOS PARA TRES BARRIOS DE CAPITAL Y BANDA"},"content":{"rendered":"\n<p>Este&nbsp;<strong>jueves 30 de marzo<\/strong>&nbsp;lleg\u00f3 la&nbsp;<strong>noticia m\u00e1s esperada para las familias santiague\u00f1as<\/strong>&nbsp;que esperan por su&nbsp;<strong>casa propia<\/strong>, ya que el Gobierno de la Provincia, a trav\u00e9s del Ministerio de Obras y Servicios P\u00fablicos y el Instituto Provincial de Vivienda y Urbanismo, dio a conocer la<strong>&nbsp;lista de adjudicatarios para tres barrios en Capital y La Banda<\/strong>.<\/p>\n\n\n\n<p>Se trata de\u00a0<strong>264 preseleccionados para el barrio \u00abMama Antula II\u00bb, 130 para el barrio \u00abAmpliaci\u00f3n Villa del Carmen 738 viviendas\u00bb y 30 para \u00abDepartamentos B\u00b0 Altos Mariano Moreno\u00bb<\/strong>.<\/p>\n\n\n\n<div data-wp-interactive=\"core\/file\" class=\"wp-block-file\"><object data-wp-bind--hidden=\"!state.hasPdfPreview\" hidden class=\"wp-block-file__embed\" data=\"http:\/\/elterritorialweb.com.ar\/web\/wp-content\/uploads\/2023\/03\/0.pdf\" type=\"application\/pdf\" style=\"width:100%;height:600px\" aria-label=\"Incrustado de Listado 1.\"><\/object><a id=\"wp-block-file--media-2b716b2f-4493-42d7-b8ce-3d02c00dc1e3\" href=\"http:\/\/elterritorialweb.com.ar\/web\/wp-content\/uploads\/2023\/03\/0.pdf\">Listado 1<\/a><a href=\"http:\/\/elterritorialweb.com.ar\/web\/wp-content\/uploads\/2023\/03\/0.pdf\" class=\"wp-block-file__button wp-element-button\" download aria-describedby=\"wp-block-file--media-2b716b2f-4493-42d7-b8ce-3d02c00dc1e3\">Planilla adjudicatarios<\/a><\/div>\n\n\n\n<div data-wp-interactive=\"core\/file\" class=\"wp-block-file\"><object data-wp-bind--hidden=\"!state.hasPdfPreview\" hidden class=\"wp-block-file__embed\" data=\"http:\/\/elterritorialweb.com.ar\/web\/wp-content\/uploads\/2023\/03\/1.pdf\" type=\"application\/pdf\" style=\"width:100%;height:600px\" aria-label=\"Incrustado de Listado2.\"><\/object><a id=\"wp-block-file--media-a1175ef9-d620-465d-b9bb-c3997eaa9ca8\" href=\"http:\/\/elterritorialweb.com.ar\/web\/wp-content\/uploads\/2023\/03\/1.pdf\">Listado2<\/a><a href=\"http:\/\/elterritorialweb.com.ar\/web\/wp-content\/uploads\/2023\/03\/1.pdf\" class=\"wp-block-file__button wp-element-button\" download aria-describedby=\"wp-block-file--media-a1175ef9-d620-465d-b9bb-c3997eaa9ca8\">Planilla de adjudicatarios<\/a><\/div>\n\n\n\n<div data-wp-interactive=\"core\/file\" class=\"wp-block-file\"><object data-wp-bind--hidden=\"!state.hasPdfPreview\" hidden class=\"wp-block-file__embed\" data=\"http:\/\/elterritorialweb.com.ar\/web\/wp-content\/uploads\/2023\/03\/2.pdf\" type=\"application\/pdf\" style=\"width:100%;height:600px\" aria-label=\"Incrustado de Listado 3.\"><\/object><a id=\"wp-block-file--media-4303da26-ae79-4680-861c-3a3d575e9c6e\" href=\"http:\/\/elterritorialweb.com.ar\/web\/wp-content\/uploads\/2023\/03\/2.pdf\">Listado 3<\/a><a href=\"http:\/\/elterritorialweb.com.ar\/web\/wp-content\/uploads\/2023\/03\/2.pdf\" class=\"wp-block-file__button wp-element-button\" download aria-describedby=\"wp-block-file--media-4303da26-ae79-4680-861c-3a3d575e9c6e\">Planilla de adjudicatarios<\/a><\/div>\n\n\n\n<div data-wp-interactive=\"core\/file\" class=\"wp-block-file\"><object data-wp-bind--hidden=\"!state.hasPdfPreview\" hidden class=\"wp-block-file__embed\" data=\"http:\/\/elterritorialweb.com.ar\/web\/wp-content\/uploads\/2023\/03\/23.pdf\" type=\"application\/pdf\" style=\"width:100%;height:600px\" aria-label=\"Incrustado de Listado 4 .\"><\/object><a id=\"wp-block-file--media-ed1400d2-9600-42ef-bf0e-846240602c1a\" href=\"http:\/\/elterritorialweb.com.ar\/web\/wp-content\/uploads\/2023\/03\/23.pdf\">Listado 4 <\/a><a href=\"http:\/\/elterritorialweb.com.ar\/web\/wp-content\/uploads\/2023\/03\/23.pdf\" class=\"wp-block-file__button wp-element-button\" download aria-describedby=\"wp-block-file--media-ed1400d2-9600-42ef-bf0e-846240602c1a\">Planilla de adjudicatarios<\/a><\/div>\n","protected":false},"excerpt":{"rendered":"<p>Se trata de 264 adjudicatarios para el barrio \u00abMama Antula II\u00bb, 130 para el barrio \u00abAmpliaci\u00f3n Villa del Carmen 738 viviendas\u00bb y 30 para \u00abDepartamentos B\u00b0 Altos Mariano Moreno\u00bb.<\/p>\n","protected":false},"author":2,"featured_media":51326,"comment_status":"open","ping_status":"open","sticky":false,"template":"","format":"standard","meta":{"om_disable_all_campaigns":false,"_monsterinsights_skip_tracking":false,"_monsterinsights_sitenote_active":false,"_monsterinsights_sitenote_note":"","_monsterinsights_sitenote_category":0,"_uf_show_specific_survey":0,"_uf_disable_surveys":false,"jetpack_post_was_ever_published":false,"_jetpack_newsletter_access":"","_jetpack_dont_email_post_to_subs":false,"_jetpack_newsletter_tier_id":0,"_jetpack_memberships_contains_paywalled_content":false,"_jetpack_memberships_contains_paid_content":false,"footnotes":"","jetpack_publicize_message":"","jetpack_publicize_feature_enabled":true,"jetpack_social_post_already_shared":true,"jetpack_social_options":{"image_generator_settings":{"template":"highway","default_image_id":0,"font":"","enabled":false},"version":2}},"categories":[21],"tags":[],"class_list":["post-51321","post","type-post","status-publish","format-standard","has-post-thumbnail","hentry","category-locales"],"aioseo_notices":[],"views":33,"jetpack_publicize_connections":[],"jetpack_featured_media_url":"https:\/\/i0.wp.com\/elterritorialweb.com.ar\/web\/wp-content\/uploads\/2023\/03\/IPVU.jpg?fit=937%2C553&ssl=1","jetpack_sharing_enabled":true,"_links":{"self":[{"href":"https:\/\/elterritorialweb.com.ar\/web\/wp-json\/wp\/v2\/posts\/51321","targetHints":{"allow":["GET"]}}],"collection":[{"href":"https:\/\/elterritorialweb.com.ar\/web\/wp-json\/wp\/v2\/posts"}],"about":[{"href":"https:\/\/elterritorialweb.com.ar\/web\/wp-json\/wp\/v2\/types\/post"}],"author":[{"embeddable":true,"href":"https:\/\/elterritorialweb.com.ar\/web\/wp-json\/wp\/v2\/users\/2"}],"replies":[{"embeddable":true,"href":"https:\/\/elterritorialweb.com.ar\/web\/wp-json\/wp\/v2\/comments?post=51321"}],"version-history":[{"count":1,"href":"https:\/\/elterritorialweb.com.ar\/web\/wp-json\/wp\/v2\/posts\/51321\/revisions"}],"predecessor-version":[{"id":51327,"href":"https:\/\/elterritorialweb.com.ar\/web\/wp-json\/wp\/v2\/posts\/51321\/revisions\/51327"}],"wp:featuredmedia":[{"embeddable":true,"href":"https:\/\/elterritorialweb.com.ar\/web\/wp-json\/wp\/v2\/media\/51326"}],"wp:attachment":[{"href":"https:\/\/elterritorialweb.com.ar\/web\/wp-json\/wp\/v2\/media?parent=51321"}],"wp:term":[{"taxonomy":"category","embeddable":true,"href":"https:\/\/elterritorialweb.com.ar\/web\/wp-json\/wp\/v2\/categories?post=51321"},{"taxonomy":"post_tag","embeddable":true,"href":"https:\/\/elterritorialweb.com.ar\/web\/wp-json\/wp\/v2\/tags?post=51321"}],"curies":[{"name":"wp","href":"https:\/\/api.w.org\/{rel}","templated":true}]}}