{"id":51341,"date":"2023-04-01T01:59:40","date_gmt":"2023-04-01T01:59:40","guid":{"rendered":"http:\/\/elterritorialweb.com.ar\/web\/?p=51341"},"modified":"2023-04-01T01:59:44","modified_gmt":"2023-04-01T01:59:44","slug":"se-desarrollo-el-primer-ateneo-de-psicologos-del-poder-judicial-2023","status":"publish","type":"post","link":"https:\/\/elterritorialweb.com.ar\/web\/se-desarrollo-el-primer-ateneo-de-psicologos-del-poder-judicial-2023\/","title":{"rendered":"SE DESARROLLO EL PRIMER ATENEO DE PSIC\u00d3LOGOS DEL PODER JUDICIAL 2023"},"content":{"rendered":"\n<p><br><strong>Capacitaci\u00f3n profesional<\/strong><\/p>\n\n\n\n<p>En la ma\u00f1ana de este viernes, se concret\u00f3 el primer Ateneo de Psic\u00f3logos de 2023, en el que participaron quienes integran el Gabinete de Psicolog\u00eda Forense y el Equipo T\u00e9cnico de Asistencia a la Violencia (ETAV).<\/p>\n\n\n\n<p>En dicho encuentro, los profesionales del Poder Judicial abordaron la tem\u00e1tica de las Impugnaciones: su concepto, finalidad, qu\u00e9 dice la ley con respecto a las mismas y cu\u00e1l es la forma en que los peritos deben responder ante determinados pedidos.<\/p>\n\n\n\n<p>Al respecto, el coordinador del Gabinete de Psicolog\u00eda Forense, Dr. Fernando Castro, explic\u00f3 que \u00abel objetivo esencial de estos encuentros es generar un espacio en el que nuestros profesionales se capaciten de manera constante, con la premisa de optimizar el servicio que debemos brindar cotidianamente al justiciable\u00bb.<\/p>\n\n\n\n<p>\u00abEl tema que abordamos hoy, continu\u00f3, se plante\u00f3 a fin de darle la bienvenida a los psic\u00f3logos que se incorporaron al equipo y prepararlos para el proceso judicial. Uno de los temas son las impugnaciones, que no significa cr\u00edticas al trabajo que desarrollamos, sino que es parte de un proceso judicial y la finalidad es prepararnos para ello\u00bb.<\/p>\n\n\n\n<p>Asimismo, apunt\u00f3 que los Ateneos se desarrollar\u00e1n en forma mensual y tendr\u00e1n lugar los \u00faltimos viernes de cada mes, hasta noviembre inclusive, cuyas tem\u00e1ticas se ir\u00e1n estableciendo sobre la base de la elecci\u00f3n de los profesionales, en cuanto a la necesidad de actualizar conocimientos y metodolog\u00edas de trabajo.<\/p>\n","protected":false},"excerpt":{"rendered":"<p>El objetivo esencial es generar un espacio de actualizaci\u00f3n de conocimientos permanente, para optimizar el servicio brindado a la sociedad<\/p>\n","protected":false},"author":2,"featured_media":51342,"comment_status":"open","ping_status":"open","sticky":false,"template":"","format":"standard","meta":{"om_disable_all_campaigns":false,"_monsterinsights_skip_tracking":false,"_monsterinsights_sitenote_active":false,"_monsterinsights_sitenote_note":"","_monsterinsights_sitenote_category":0,"_uf_show_specific_survey":0,"_uf_disable_surveys":false,"jetpack_post_was_ever_published":false,"_jetpack_newsletter_access":"","_jetpack_dont_email_post_to_subs":false,"_jetpack_newsletter_tier_id":0,"_jetpack_memberships_contains_paywalled_content":false,"_jetpack_memberships_contains_paid_content":false,"footnotes":"","jetpack_publicize_message":"","jetpack_publicize_feature_enabled":true,"jetpack_social_post_already_shared":true,"jetpack_social_options":{"image_generator_settings":{"template":"highway","default_image_id":0,"font":"","enabled":false},"version":2}},"categories":[1],"tags":[],"class_list":["post-51341","post","type-post","status-publish","format-standard","has-post-thumbnail","hentry","category-sin-categoria"],"aioseo_notices":[],"views":12,"jetpack_publicize_connections":[],"jetpack_featured_media_url":"https:\/\/i0.wp.com\/elterritorialweb.com.ar\/web\/wp-content\/uploads\/2023\/04\/Ate1.jpg?fit=1200%2C800&ssl=1","jetpack_sharing_enabled":true,"_links":{"self":[{"href":"https:\/\/elterritorialweb.com.ar\/web\/wp-json\/wp\/v2\/posts\/51341","targetHints":{"allow":["GET"]}}],"collection":[{"href":"https:\/\/elterritorialweb.com.ar\/web\/wp-json\/wp\/v2\/posts"}],"about":[{"href":"https:\/\/elterritorialweb.com.ar\/web\/wp-json\/wp\/v2\/types\/post"}],"author":[{"embeddable":true,"href":"https:\/\/elterritorialweb.com.ar\/web\/wp-json\/wp\/v2\/users\/2"}],"replies":[{"embeddable":true,"href":"https:\/\/elterritorialweb.com.ar\/web\/wp-json\/wp\/v2\/comments?post=51341"}],"version-history":[{"count":1,"href":"https:\/\/elterritorialweb.com.ar\/web\/wp-json\/wp\/v2\/posts\/51341\/revisions"}],"predecessor-version":[{"id":51343,"href":"https:\/\/elterritorialweb.com.ar\/web\/wp-json\/wp\/v2\/posts\/51341\/revisions\/51343"}],"wp:featuredmedia":[{"embeddable":true,"href":"https:\/\/elterritorialweb.com.ar\/web\/wp-json\/wp\/v2\/media\/51342"}],"wp:attachment":[{"href":"https:\/\/elterritorialweb.com.ar\/web\/wp-json\/wp\/v2\/media?parent=51341"}],"wp:term":[{"taxonomy":"category","embeddable":true,"href":"https:\/\/elterritorialweb.com.ar\/web\/wp-json\/wp\/v2\/categories?post=51341"},{"taxonomy":"post_tag","embeddable":true,"href":"https:\/\/elterritorialweb.com.ar\/web\/wp-json\/wp\/v2\/tags?post=51341"}],"curies":[{"name":"wp","href":"https:\/\/api.w.org\/{rel}","templated":true}]}}