{"id":51344,"date":"2023-04-01T02:16:54","date_gmt":"2023-04-01T02:16:54","guid":{"rendered":"http:\/\/elterritorialweb.com.ar\/web\/?p=51344"},"modified":"2023-04-01T02:16:58","modified_gmt":"2023-04-01T02:16:58","slug":"bandiao-el-festival-de-cultura-emergente-sera-acompanado-por-el-municipio-bandeno","status":"publish","type":"post","link":"https:\/\/elterritorialweb.com.ar\/web\/bandiao-el-festival-de-cultura-emergente-sera-acompanado-por-el-municipio-bandeno\/","title":{"rendered":"\u00abBANDIAO\u00bb, EL FESTIVAL DE CULTURA EMERGENTE SER\u00c1 ACOMPA\u00d1ADO POR EL MUNICIPIO BANDE\u00d1O"},"content":{"rendered":"\n<p>En este sentido, el jefe comunal acompa\u00f1ado por el director de Cultura, Alejandro Jozami; la secretaria de Comunicaci\u00f3n, Fernanda Raschi; y los organizadores, Gonzalo Vel\u00e1squez y Cesar Menece.<br>Dicho evento es denominado como un \u201cFestival de Cultura Emergente\u201d y forma parte de un movimiento art\u00edstico de vanguardia que tiene como objetivo transmitir y visibilizar las nuevas formas de arte que fueron surgiendo en el \u00faltimo tiempo, y que se encuentran expresadas en diferentes espacios y calles de nuestra provincia.<br>El espect\u00e1culo se podr\u00e1 disfrutar con entrada libre y gratuita, trayendo propuestas que van desde el hip hop, rock, punk, DJs y dem\u00e1s g\u00e9neros urbanos.<br>El mismo, contar\u00e1 con sector gastron\u00f3mico, foodtrucks que ofrecer\u00e1n comidas y bebidas a precios accesibles, donde adem\u00e1s encontrar\u00e1n opciones de men\u00fa vegano. Tambi\u00e9n, quienes asistan podr\u00e1n disfrutar del sector de emprendedores, donde estar\u00e1n presentes artesanos y diferentes artistas ofreciendo sus trabajos.<br>En el anuncio, el intendente resalt\u00f3: \u201cEsto tiene que ver con todas las nuevas formas de arte que han ido surgiendo en estos \u00faltimos a\u00f1os, lo cual para nosotros es muy importante apoyar y fomentar, por lo que la Direcci\u00f3n de Cultura se encuentra trabajando con las personas de la organizaci\u00f3n para poder estar a disposici\u00f3n de los mismos y as\u00ed pueda ser todo un \u00e9xito\u201d.<br>Asimismo, Jozami expres\u00f3: \u201cNo se trata de apoyar a eventos y festivales ya establecidos, sino, apoyar y dar visibilidad a los eventos que vienen a proponernos algo diferente, que forma parte tambi\u00e9n de nuestra cultura, mostrando que el talento que hay en nuestra provincia no es solamente en lo tradicional\u201d.<br>Por su parte, Vel\u00e1squez dijo: \u201cMuy agradecido al municipio y al intendente por apoyar y comprometerse con este evento que viene a mostrar la nueva camada de \u2018Poetas y cantores\u2019, el cual tiene en su mayor\u00eda a las mujeres como protagonistas, esperando colmar con las expectativas de todo, transmitiendo las nuevas formas de arte y el talento de los j\u00f3venes\u201d.<br>Cabe destacar, que la cartelera de esta primera edici\u00f3n incluir\u00e1 a: Fantasmas de Nadie, Jazm\u00edn DEC, NataLy, Rapsodia, Patones, Derecho Viejo, Ale Carabajal Cuarteto, Rumi, Fer Legname, Majo Montenegro (Monja) y Naxxira.<\/p>\n","protected":false},"excerpt":{"rendered":"<p>El intendente de la ciudad de La Banda, Roger Nediani anunci\u00f3 la realizaci\u00f3n de \u201cBandiao\u201d, un festival de cultura emergente el pr\u00f3ximo viernes 14 a partir de las 21 en el Patin\u00f3dromo Municipal.<\/p>\n","protected":false},"author":2,"featured_media":51345,"comment_status":"open","ping_status":"open","sticky":false,"template":"","format":"standard","meta":{"om_disable_all_campaigns":false,"_monsterinsights_skip_tracking":false,"_monsterinsights_sitenote_active":false,"_monsterinsights_sitenote_note":"","_monsterinsights_sitenote_category":0,"_uf_show_specific_survey":0,"_uf_disable_surveys":false,"jetpack_post_was_ever_published":false,"_jetpack_newsletter_access":"","_jetpack_dont_email_post_to_subs":false,"_jetpack_newsletter_tier_id":0,"_jetpack_memberships_contains_paywalled_content":false,"_jetpack_memberships_contains_paid_content":false,"footnotes":"","jetpack_publicize_message":"","jetpack_publicize_feature_enabled":true,"jetpack_social_post_already_shared":true,"jetpack_social_options":{"image_generator_settings":{"template":"highway","default_image_id":0,"font":"","enabled":false},"version":2}},"categories":[9],"tags":[],"class_list":["post-51344","post","type-post","status-publish","format-standard","has-post-thumbnail","hentry","category-banda"],"aioseo_notices":[],"views":16,"jetpack_publicize_connections":[],"jetpack_featured_media_url":"https:\/\/i0.wp.com\/elterritorialweb.com.ar\/web\/wp-content\/uploads\/2023\/04\/WhatsApp-Image-2023-03-31-at-12.19.21.jpeg?fit=1280%2C845&ssl=1","jetpack_sharing_enabled":true,"_links":{"self":[{"href":"https:\/\/elterritorialweb.com.ar\/web\/wp-json\/wp\/v2\/posts\/51344","targetHints":{"allow":["GET"]}}],"collection":[{"href":"https:\/\/elterritorialweb.com.ar\/web\/wp-json\/wp\/v2\/posts"}],"about":[{"href":"https:\/\/elterritorialweb.com.ar\/web\/wp-json\/wp\/v2\/types\/post"}],"author":[{"embeddable":true,"href":"https:\/\/elterritorialweb.com.ar\/web\/wp-json\/wp\/v2\/users\/2"}],"replies":[{"embeddable":true,"href":"https:\/\/elterritorialweb.com.ar\/web\/wp-json\/wp\/v2\/comments?post=51344"}],"version-history":[{"count":1,"href":"https:\/\/elterritorialweb.com.ar\/web\/wp-json\/wp\/v2\/posts\/51344\/revisions"}],"predecessor-version":[{"id":51346,"href":"https:\/\/elterritorialweb.com.ar\/web\/wp-json\/wp\/v2\/posts\/51344\/revisions\/51346"}],"wp:featuredmedia":[{"embeddable":true,"href":"https:\/\/elterritorialweb.com.ar\/web\/wp-json\/wp\/v2\/media\/51345"}],"wp:attachment":[{"href":"https:\/\/elterritorialweb.com.ar\/web\/wp-json\/wp\/v2\/media?parent=51344"}],"wp:term":[{"taxonomy":"category","embeddable":true,"href":"https:\/\/elterritorialweb.com.ar\/web\/wp-json\/wp\/v2\/categories?post=51344"},{"taxonomy":"post_tag","embeddable":true,"href":"https:\/\/elterritorialweb.com.ar\/web\/wp-json\/wp\/v2\/tags?post=51344"}],"curies":[{"name":"wp","href":"https:\/\/api.w.org\/{rel}","templated":true}]}}