{"id":51350,"date":"2023-04-01T02:43:15","date_gmt":"2023-04-01T02:43:15","guid":{"rendered":"http:\/\/elterritorialweb.com.ar\/web\/?p=51350"},"modified":"2023-04-01T02:47:30","modified_gmt":"2023-04-01T02:47:30","slug":"la-pobreza-afecta-a-mas-de-18-millones-de-personas-en-argentina","status":"publish","type":"post","link":"https:\/\/elterritorialweb.com.ar\/web\/la-pobreza-afecta-a-mas-de-18-millones-de-personas-en-argentina\/","title":{"rendered":"LA POBREZA AFECTA A M\u00c1S DE 18 MILLONES DE PERSONAS EN ARGENTINA"},"content":{"rendered":"\n<p>El \u00edndice de\u00a0<strong>pobreza alcanz\u00f3 al 39,2%<\/strong>\u00a0de la poblaci\u00f3n econ\u00f3micamente activa al cierre del segundo semestre del pasado a\u00f1o, por encima del 37,3% de igual per\u00edodo del 2021, inform\u00f3 hoy el Instituto Nacional de Estad\u00edstica y Censos (Indec). Seg\u00fan las proyecciones en todo el pa\u00eds\u00a0<strong>hay 18.049.523 millones de personas en esta condici\u00f3n.<\/strong><\/p>\n\n\n\n<p>En este sentido, el organismo detall\u00f3 que en 31 aglomerados urbanos hay 11,5 millones de pobres y que el<strong>\u00a0\u00edndice de Indigencia\u00a0<\/strong>se ubic\u00f3 en\u00a0<strong>8,1% entre julio y septiembre del a\u00f1o pasado,<\/strong>\u00a0frente al 8,8 % de igual per\u00edodo del 2021.<\/p>\n\n\n\n<figure class=\"wp-block-embed is-type-rich is-provider-twitter wp-block-embed-twitter\"><div class=\"wp-block-embed__wrapper\">\n<blockquote class=\"twitter-tweet\" data-width=\"550\" data-dnt=\"true\"><p lang=\"es\" dir=\"ltr\"><a href=\"https:\/\/twitter.com\/hashtag\/DatoINDEC?src=hash&amp;ref_src=twsrc%5Etfw\">#DatoINDEC<\/a><br>La pobreza alcanz\u00f3 al 39,2% de las personas y al 29,6% de los hogares en el 2\u00b0 semestre de 2022; la indigencia, al 8,1% y al 6,2%, respectivamente <a href=\"https:\/\/t.co\/ylIs2IPUGh\">https:\/\/t.co\/ylIs2IPUGh<\/a> <a href=\"https:\/\/t.co\/3hilPahLWL\">pic.twitter.com\/3hilPahLWL<\/a><\/p>&mdash; INDEC Argentina (@INDECArgentina) <a href=\"https:\/\/twitter.com\/INDECArgentina\/status\/1641515718725230600?ref_src=twsrc%5Etfw\">March 30, 2023<\/a><\/blockquote><script async src=\"https:\/\/platform.twitter.com\/widgets.js\" charset=\"utf-8\"><\/script>\n<\/div><\/figure>\n\n\n\n<p><strong>El \u00edndice de Pobreza y el de Indigencia se conforma por una comparaci\u00f3n del costo de la Canasta B\u00e1sica Total (CBT), en el primer caso, y de la Alimentaria (CBA), en el segundo<\/strong>, frente a los ingresos percibidos por una persona o un grupo familiar.<\/p>\n\n\n\n<p><a href=\"https:\/\/twitter.com\/INDECArgentina\"><\/a>Seg\u00fan la entidad, la regi\u00f3n con\u00a0<strong>mayor incidencia de la pobreza<\/strong>\u00a0en el 2\u00b0 semestre de 2022 fue el Noreste (43,6%); y la de menor, la Patagonia (34,7%).<\/p>\n\n\n\n<figure class=\"wp-block-embed is-type-rich is-provider-twitter wp-block-embed-twitter\"><div class=\"wp-block-embed__wrapper\">\n<blockquote class=\"twitter-tweet\" data-width=\"550\" data-dnt=\"true\"><p lang=\"es\" dir=\"ltr\"><a href=\"https:\/\/twitter.com\/hashtag\/DatoINDEC?src=hash&amp;ref_src=twsrc%5Etfw\">#DatoINDEC<\/a><br>La regi\u00f3n con mayor incidencia de la pobreza en el 2\u00b0 semestre de 2022 fue el Noreste (43,6%); y la de menor, la Patagonia (34,7%) <a href=\"https:\/\/t.co\/ylIs2IPUGh\">https:\/\/t.co\/ylIs2IPUGh<\/a> <a href=\"https:\/\/t.co\/nLbzMhnBZl\">pic.twitter.com\/nLbzMhnBZl<\/a><\/p>&mdash; INDEC Argentina (@INDECArgentina) <a href=\"https:\/\/twitter.com\/INDECArgentina\/status\/1641516508898533378?ref_src=twsrc%5Etfw\">March 30, 2023<\/a><\/blockquote><script async src=\"https:\/\/platform.twitter.com\/widgets.js\" charset=\"utf-8\"><\/script>\n<\/div><\/figure>\n\n\n\n<p>Entre los datos del 2\u00b0 semestres de 2021 y 2022, los aumentos de las\u00a0<strong>canastas b\u00e1sicas (91,7% la alimentaria y 85,9% la total en el Gran Buenos Aires)\u00a0<\/strong>superaron al de la suma del\u00a0<strong>ingreso total familiar (77,2%).<\/strong><\/p>\n\n\n\n<figure class=\"wp-block-embed is-type-rich is-provider-twitter wp-block-embed-twitter\"><div class=\"wp-block-embed__wrapper\">\n<blockquote class=\"twitter-tweet\" data-width=\"550\" data-dnt=\"true\"><p lang=\"es\" dir=\"ltr\"><a href=\"https:\/\/twitter.com\/hashtag\/DatoINDEC?src=hash&amp;ref_src=twsrc%5Etfw\">#DatoINDEC<\/a><br>Entre los 2\u00b0 semestres de 2021 y 2022, los aumentos de las canastas b\u00e1sicas (91,7% la alimentaria y 85,9% la total en el Gran Buenos Aires) superaron al de la suma del ingreso total familiar (77,2%) <a href=\"https:\/\/t.co\/ylIs2IPUGh\">https:\/\/t.co\/ylIs2IPUGh<\/a> <a href=\"https:\/\/t.co\/c8x6Fs8WRP\">pic.twitter.com\/c8x6Fs8WRP<\/a><\/p>&mdash; INDEC Argentina (@INDECArgentina) <a href=\"https:\/\/twitter.com\/INDECArgentina\/status\/1641517456039583745?ref_src=twsrc%5Etfw\">March 30, 2023<\/a><\/blockquote><script async src=\"https:\/\/platform.twitter.com\/widgets.js\" charset=\"utf-8\"><\/script>\n<\/div><\/figure>\n\n\n\n<p><strong>En la primera mitad de 2022\u00a0<\/strong>los datos arrojaron un 36,5% de la poblaci\u00f3n, es decir que 17,4 millones de personas se registraron dentro de la pobreza y fueron distribuidas en 4,4 millones de hogares.<\/p>\n","protected":false},"excerpt":{"rendered":"<p>El Indec relev\u00f3 los datos oficiales del segundo semestre de 2022 que afecta al 29,6% de los hogares, mientras que la indigencia se ubic\u00f3 en el 8,1% y alcanz\u00f3 al 6,2% de los hogares.<\/p>\n","protected":false},"author":2,"featured_media":51352,"comment_status":"open","ping_status":"open","sticky":false,"template":"","format":"standard","meta":{"om_disable_all_campaigns":false,"_monsterinsights_skip_tracking":false,"_monsterinsights_sitenote_active":false,"_monsterinsights_sitenote_note":"","_monsterinsights_sitenote_category":0,"_uf_show_specific_survey":0,"_uf_disable_surveys":false,"jetpack_post_was_ever_published":false,"_jetpack_newsletter_access":"","_jetpack_dont_email_post_to_subs":false,"_jetpack_newsletter_tier_id":0,"_jetpack_memberships_contains_paywalled_content":false,"_jetpack_memberships_contains_paid_content":false,"footnotes":"","jetpack_publicize_message":"","jetpack_publicize_feature_enabled":true,"jetpack_social_post_already_shared":true,"jetpack_social_options":{"image_generator_settings":{"template":"highway","default_image_id":0,"font":"","enabled":false},"version":2}},"categories":[4,2],"tags":[],"class_list":["post-51350","post","type-post","status-publish","format-standard","has-post-thumbnail","hentry","category-destacadas","category-economia"],"aioseo_notices":[],"views":13,"jetpack_publicize_connections":[],"jetpack_featured_media_url":"https:\/\/i0.wp.com\/elterritorialweb.com.ar\/web\/wp-content\/uploads\/2023\/04\/POBREZA-EN-ARGENTINA.jpg?fit=680%2C383&ssl=1","jetpack_sharing_enabled":true,"_links":{"self":[{"href":"https:\/\/elterritorialweb.com.ar\/web\/wp-json\/wp\/v2\/posts\/51350","targetHints":{"allow":["GET"]}}],"collection":[{"href":"https:\/\/elterritorialweb.com.ar\/web\/wp-json\/wp\/v2\/posts"}],"about":[{"href":"https:\/\/elterritorialweb.com.ar\/web\/wp-json\/wp\/v2\/types\/post"}],"author":[{"embeddable":true,"href":"https:\/\/elterritorialweb.com.ar\/web\/wp-json\/wp\/v2\/users\/2"}],"replies":[{"embeddable":true,"href":"https:\/\/elterritorialweb.com.ar\/web\/wp-json\/wp\/v2\/comments?post=51350"}],"version-history":[{"count":2,"href":"https:\/\/elterritorialweb.com.ar\/web\/wp-json\/wp\/v2\/posts\/51350\/revisions"}],"predecessor-version":[{"id":51353,"href":"https:\/\/elterritorialweb.com.ar\/web\/wp-json\/wp\/v2\/posts\/51350\/revisions\/51353"}],"wp:featuredmedia":[{"embeddable":true,"href":"https:\/\/elterritorialweb.com.ar\/web\/wp-json\/wp\/v2\/media\/51352"}],"wp:attachment":[{"href":"https:\/\/elterritorialweb.com.ar\/web\/wp-json\/wp\/v2\/media?parent=51350"}],"wp:term":[{"taxonomy":"category","embeddable":true,"href":"https:\/\/elterritorialweb.com.ar\/web\/wp-json\/wp\/v2\/categories?post=51350"},{"taxonomy":"post_tag","embeddable":true,"href":"https:\/\/elterritorialweb.com.ar\/web\/wp-json\/wp\/v2\/tags?post=51350"}],"curies":[{"name":"wp","href":"https:\/\/api.w.org\/{rel}","templated":true}]}}