{"id":51354,"date":"2023-04-01T03:19:16","date_gmt":"2023-04-01T03:19:16","guid":{"rendered":"http:\/\/elterritorialweb.com.ar\/web\/?p=51354"},"modified":"2023-04-01T03:20:41","modified_gmt":"2023-04-01T03:20:41","slug":"especialistas-brindaron-capacitacion-a-combatientes-de-incendios-forestales-de-la-provincia","status":"publish","type":"post","link":"https:\/\/elterritorialweb.com.ar\/web\/especialistas-brindaron-capacitacion-a-combatientes-de-incendios-forestales-de-la-provincia\/","title":{"rendered":"ESPECIALISTAS BRINDARON CAPACITACI\u00d3N A COMBATIENTES DE INCENDIOS FORESTALES DE LA PROVINCIA"},"content":{"rendered":"\n<p>Especialistas en incendios forestales provenientes de Chubut, Jujuy y Catamarca fueron los encargados de instruir a los brigadistas y bomberos, con base operativa en Los Pirpintos, Lavalle, Villa Ojo de Agua, Selva, A\u00f1atuya, Los Telares y Bandera, quienes cumplieron con las instancias te\u00f3rico-pr\u00e1cticas.<br>Los asistentes recibieron certificados en un acto donde participaron la directora general de Bosques y Fauna, Noelia Zanichelli; la intendente de Villa Ojo de Agua, M\u00f3nica Bustamante, y el referente provincial del Sistema Nacional de Manejo del Fuego, Luis Ataide.<br>En este marco se destac\u00f3 \u201cel constante trabajo articulado entre los organismos dependientes del Ministerio de Ambiente y Desarrollo Sostenible de la Naci\u00f3n y el Ministerio de la Producci\u00f3n, Recursos Naturales, Forestaci\u00f3n, Tierras y Medio Ambiente de Santiago del Estero, en la inversi\u00f3n estrat\u00e9gica de capacitaci\u00f3n y equipamiento para los combatientes, con el objetivo de fortalecer las tareas de lucha contra siniestros que atentan a los recursos naturales de la provincia\u201d.<\/p>\n","protected":false},"excerpt":{"rendered":"<p>Con gran \u00e9xito finaliz\u00f3 el curso \u00abEl Entorno del Fuego\u00bb, llevado a cabo durante 3 d\u00edas en la ciudad de Villa Ojo de Agua, dictado por personal del Sistema Nacional de Manejo del Fuego, que incluy\u00f3 a 20 combatientes de las brigadas y cuarteles distribuidos en distintos puntos de Santiago del Estero.<\/p>\n","protected":false},"author":2,"featured_media":51355,"comment_status":"open","ping_status":"open","sticky":false,"template":"","format":"standard","meta":{"om_disable_all_campaigns":false,"_monsterinsights_skip_tracking":false,"_monsterinsights_sitenote_active":false,"_monsterinsights_sitenote_note":"","_monsterinsights_sitenote_category":0,"_uf_show_specific_survey":0,"_uf_disable_surveys":false,"jetpack_post_was_ever_published":false,"_jetpack_newsletter_access":"","_jetpack_dont_email_post_to_subs":false,"_jetpack_newsletter_tier_id":0,"_jetpack_memberships_contains_paywalled_content":false,"_jetpack_memberships_contains_paid_content":false,"footnotes":"","jetpack_publicize_message":"","jetpack_publicize_feature_enabled":true,"jetpack_social_post_already_shared":true,"jetpack_social_options":{"image_generator_settings":{"template":"highway","default_image_id":0,"font":"","enabled":false},"version":2}},"categories":[21],"tags":[],"class_list":["post-51354","post","type-post","status-publish","format-standard","has-post-thumbnail","hentry","category-locales"],"aioseo_notices":[],"views":6,"jetpack_publicize_connections":[],"jetpack_featured_media_url":"https:\/\/i0.wp.com\/elterritorialweb.com.ar\/web\/wp-content\/uploads\/2023\/04\/WhatsApp-Image-2023-03-31-at-11.19.30-e1680319230877.jpeg?fit=853%2C732&ssl=1","jetpack_sharing_enabled":true,"_links":{"self":[{"href":"https:\/\/elterritorialweb.com.ar\/web\/wp-json\/wp\/v2\/posts\/51354","targetHints":{"allow":["GET"]}}],"collection":[{"href":"https:\/\/elterritorialweb.com.ar\/web\/wp-json\/wp\/v2\/posts"}],"about":[{"href":"https:\/\/elterritorialweb.com.ar\/web\/wp-json\/wp\/v2\/types\/post"}],"author":[{"embeddable":true,"href":"https:\/\/elterritorialweb.com.ar\/web\/wp-json\/wp\/v2\/users\/2"}],"replies":[{"embeddable":true,"href":"https:\/\/elterritorialweb.com.ar\/web\/wp-json\/wp\/v2\/comments?post=51354"}],"version-history":[{"count":1,"href":"https:\/\/elterritorialweb.com.ar\/web\/wp-json\/wp\/v2\/posts\/51354\/revisions"}],"predecessor-version":[{"id":51356,"href":"https:\/\/elterritorialweb.com.ar\/web\/wp-json\/wp\/v2\/posts\/51354\/revisions\/51356"}],"wp:featuredmedia":[{"embeddable":true,"href":"https:\/\/elterritorialweb.com.ar\/web\/wp-json\/wp\/v2\/media\/51355"}],"wp:attachment":[{"href":"https:\/\/elterritorialweb.com.ar\/web\/wp-json\/wp\/v2\/media?parent=51354"}],"wp:term":[{"taxonomy":"category","embeddable":true,"href":"https:\/\/elterritorialweb.com.ar\/web\/wp-json\/wp\/v2\/categories?post=51354"},{"taxonomy":"post_tag","embeddable":true,"href":"https:\/\/elterritorialweb.com.ar\/web\/wp-json\/wp\/v2\/tags?post=51354"}],"curies":[{"name":"wp","href":"https:\/\/api.w.org\/{rel}","templated":true}]}}