{"id":51357,"date":"2023-04-01T03:24:29","date_gmt":"2023-04-01T03:24:29","guid":{"rendered":"http:\/\/elterritorialweb.com.ar\/web\/?p=51357"},"modified":"2023-04-01T03:24:32","modified_gmt":"2023-04-01T03:24:32","slug":"presentaron-el-programa-mis-primeros-1700-dias-en-el-caps-francisco-de-aguirre-de-ciudad-capital","status":"publish","type":"post","link":"https:\/\/elterritorialweb.com.ar\/web\/presentaron-el-programa-mis-primeros-1700-dias-en-el-caps-francisco-de-aguirre-de-ciudad-capital\/","title":{"rendered":"PRESENTARON EL PROGRAMA \u00abMIS PRIMEROS 1700 D\u00cdAS\u00bb EN EL CAPS \u00abFRANCISCO DE AGUIRRE\u00bb DE CIUDAD CAPITAL"},"content":{"rendered":"\n<p>El objetivo del programa es llevar asistencia nutricional a embarazadas, beb\u00e9s y ni\u00f1os de toda la provincia.<br>El acto fue encabezado por el titular del programa, Benjam\u00edn Coria, junto con el director de Salud de la Municipalidad Capital, Antonio Palomo, y la coordinadora del CAPS, Aldana Leguizam\u00f3n.<br>En este marco se realiz\u00f3 una capacitaci\u00f3n a cargo de un equipo de nutricionistas, dirigida a las familias y al personal de salud sobre el correcto preparado de los alimentos y de su importancia para el desarrollo infantil.<\/p>\n\n\n\n<figure class=\"wp-block-image size-large\"><a href=\"https:\/\/i0.wp.com\/elterritorialweb.com.ar\/web\/wp-content\/uploads\/2023\/04\/WhatsApp-Image-2023-03-31-at-12.36.47.jpeg\"><img data-recalc-dims=\"1\" decoding=\"async\" width=\"640\" height=\"511\" data-src=\"https:\/\/i0.wp.com\/elterritorialweb.com.ar\/web\/wp-content\/uploads\/2023\/04\/WhatsApp-Image-2023-03-31-at-12.36.47.jpeg?resize=640%2C511\" alt=\"\" class=\"wp-image-51359 lazyload\" data-srcset=\"https:\/\/i0.wp.com\/elterritorialweb.com.ar\/web\/wp-content\/uploads\/2023\/04\/WhatsApp-Image-2023-03-31-at-12.36.47.jpeg?resize=1024%2C818&amp;ssl=1 1024w, https:\/\/i0.wp.com\/elterritorialweb.com.ar\/web\/wp-content\/uploads\/2023\/04\/WhatsApp-Image-2023-03-31-at-12.36.47.jpeg?resize=300%2C240&amp;ssl=1 300w, https:\/\/i0.wp.com\/elterritorialweb.com.ar\/web\/wp-content\/uploads\/2023\/04\/WhatsApp-Image-2023-03-31-at-12.36.47.jpeg?resize=768%2C613&amp;ssl=1 768w, https:\/\/i0.wp.com\/elterritorialweb.com.ar\/web\/wp-content\/uploads\/2023\/04\/WhatsApp-Image-2023-03-31-at-12.36.47.jpeg?w=1068&amp;ssl=1 1068w\" data-sizes=\"(max-width: 640px) 100vw, 640px\" src=\"data:image\/svg+xml;base64,PHN2ZyB3aWR0aD0iMSIgaGVpZ2h0PSIxIiB4bWxucz0iaHR0cDovL3d3dy53My5vcmcvMjAwMC9zdmciPjwvc3ZnPg==\" style=\"--smush-placeholder-width: 640px; --smush-placeholder-aspect-ratio: 640\/511;\" \/><\/a><\/figure>\n\n\n\n<p>En la presentaci\u00f3n del programa, Coria resalt\u00f3 la necesidad de llegar a toda la poblaci\u00f3n vulnerable con este refuerzo nutricional. Adem\u00e1s del seguimiento de la alimentaci\u00f3n en esta etapa de vida de los ni\u00f1os.<\/p>\n","protected":false},"excerpt":{"rendered":"<p>Este viernes se realiz\u00f3 el lanzamiento del programa provincial  \u00abMis Primeros 1.700 D\u00edas\u00bb en el CAPS \u00abFrancisco de Aguirre\u00bb de la ciudad Capital.<\/p>\n","protected":false},"author":2,"featured_media":51358,"comment_status":"open","ping_status":"open","sticky":false,"template":"","format":"standard","meta":{"om_disable_all_campaigns":false,"_monsterinsights_skip_tracking":false,"_monsterinsights_sitenote_active":false,"_monsterinsights_sitenote_note":"","_monsterinsights_sitenote_category":0,"_uf_show_specific_survey":0,"_uf_disable_surveys":false,"jetpack_post_was_ever_published":false,"_jetpack_newsletter_access":"","_jetpack_dont_email_post_to_subs":false,"_jetpack_newsletter_tier_id":0,"_jetpack_memberships_contains_paywalled_content":false,"_jetpack_memberships_contains_paid_content":false,"footnotes":"","jetpack_publicize_message":"","jetpack_publicize_feature_enabled":true,"jetpack_social_post_already_shared":true,"jetpack_social_options":{"image_generator_settings":{"template":"highway","default_image_id":0,"font":"","enabled":false},"version":2}},"categories":[3],"tags":[],"class_list":["post-51357","post","type-post","status-publish","format-standard","has-post-thumbnail","hentry","category-salud"],"aioseo_notices":[],"views":6,"jetpack_publicize_connections":[],"jetpack_featured_media_url":"https:\/\/i0.wp.com\/elterritorialweb.com.ar\/web\/wp-content\/uploads\/2023\/04\/WhatsApp-Image-2023-03-31-at-12.36.47-1.jpeg?fit=1280%2C853&ssl=1","jetpack_sharing_enabled":true,"_links":{"self":[{"href":"https:\/\/elterritorialweb.com.ar\/web\/wp-json\/wp\/v2\/posts\/51357","targetHints":{"allow":["GET"]}}],"collection":[{"href":"https:\/\/elterritorialweb.com.ar\/web\/wp-json\/wp\/v2\/posts"}],"about":[{"href":"https:\/\/elterritorialweb.com.ar\/web\/wp-json\/wp\/v2\/types\/post"}],"author":[{"embeddable":true,"href":"https:\/\/elterritorialweb.com.ar\/web\/wp-json\/wp\/v2\/users\/2"}],"replies":[{"embeddable":true,"href":"https:\/\/elterritorialweb.com.ar\/web\/wp-json\/wp\/v2\/comments?post=51357"}],"version-history":[{"count":1,"href":"https:\/\/elterritorialweb.com.ar\/web\/wp-json\/wp\/v2\/posts\/51357\/revisions"}],"predecessor-version":[{"id":51360,"href":"https:\/\/elterritorialweb.com.ar\/web\/wp-json\/wp\/v2\/posts\/51357\/revisions\/51360"}],"wp:featuredmedia":[{"embeddable":true,"href":"https:\/\/elterritorialweb.com.ar\/web\/wp-json\/wp\/v2\/media\/51358"}],"wp:attachment":[{"href":"https:\/\/elterritorialweb.com.ar\/web\/wp-json\/wp\/v2\/media?parent=51357"}],"wp:term":[{"taxonomy":"category","embeddable":true,"href":"https:\/\/elterritorialweb.com.ar\/web\/wp-json\/wp\/v2\/categories?post=51357"},{"taxonomy":"post_tag","embeddable":true,"href":"https:\/\/elterritorialweb.com.ar\/web\/wp-json\/wp\/v2\/tags?post=51357"}],"curies":[{"name":"wp","href":"https:\/\/api.w.org\/{rel}","templated":true}]}}