{"id":51369,"date":"2023-04-01T03:48:39","date_gmt":"2023-04-01T03:48:39","guid":{"rendered":"http:\/\/elterritorialweb.com.ar\/web\/?p=51369"},"modified":"2023-04-01T03:48:43","modified_gmt":"2023-04-01T03:48:43","slug":"river-le-gano-a-union-y-se-consolida-en-la-punta","status":"publish","type":"post","link":"https:\/\/elterritorialweb.com.ar\/web\/river-le-gano-a-union-y-se-consolida-en-la-punta\/","title":{"rendered":"RIVER LE GAN\u00d3 A UNI\u00d3N Y SE CONSOLIDA EN LA PUNTA"},"content":{"rendered":"\n<p><strong>River le gan\u00f3 1 a 0 a Uni\u00f3n de Santa Fe 1 a 0\u00a0<\/strong>en el M\u00e1s Monumental, en un partido correspondiente a la novena fecha de la Liga Profesional, y se consolida en la cima de la tabla de posiciones.<\/p>\n\n\n\n<p>El equipo de Mart\u00edn Demichelis arranc\u00f3 con todo: tenencia, despliegue y agresividad, y antes de los 5 minutos tuvo un par de ocasiones claras de gol.<\/p>\n\n\n\n<figure class=\"wp-block-image size-full is-resized\"><a href=\"https:\/\/i0.wp.com\/elterritorialweb.com.ar\/web\/wp-content\/uploads\/2023\/04\/river-1.jpg\"><img data-recalc-dims=\"1\" decoding=\"async\" data-src=\"https:\/\/i0.wp.com\/elterritorialweb.com.ar\/web\/wp-content\/uploads\/2023\/04\/river-1.jpg?resize=640%2C427\" alt=\"\" class=\"wp-image-51371 lazyload\" width=\"640\" height=\"427\" data-srcset=\"https:\/\/i0.wp.com\/elterritorialweb.com.ar\/web\/wp-content\/uploads\/2023\/04\/river-1.jpg?w=679&amp;ssl=1 679w, https:\/\/i0.wp.com\/elterritorialweb.com.ar\/web\/wp-content\/uploads\/2023\/04\/river-1.jpg?resize=300%2C200&amp;ssl=1 300w\" data-sizes=\"(max-width: 640px) 100vw, 640px\" src=\"data:image\/svg+xml;base64,PHN2ZyB3aWR0aD0iMSIgaGVpZ2h0PSIxIiB4bWxucz0iaHR0cDovL3d3dy53My5vcmcvMjAwMC9zdmciPjwvc3ZnPg==\" style=\"--smush-placeholder-width: 640px; --smush-placeholder-aspect-ratio: 640\/427;\" \/><\/a><\/figure>\n\n\n\n<p>A los 9 minutos lleg\u00f3 la apertura del marcador. Nicol\u00e1s de la Cruz sac\u00f3 r\u00e1pido un lateral, Enzo D\u00edaz mand\u00f3 el centro y&nbsp;<strong>Nacho Fern\u00e1ndez<\/strong>&nbsp;la agarr\u00f3 de volea y venci\u00f3 a Sebasti\u00e1n Moyano.<\/p>\n\n\n\n<p>A los 39 de la primera etapa, Lucas Beltr\u00e1n le dio un pase de gol a Jos\u00e9 Paradela, que solo ten\u00eda que empujarla a la red, pero el volante le dio mal y se perdi\u00f3 un gol incre\u00edble.<\/p>\n\n\n\n<figure class=\"wp-block-image size-full is-resized\"><a href=\"https:\/\/i0.wp.com\/elterritorialweb.com.ar\/web\/wp-content\/uploads\/2023\/04\/river-2.jpg\"><img data-recalc-dims=\"1\" decoding=\"async\" data-src=\"https:\/\/i0.wp.com\/elterritorialweb.com.ar\/web\/wp-content\/uploads\/2023\/04\/river-2.jpg?resize=640%2C427\" alt=\"\" class=\"wp-image-51372 lazyload\" width=\"640\" height=\"427\" data-srcset=\"https:\/\/i0.wp.com\/elterritorialweb.com.ar\/web\/wp-content\/uploads\/2023\/04\/river-2.jpg?w=679&amp;ssl=1 679w, https:\/\/i0.wp.com\/elterritorialweb.com.ar\/web\/wp-content\/uploads\/2023\/04\/river-2.jpg?resize=300%2C200&amp;ssl=1 300w\" data-sizes=\"(max-width: 640px) 100vw, 640px\" src=\"data:image\/svg+xml;base64,PHN2ZyB3aWR0aD0iMSIgaGVpZ2h0PSIxIiB4bWxucz0iaHR0cDovL3d3dy53My5vcmcvMjAwMC9zdmciPjwvc3ZnPg==\" style=\"--smush-placeholder-width: 640px; --smush-placeholder-aspect-ratio: 640\/427;\" \/><\/a><\/figure>\n\n\n\n<p>En el inicio del complemento, River tuvo la misma actitud de la primera parte y a los 3 minutos pudo ampliar el marcador. Tras una gran jugada a puro toque, Beltr\u00e1n qued\u00f3 mano a mano con el arquero, tir\u00f3 el centro atr\u00e1s y Nacho Fern\u00e1ndez remat\u00f3, pero Federico Vera se la sac\u00f3 en la l\u00ednea.<\/p>\n\n\n\n<p>A los 20 minutos,&nbsp;<strong>Imanol Machuca&nbsp;<\/strong>reaccion\u00f3 mal ante una falta y el \u00e1rbitro Fernando Echenique le mostr\u00f3 roja directa.<\/p>\n\n\n\n<figure class=\"wp-block-image size-full is-resized\"><a href=\"https:\/\/i0.wp.com\/elterritorialweb.com.ar\/web\/wp-content\/uploads\/2023\/04\/river-4.jpg\"><img data-recalc-dims=\"1\" decoding=\"async\" data-src=\"https:\/\/i0.wp.com\/elterritorialweb.com.ar\/web\/wp-content\/uploads\/2023\/04\/river-4.jpg?resize=640%2C427\" alt=\"\" class=\"wp-image-51374 lazyload\" width=\"640\" height=\"427\" data-srcset=\"https:\/\/i0.wp.com\/elterritorialweb.com.ar\/web\/wp-content\/uploads\/2023\/04\/river-4.jpg?w=679&amp;ssl=1 679w, https:\/\/i0.wp.com\/elterritorialweb.com.ar\/web\/wp-content\/uploads\/2023\/04\/river-4.jpg?resize=300%2C200&amp;ssl=1 300w\" data-sizes=\"(max-width: 640px) 100vw, 640px\" src=\"data:image\/svg+xml;base64,PHN2ZyB3aWR0aD0iMSIgaGVpZ2h0PSIxIiB4bWxucz0iaHR0cDovL3d3dy53My5vcmcvMjAwMC9zdmciPjwvc3ZnPg==\" style=\"--smush-placeholder-width: 640px; --smush-placeholder-aspect-ratio: 640\/427;\" \/><\/a><\/figure>\n\n\n\n<p>A los 35, el que se lo perdi\u00f3 fue Beltr\u00e1n. El delantero qued\u00f3 otra vez mano a mano con Moyano y el arquero de Uni\u00f3n le gan\u00f3 el duelo. River tuvo un par de ocasiones m\u00e1s, mientras que la visita apenas inquiet\u00f3 a Franco Armani.<\/p>\n\n\n\n<p>Con este resultado, el Millonario suma 21 puntos, cuatro m\u00e1s que Rosario Central, que le gan\u00f3 3 a 1 a Gimnasia, y cinco m\u00e1s que San Lorenzo, que tiene que enfrentar a Independiente.<\/p>\n\n\n\n<figure class=\"wp-block-embed is-type-rich is-provider-gestor-del-servicio wp-block-embed-gestor-del-servicio wp-embed-aspect-16-9 wp-has-aspect-ratio\"><div class=\"wp-block-embed__wrapper\">\n<iframe title=\"\u00a1GOLAZO DE NACHO FERN\u00c1NDEZ Y VICTORIA DEL PUNTERO DEL CAMPEONATO! | River 1-0 Uni\u00f3n | RESUMEN\" width=\"640\" height=\"360\" data-src=\"https:\/\/www.youtube.com\/embed\/3Vq9aiQ7HdU?feature=oembed\" frameborder=\"0\" allow=\"accelerometer; autoplay; clipboard-write; encrypted-media; gyroscope; picture-in-picture; web-share\" referrerpolicy=\"strict-origin-when-cross-origin\" allowfullscreen src=\"data:image\/svg+xml;base64,PHN2ZyB3aWR0aD0iMSIgaGVpZ2h0PSIxIiB4bWxucz0iaHR0cDovL3d3dy53My5vcmcvMjAwMC9zdmciPjwvc3ZnPg==\" class=\"lazyload\" data-load-mode=\"1\"><\/iframe>\n<\/div><\/figure>\n","protected":false},"excerpt":{"rendered":"<p>El equipo de Mart\u00edn Demichelis jug\u00f3 un gran partido que no pudo reflejar en el marcador. Nacho Fern\u00e1ndez marc\u00f3 el \u00fanico gol. La visita termin\u00f3 el partido con diez jugadores.<\/p>\n","protected":false},"author":2,"featured_media":51375,"comment_status":"open","ping_status":"open","sticky":false,"template":"","format":"standard","meta":{"om_disable_all_campaigns":false,"_monsterinsights_skip_tracking":false,"_monsterinsights_sitenote_active":false,"_monsterinsights_sitenote_note":"","_monsterinsights_sitenote_category":0,"_uf_show_specific_survey":0,"_uf_disable_surveys":false,"jetpack_post_was_ever_published":false,"_jetpack_newsletter_access":"","_jetpack_dont_email_post_to_subs":false,"_jetpack_newsletter_tier_id":0,"_jetpack_memberships_contains_paywalled_content":false,"_jetpack_memberships_contains_paid_content":false,"footnotes":"","jetpack_publicize_message":"","jetpack_publicize_feature_enabled":true,"jetpack_social_post_already_shared":true,"jetpack_social_options":{"image_generator_settings":{"template":"highway","default_image_id":0,"font":"","enabled":false},"version":2}},"categories":[6,4],"tags":[],"class_list":["post-51369","post","type-post","status-publish","format-standard","has-post-thumbnail","hentry","category-deportes","category-destacadas"],"aioseo_notices":[],"views":14,"jetpack_publicize_connections":[],"jetpack_featured_media_url":"https:\/\/i0.wp.com\/elterritorialweb.com.ar\/web\/wp-content\/uploads\/2023\/04\/river.jpg?fit=679%2C453&ssl=1","jetpack_sharing_enabled":true,"_links":{"self":[{"href":"https:\/\/elterritorialweb.com.ar\/web\/wp-json\/wp\/v2\/posts\/51369","targetHints":{"allow":["GET"]}}],"collection":[{"href":"https:\/\/elterritorialweb.com.ar\/web\/wp-json\/wp\/v2\/posts"}],"about":[{"href":"https:\/\/elterritorialweb.com.ar\/web\/wp-json\/wp\/v2\/types\/post"}],"author":[{"embeddable":true,"href":"https:\/\/elterritorialweb.com.ar\/web\/wp-json\/wp\/v2\/users\/2"}],"replies":[{"embeddable":true,"href":"https:\/\/elterritorialweb.com.ar\/web\/wp-json\/wp\/v2\/comments?post=51369"}],"version-history":[{"count":1,"href":"https:\/\/elterritorialweb.com.ar\/web\/wp-json\/wp\/v2\/posts\/51369\/revisions"}],"predecessor-version":[{"id":51376,"href":"https:\/\/elterritorialweb.com.ar\/web\/wp-json\/wp\/v2\/posts\/51369\/revisions\/51376"}],"wp:featuredmedia":[{"embeddable":true,"href":"https:\/\/elterritorialweb.com.ar\/web\/wp-json\/wp\/v2\/media\/51375"}],"wp:attachment":[{"href":"https:\/\/elterritorialweb.com.ar\/web\/wp-json\/wp\/v2\/media?parent=51369"}],"wp:term":[{"taxonomy":"category","embeddable":true,"href":"https:\/\/elterritorialweb.com.ar\/web\/wp-json\/wp\/v2\/categories?post=51369"},{"taxonomy":"post_tag","embeddable":true,"href":"https:\/\/elterritorialweb.com.ar\/web\/wp-json\/wp\/v2\/tags?post=51369"}],"curies":[{"name":"wp","href":"https:\/\/api.w.org\/{rel}","templated":true}]}}