{"id":51377,"date":"2023-04-01T04:04:40","date_gmt":"2023-04-01T04:04:40","guid":{"rendered":"http:\/\/elterritorialweb.com.ar\/web\/?p=51377"},"modified":"2023-04-01T04:04:43","modified_gmt":"2023-04-01T04:04:43","slug":"el-fmi-aprobo-el-desembolso-de-us-5-400-millones-para-la-argentina","status":"publish","type":"post","link":"https:\/\/elterritorialweb.com.ar\/web\/el-fmi-aprobo-el-desembolso-de-us-5-400-millones-para-la-argentina\/","title":{"rendered":"EL FMI APROB\u00d3 EL DESEMBOLSO DE U$S 5.400 MILLONES PARA LA ARGENTINA"},"content":{"rendered":"\n<p>El directorio del Fondo Monetario Internacional (FMI) concluy\u00f3 la\u00a0<strong>cuarta revisi\u00f3n del acuerdo<\/strong>\u00a0ampliado en el marco del Servicio Ampliado del Fondo (SAF) para la Argentina, correspondiente a las metas fijadas para el cuarto trimestre de 2022.<\/p>\n\n\n\n<p>La decisi\u00f3n le da luz verde a un\u00a0<strong>desembolso inmediato u$s5.400 millones<\/strong>\u00a0(DEG 4.000 millones)], lo que sit\u00faa el total de desembolsos en el marco del acuerdo en alrededor de u$s28.900 millones.<\/p>\n\n\n\n<p>La transferencia ya se advirti\u00f3 en las reservas del Banco Central, que este viernes cerraron en&nbsp;<strong>u$s39.055 millones<\/strong>, unos u$s2.500 millones por arriba del cierre del jueves, una vez descontado el pago de u$s2.900 millones que Argentina deb\u00eda completar en marzo.<\/p>\n\n\n\n<p><strong>El impacto de la sequ\u00eda, el financiamiento interno y el nivel de reservas resultaron el foco de atenci\u00f3n en las \u00faltimas semanas en las discusiones que mantuvieron la Argentina con el FMI<\/strong>, puntos que est\u00e1n \u00edntimamente relacionados con el cumplimiento de las metas del programa vigente con el organismo.<\/p>\n\n\n\n<p>En ese sentido, la aprobaci\u00f3n del Directorio llega luego de que el 13 de marzo el equipo t\u00e9cnico del organismo y el Gobierno argentino acordaran una revisi\u00f3n que incluy\u00f3 una reducci\u00f3n en la meta de acumulaci\u00f3n de reservas internacionales para 2023 -a\u00fan no detallada- por el efecto de la sequ\u00eda sobre las exportaciones, y mantuvo sin cambios la meta de 1,9% del PBI de d\u00e9ficit fiscal para este a\u00f1o.<\/p>\n\n\n\n<p>Los eventuales cambios que se podr\u00edan dar en el programa a ra\u00edz en la sequ\u00eda tienen que ver con la flexiblizaci\u00f3n en el nivel e reservas, que implicar\u00eda un recorte de unos US$ 2.000 millones respecto a las previsiones contenidas en el acuerdo firmado en marzo de 2022.<\/p>\n\n\n\n<p>Adem\u00e1s, la aprobaci\u00f3n de la cuarta revisi\u00f3n del programa de facilidades extendidos al pa\u00eds se produce dos d\u00edas despu\u00e9s de&nbsp;<a href=\"https:\/\/www.c5n.com\/politica\/c5n-washington-los-detalles-la-reunion-bilateral-alberto-fernandez-y-joe-biden-n104812\" target=\"_blank\" rel=\"noreferrer noopener\">la reuni\u00f3n entre Alberto Fern\u00e1ndez y Joe Biden<\/a>&nbsp;en en el Sal\u00f3n Oval de la Casa Blanca, donde el mandatario argentino le pidi\u00f3 que Estados Unidos siga apoyando al pa\u00eds ante el FMI.<\/p>\n\n\n\n<p>A su vez, el ministro de Econom\u00eda, Sergio Massa, se reuni\u00f3 esta semana con la n\u00famero dos del FMI, Gita Gopinath, en Washington, quien calific\u00f3 el encuentro como una \u00abbuena reuni\u00f3n\u00bb.<\/p>\n","protected":false},"excerpt":{"rendered":"<p>Desde el Banco Central confirmaron el nuevo desembolso del organismo, que redund\u00f3 en una suba de las reservas de u$s2500 millones como efecto neto luego del pago de un vencimiento.<\/p>\n","protected":false},"author":2,"featured_media":51378,"comment_status":"open","ping_status":"open","sticky":false,"template":"","format":"standard","meta":{"om_disable_all_campaigns":false,"_monsterinsights_skip_tracking":false,"_monsterinsights_sitenote_active":false,"_monsterinsights_sitenote_note":"","_monsterinsights_sitenote_category":0,"_uf_show_specific_survey":0,"_uf_disable_surveys":false,"jetpack_post_was_ever_published":false,"_jetpack_newsletter_access":"","_jetpack_dont_email_post_to_subs":false,"_jetpack_newsletter_tier_id":0,"_jetpack_memberships_contains_paywalled_content":false,"_jetpack_memberships_contains_paid_content":false,"footnotes":"","jetpack_publicize_message":"","jetpack_publicize_feature_enabled":true,"jetpack_social_post_already_shared":true,"jetpack_social_options":{"image_generator_settings":{"template":"highway","default_image_id":0,"font":"","enabled":false},"version":2}},"categories":[4,2],"tags":[],"class_list":["post-51377","post","type-post","status-publish","format-standard","has-post-thumbnail","hentry","category-destacadas","category-economia"],"aioseo_notices":[],"views":16,"jetpack_publicize_connections":[],"jetpack_featured_media_url":"https:\/\/i0.wp.com\/elterritorialweb.com.ar\/web\/wp-content\/uploads\/2023\/04\/FMI-Y-MASSA.jpg?fit=1600%2C900&ssl=1","jetpack_sharing_enabled":true,"_links":{"self":[{"href":"https:\/\/elterritorialweb.com.ar\/web\/wp-json\/wp\/v2\/posts\/51377","targetHints":{"allow":["GET"]}}],"collection":[{"href":"https:\/\/elterritorialweb.com.ar\/web\/wp-json\/wp\/v2\/posts"}],"about":[{"href":"https:\/\/elterritorialweb.com.ar\/web\/wp-json\/wp\/v2\/types\/post"}],"author":[{"embeddable":true,"href":"https:\/\/elterritorialweb.com.ar\/web\/wp-json\/wp\/v2\/users\/2"}],"replies":[{"embeddable":true,"href":"https:\/\/elterritorialweb.com.ar\/web\/wp-json\/wp\/v2\/comments?post=51377"}],"version-history":[{"count":1,"href":"https:\/\/elterritorialweb.com.ar\/web\/wp-json\/wp\/v2\/posts\/51377\/revisions"}],"predecessor-version":[{"id":51379,"href":"https:\/\/elterritorialweb.com.ar\/web\/wp-json\/wp\/v2\/posts\/51377\/revisions\/51379"}],"wp:featuredmedia":[{"embeddable":true,"href":"https:\/\/elterritorialweb.com.ar\/web\/wp-json\/wp\/v2\/media\/51378"}],"wp:attachment":[{"href":"https:\/\/elterritorialweb.com.ar\/web\/wp-json\/wp\/v2\/media?parent=51377"}],"wp:term":[{"taxonomy":"category","embeddable":true,"href":"https:\/\/elterritorialweb.com.ar\/web\/wp-json\/wp\/v2\/categories?post=51377"},{"taxonomy":"post_tag","embeddable":true,"href":"https:\/\/elterritorialweb.com.ar\/web\/wp-json\/wp\/v2\/tags?post=51377"}],"curies":[{"name":"wp","href":"https:\/\/api.w.org\/{rel}","templated":true}]}}