{"id":51386,"date":"2023-04-01T19:53:07","date_gmt":"2023-04-01T19:53:07","guid":{"rendered":"http:\/\/elterritorialweb.com.ar\/web\/?p=51386"},"modified":"2023-04-01T19:53:11","modified_gmt":"2023-04-01T19:53:11","slug":"convocan-a-opcion-de-cargos-docentes-de-jardines-de-infantes-municipales","status":"publish","type":"post","link":"https:\/\/elterritorialweb.com.ar\/web\/convocan-a-opcion-de-cargos-docentes-de-jardines-de-infantes-municipales\/","title":{"rendered":"CONVOCAN A OPCI\u00d3N DE CARGOS DOCENTES DE JARDINES DE INFANTES MUNICIPALES"},"content":{"rendered":"\n<p>Se trata de maestra de secci\u00f3n suplente para el Jard\u00edn de Infantes N\u00ba 5 \u201cRita Latallada de Victoria\u201d (un cargo- Turno tarde); maestra de secci\u00f3n suplente Jard\u00edn de Infantes N\u00ba 18 \u201cIng. Bruno Alberto Volta\u201d (un cargo- Turno tarde); maestra de secci\u00f3n interina para el Jard\u00edn de Infantes N\u00ba 6 \u201cPulgarcito\u201d (un cargo-Turno tarde) y maestra de secci\u00f3n interina Jard\u00edn de Infantes N\u00ba 8 \u201cNtra. Sra. de la Medalla Milagrosa\u201d (un cargo-Turno ma\u00f1ana).<\/p>\n\n\n\n<p>El acto se llevar\u00e1 a cabo el d\u00eda 5 de Abril de 2023 a partir de las 17.30 horas, en la sede de la Casa Arga\u00f1araz Alcorta, sito en calle Libertad N\u00ba 179 de esta ciudad.<\/p>\n\n\n\n<p>Las docentes interesadas&nbsp; en el momento de la opci\u00f3n deber\u00e1n presentar declaraci\u00f3n jurada de cargos, formulario que tendr\u00e1n que ser retirado en Supervisi\u00f3n General, de C\u00f3rdoba&nbsp; N\u00ba 254 de la Capital.<\/p>\n","protected":false},"excerpt":{"rendered":"<p>La  Capital, a trav\u00e9s de la  Subsecretaria de Educaci\u00f3n, convoc\u00f3 a cubrir cargos  de acuerdo a los Listados de Orden de M\u00e9rito vigente ordinario.<\/p>\n","protected":false},"author":2,"featured_media":51387,"comment_status":"open","ping_status":"open","sticky":false,"template":"","format":"standard","meta":{"om_disable_all_campaigns":false,"_monsterinsights_skip_tracking":false,"_monsterinsights_sitenote_active":false,"_monsterinsights_sitenote_note":"","_monsterinsights_sitenote_category":0,"_uf_show_specific_survey":0,"_uf_disable_surveys":false,"jetpack_post_was_ever_published":false,"_jetpack_newsletter_access":"","_jetpack_dont_email_post_to_subs":false,"_jetpack_newsletter_tier_id":0,"_jetpack_memberships_contains_paywalled_content":false,"_jetpack_memberships_contains_paid_content":false,"footnotes":"","jetpack_publicize_message":"","jetpack_publicize_feature_enabled":true,"jetpack_social_post_already_shared":true,"jetpack_social_options":{"image_generator_settings":{"template":"highway","default_image_id":0,"font":"","enabled":false},"version":2}},"categories":[19],"tags":[],"class_list":["post-51386","post","type-post","status-publish","format-standard","has-post-thumbnail","hentry","category-educacion"],"aioseo_notices":[],"views":8,"jetpack_publicize_connections":[],"jetpack_featured_media_url":"https:\/\/i0.wp.com\/elterritorialweb.com.ar\/web\/wp-content\/uploads\/2023\/04\/WhatsApp-Image-2023-03-31-at-12.19.22-1.jpeg?fit=1600%2C1200&ssl=1","jetpack_sharing_enabled":true,"_links":{"self":[{"href":"https:\/\/elterritorialweb.com.ar\/web\/wp-json\/wp\/v2\/posts\/51386","targetHints":{"allow":["GET"]}}],"collection":[{"href":"https:\/\/elterritorialweb.com.ar\/web\/wp-json\/wp\/v2\/posts"}],"about":[{"href":"https:\/\/elterritorialweb.com.ar\/web\/wp-json\/wp\/v2\/types\/post"}],"author":[{"embeddable":true,"href":"https:\/\/elterritorialweb.com.ar\/web\/wp-json\/wp\/v2\/users\/2"}],"replies":[{"embeddable":true,"href":"https:\/\/elterritorialweb.com.ar\/web\/wp-json\/wp\/v2\/comments?post=51386"}],"version-history":[{"count":1,"href":"https:\/\/elterritorialweb.com.ar\/web\/wp-json\/wp\/v2\/posts\/51386\/revisions"}],"predecessor-version":[{"id":51388,"href":"https:\/\/elterritorialweb.com.ar\/web\/wp-json\/wp\/v2\/posts\/51386\/revisions\/51388"}],"wp:featuredmedia":[{"embeddable":true,"href":"https:\/\/elterritorialweb.com.ar\/web\/wp-json\/wp\/v2\/media\/51387"}],"wp:attachment":[{"href":"https:\/\/elterritorialweb.com.ar\/web\/wp-json\/wp\/v2\/media?parent=51386"}],"wp:term":[{"taxonomy":"category","embeddable":true,"href":"https:\/\/elterritorialweb.com.ar\/web\/wp-json\/wp\/v2\/categories?post=51386"},{"taxonomy":"post_tag","embeddable":true,"href":"https:\/\/elterritorialweb.com.ar\/web\/wp-json\/wp\/v2\/tags?post=51386"}],"curies":[{"name":"wp","href":"https:\/\/api.w.org\/{rel}","templated":true}]}}