{"id":51389,"date":"2023-04-01T20:31:20","date_gmt":"2023-04-01T20:31:20","guid":{"rendered":"http:\/\/elterritorialweb.com.ar\/web\/?p=51389"},"modified":"2023-04-01T20:31:23","modified_gmt":"2023-04-01T20:31:23","slug":"brad-binder-sorprendio-con-un-triunfo-en-el-sprint-del-motogp-en-termas","status":"publish","type":"post","link":"https:\/\/elterritorialweb.com.ar\/web\/brad-binder-sorprendio-con-un-triunfo-en-el-sprint-del-motogp-en-termas\/","title":{"rendered":"BRAD BINDER SORPRENDI\u00d3 CON UN TRIUNFO EN EL SPRINT DEL MOTOGP EN TERMAS"},"content":{"rendered":"\n<p>El sudafricano&nbsp;<strong>Brad Binder<\/strong>, piloto del equipo Red Bull KTM, remont\u00f3 13 posiciones y se impuso en la Sprint Race del&nbsp;<strong>Gran Premio Rep\u00fablica Argentina<\/strong>&nbsp;de motociclismo, que se disputar\u00e1 en el circuito internacional de&nbsp;<strong>Termas de R\u00edo Hondo en Santiago del Estero<\/strong>.<\/p>\n\n\n\n<p>Binder se repuso de una discreta clasificaci\u00f3n en el inicio de la jornada y gan\u00f3 la carrera corta de 12 que le permiti\u00f3 sumar esa misma cantidad de puntos para el Campeonato Mundial 2023.<\/p>\n\n\n\n<p>En<strong>\u00a0la salida, \u00c1lex M\u00e1rquez manten\u00eda la posici\u00f3n de privilegio<\/strong>\u00a0de la pole. Morbidelli sorprend\u00eda poni\u00e9ndose segundo. Marini pasaba a Bezzecchi.\u00a0<strong>Binder pasaba del 15\u00ba al cuarto<\/strong>. <\/p>\n\n\n\n<p>El sudafricano tuvo una salida impecable, se coloc\u00f3 como escolta y en el segundo giro desplaz\u00f3 al espa\u00f1ol&nbsp;<strong>Alex M\u00e1rquez<\/strong>&nbsp;(Ducati), quien m\u00e1s temprano fue due\u00f1o de la pole position para la competencia principal del domingo.<\/p>\n\n\n\n<figure class=\"wp-block-image size-full\"><a href=\"https:\/\/i0.wp.com\/elterritorialweb.com.ar\/web\/wp-content\/uploads\/2023\/04\/MOTOGP.jpg\"><img data-recalc-dims=\"1\" decoding=\"async\" width=\"640\" height=\"640\" data-src=\"https:\/\/i0.wp.com\/elterritorialweb.com.ar\/web\/wp-content\/uploads\/2023\/04\/MOTOGP.jpg?resize=640%2C640\" alt=\"\" class=\"wp-image-51392 lazyload\" data-srcset=\"https:\/\/i0.wp.com\/elterritorialweb.com.ar\/web\/wp-content\/uploads\/2023\/04\/MOTOGP.jpg?w=680&amp;ssl=1 680w, https:\/\/i0.wp.com\/elterritorialweb.com.ar\/web\/wp-content\/uploads\/2023\/04\/MOTOGP.jpg?resize=300%2C300&amp;ssl=1 300w, https:\/\/i0.wp.com\/elterritorialweb.com.ar\/web\/wp-content\/uploads\/2023\/04\/MOTOGP.jpg?resize=150%2C150&amp;ssl=1 150w\" data-sizes=\"(max-width: 640px) 100vw, 640px\" src=\"data:image\/svg+xml;base64,PHN2ZyB3aWR0aD0iMSIgaGVpZ2h0PSIxIiB4bWxucz0iaHR0cDovL3d3dy53My5vcmcvMjAwMC9zdmciPjwvc3ZnPg==\" style=\"--smush-placeholder-width: 640px; --smush-placeholder-aspect-ratio: 640\/640;\" \/><\/a><\/figure>\n\n\n\n<p>El podio de la Sprint se complet\u00f3 con los italianos&nbsp;<strong>Marco Bezzecchi<\/strong>&nbsp;y&nbsp;<strong>Luca Marini<\/strong>, ambos con Ducati, ocupantes del segundo y tercer lugar respectivamente.<\/p>\n\n\n\n<p>Faltando diez vueltas,&nbsp;<strong>Binder rebasaba a Morbidelli<\/strong>. Hubo una gran pelea entre ambos, yendo en paralelo en varias curvas, pero el sudafricano pudo consolidar la posici\u00f3n.<\/p>\n\n\n\n<p>Binder entr\u00f3 en el giro final con cuatro d\u00e9cimas sobre Bezzecchi, pero el italiano se le ech\u00f3 encima. Pero Brad tap\u00f3 los huecos y gan\u00f3.&nbsp;<strong>\u00c1lex pudo pasar a Bagnaia<\/strong>&nbsp;al final para ser quinto.<\/p>\n\n\n\n<p>El tambi\u00e9n italiano&nbsp;<strong>Franco Morbidelli<\/strong>&nbsp;(Yamaha) se ubic\u00f3 cuarto por delante de&nbsp;<strong>Alex M\u00e1rquez<\/strong>, hermano menor de Marc, el s\u00e9xtuple campe\u00f3n de MotoGP y tres veces ganador del GP en Termas (2014, 2016 y 2019) que no participa por una lesi\u00f3n.<\/p>\n\n\n\n<p>El sexto lugar qued\u00f3 para el vigente campe\u00f3n de la categor\u00eda, el turin\u00e9s&nbsp;<strong>Francesco Bagnaia<\/strong>&nbsp;(Ducati).<\/p>\n\n\n\n<p>Las otras plazas con puntuaci\u00f3n las tomaron los espa\u00f1oles&nbsp;<strong>Maverick Vi\u00f1ales<\/strong>&nbsp;(Aprilia), vencedor 2017 en Termas,&nbsp;<strong>Jorge Martin<\/strong>&nbsp;(Ducati) y el franc\u00e9s&nbsp;<strong>Fabio Quartararo<\/strong>&nbsp;(Yahama), campe\u00f3n 2021 en MotoGP.<\/p>\n\n\n\n<p>El GP de Argentina se correr\u00e1 el domingo desde las 14:00 a 25 vueltas sobre un trazado de 4,81 kil\u00f3metros.<\/p>\n\n\n\n<figure class=\"wp-block-image size-full\"><a href=\"https:\/\/i0.wp.com\/elterritorialweb.com.ar\/web\/wp-content\/uploads\/2023\/04\/image.png\"><img data-recalc-dims=\"1\" decoding=\"async\" width=\"640\" height=\"616\" data-src=\"https:\/\/i0.wp.com\/elterritorialweb.com.ar\/web\/wp-content\/uploads\/2023\/04\/image.png?resize=640%2C616\" alt=\"\" class=\"wp-image-51390 lazyload\" data-srcset=\"https:\/\/i0.wp.com\/elterritorialweb.com.ar\/web\/wp-content\/uploads\/2023\/04\/image.png?w=990&amp;ssl=1 990w, https:\/\/i0.wp.com\/elterritorialweb.com.ar\/web\/wp-content\/uploads\/2023\/04\/image.png?resize=300%2C289&amp;ssl=1 300w, https:\/\/i0.wp.com\/elterritorialweb.com.ar\/web\/wp-content\/uploads\/2023\/04\/image.png?resize=768%2C739&amp;ssl=1 768w\" data-sizes=\"(max-width: 640px) 100vw, 640px\" src=\"data:image\/svg+xml;base64,PHN2ZyB3aWR0aD0iMSIgaGVpZ2h0PSIxIiB4bWxucz0iaHR0cDovL3d3dy53My5vcmcvMjAwMC9zdmciPjwvc3ZnPg==\" style=\"--smush-placeholder-width: 640px; --smush-placeholder-aspect-ratio: 640\/616;\" \/><\/a><\/figure>\n","protected":false},"excerpt":{"rendered":"<p>El piloto sudafricano de KTM larg\u00f3 15\u00ba y en pocas vueltas se adue\u00f1\u00f3 de la punta y sum\u00f3 un triunfazo en la previa del Gran Premio de la Rep\u00fablica Argentina.<\/p>\n","protected":false},"author":2,"featured_media":51391,"comment_status":"open","ping_status":"open","sticky":false,"template":"","format":"standard","meta":{"om_disable_all_campaigns":false,"_monsterinsights_skip_tracking":false,"_monsterinsights_sitenote_active":false,"_monsterinsights_sitenote_note":"","_monsterinsights_sitenote_category":0,"_uf_show_specific_survey":0,"_uf_disable_surveys":false,"jetpack_post_was_ever_published":false,"_jetpack_newsletter_access":"","_jetpack_dont_email_post_to_subs":false,"_jetpack_newsletter_tier_id":0,"_jetpack_memberships_contains_paywalled_content":false,"_jetpack_memberships_contains_paid_content":false,"footnotes":"","jetpack_publicize_message":"","jetpack_publicize_feature_enabled":true,"jetpack_social_post_already_shared":true,"jetpack_social_options":{"image_generator_settings":{"template":"highway","default_image_id":0,"font":"","enabled":false},"version":2}},"categories":[6,4],"tags":[],"class_list":["post-51389","post","type-post","status-publish","format-standard","has-post-thumbnail","hentry","category-deportes","category-destacadas"],"aioseo_notices":[],"views":14,"jetpack_publicize_connections":[],"jetpack_featured_media_url":"https:\/\/i0.wp.com\/elterritorialweb.com.ar\/web\/wp-content\/uploads\/2023\/04\/MOTOGP-1-e1680381009203.jpg?fit=1000%2C507&ssl=1","jetpack_sharing_enabled":true,"_links":{"self":[{"href":"https:\/\/elterritorialweb.com.ar\/web\/wp-json\/wp\/v2\/posts\/51389","targetHints":{"allow":["GET"]}}],"collection":[{"href":"https:\/\/elterritorialweb.com.ar\/web\/wp-json\/wp\/v2\/posts"}],"about":[{"href":"https:\/\/elterritorialweb.com.ar\/web\/wp-json\/wp\/v2\/types\/post"}],"author":[{"embeddable":true,"href":"https:\/\/elterritorialweb.com.ar\/web\/wp-json\/wp\/v2\/users\/2"}],"replies":[{"embeddable":true,"href":"https:\/\/elterritorialweb.com.ar\/web\/wp-json\/wp\/v2\/comments?post=51389"}],"version-history":[{"count":1,"href":"https:\/\/elterritorialweb.com.ar\/web\/wp-json\/wp\/v2\/posts\/51389\/revisions"}],"predecessor-version":[{"id":51393,"href":"https:\/\/elterritorialweb.com.ar\/web\/wp-json\/wp\/v2\/posts\/51389\/revisions\/51393"}],"wp:featuredmedia":[{"embeddable":true,"href":"https:\/\/elterritorialweb.com.ar\/web\/wp-json\/wp\/v2\/media\/51391"}],"wp:attachment":[{"href":"https:\/\/elterritorialweb.com.ar\/web\/wp-json\/wp\/v2\/media?parent=51389"}],"wp:term":[{"taxonomy":"category","embeddable":true,"href":"https:\/\/elterritorialweb.com.ar\/web\/wp-json\/wp\/v2\/categories?post=51389"},{"taxonomy":"post_tag","embeddable":true,"href":"https:\/\/elterritorialweb.com.ar\/web\/wp-json\/wp\/v2\/tags?post=51389"}],"curies":[{"name":"wp","href":"https:\/\/api.w.org\/{rel}","templated":true}]}}