{"id":51395,"date":"2023-04-01T21:29:07","date_gmt":"2023-04-01T21:29:07","guid":{"rendered":"http:\/\/elterritorialweb.com.ar\/web\/?p=51395"},"modified":"2023-04-01T22:42:20","modified_gmt":"2023-04-01T22:42:20","slug":"reiniciaron-cursado-del-posgrado-en-derecho-constitucional-en-el-poder-judicial","status":"publish","type":"post","link":"https:\/\/elterritorialweb.com.ar\/web\/reiniciaron-cursado-del-posgrado-en-derecho-constitucional-en-el-poder-judicial\/","title":{"rendered":"REINICIARON CURSADO DEL POSGRADO EN DERECHO CONSTITUCIONAL EN EL PODER JUDICIAL"},"content":{"rendered":"\n<p>El director de la propuesta acad\u00e9mica, Dr. Patricio Maraniello, fue el responsable del dictado de las clases con las que se reanud\u00f3 el tercer y \u00faltimo m\u00f3dulo del posgrado de Derecho Constitucional para la Integraci\u00f3n Judicial.<\/p>\n\n\n\n<p>En la doble jornada, que comenz\u00f3 ayer y se extendi\u00f3 en la ma\u00f1ana de hoy, el director acad\u00e9mico se refiri\u00f3 al control de constitucionalidad y sus diferentes variables. Adem\u00e1s, abord\u00f3 la incorporaci\u00f3n de los tratados internacionales y c\u00f3mo han influido en el Derecho argentino y en el provincial.<\/p>\n\n\n\n<p>A su disertaci\u00f3n la denomin\u00f3 \u201cLas sentencias y el sistema democr\u00e1tico. Los novedosos formatos de las declaraciones de inconstitucionalidad. Inconstitucionalidad por omisi\u00f3n, de oficio y conexos. Nulidades constitucionales\u201d.<\/p>\n\n\n\n<figure class=\"wp-block-image size-full\"><a href=\"https:\/\/i0.wp.com\/elterritorialweb.com.ar\/web\/wp-content\/uploads\/2023\/04\/POSGR2.jpg\"><img data-recalc-dims=\"1\" decoding=\"async\" width=\"640\" height=\"462\" data-src=\"https:\/\/i0.wp.com\/elterritorialweb.com.ar\/web\/wp-content\/uploads\/2023\/04\/POSGR2.jpg?resize=640%2C462\" alt=\"\" class=\"wp-image-51397 lazyload\" data-srcset=\"https:\/\/i0.wp.com\/elterritorialweb.com.ar\/web\/wp-content\/uploads\/2023\/04\/POSGR2.jpg?w=1024&amp;ssl=1 1024w, https:\/\/i0.wp.com\/elterritorialweb.com.ar\/web\/wp-content\/uploads\/2023\/04\/POSGR2.jpg?resize=300%2C217&amp;ssl=1 300w, https:\/\/i0.wp.com\/elterritorialweb.com.ar\/web\/wp-content\/uploads\/2023\/04\/POSGR2.jpg?resize=768%2C554&amp;ssl=1 768w\" data-sizes=\"(max-width: 640px) 100vw, 640px\" src=\"data:image\/svg+xml;base64,PHN2ZyB3aWR0aD0iMSIgaGVpZ2h0PSIxIiB4bWxucz0iaHR0cDovL3d3dy53My5vcmcvMjAwMC9zdmciPjwvc3ZnPg==\" style=\"--smush-placeholder-width: 640px; --smush-placeholder-aspect-ratio: 640\/462;\" \/><\/a><\/figure>\n\n\n\n<p>En tanto, quien tambi\u00e9n es magistrado coment\u00f3: \u201cEstamos realizando un trabajo exhaustivo de investigaci\u00f3n con todos los cursantes, en lo que hace a la tarea del comentario de la Constituci\u00f3n de Santiago del Estero, de cada uno de los art\u00edculos. Queremos que el posgrado sirva, tambi\u00e9n, para constituir herramientas para la toma de decisiones en situaciones complejas\u201d.<\/p>\n\n\n\n<p>A continuaci\u00f3n, se explay\u00f3 diciendo que \u201cel objetivo es tener un libro armado cuando termine el posgrado. La idea es dejar un legado, por la importancia que reviste una Constituci\u00f3n para una provincia; qu\u00e9 mejor que trabajar sobre las bondades, los defectos y las cuestiones que necesitamos mejorar de ella\u201d.<\/p>\n\n\n\n<p>En los \u00faltimos meses del a\u00f1o pasado, se cursaron los dos primeros m\u00f3dulos de la iniciativa acad\u00e9mica dirigida a operadores judiciales del medio, que es organizada conjuntamente por el Poder Judicial de Santiago del Estero y la Universidad de Buenos Aires, con la&nbsp;coordinaci\u00f3n del Centro \u00danico de Capacitaci\u00f3n \u201cDr. Jos\u00e9 Gorostiaga\u201d.<\/p>\n","protected":false},"excerpt":{"rendered":"<p>Los alumnos realizar\u00e1n un trabajo de investigaci\u00f3n colectivo sobre el articulado de la Constituci\u00f3n de la Provincia.<\/p>\n","protected":false},"author":2,"featured_media":51396,"comment_status":"open","ping_status":"open","sticky":false,"template":"","format":"standard","meta":{"om_disable_all_campaigns":false,"_monsterinsights_skip_tracking":false,"_monsterinsights_sitenote_active":false,"_monsterinsights_sitenote_note":"","_monsterinsights_sitenote_category":0,"_uf_show_specific_survey":0,"_uf_disable_surveys":false,"jetpack_post_was_ever_published":false,"_jetpack_newsletter_access":"","_jetpack_dont_email_post_to_subs":false,"_jetpack_newsletter_tier_id":0,"_jetpack_memberships_contains_paywalled_content":false,"_jetpack_memberships_contains_paid_content":false,"footnotes":"","jetpack_publicize_message":"","jetpack_publicize_feature_enabled":true,"jetpack_social_post_already_shared":true,"jetpack_social_options":{"image_generator_settings":{"template":"highway","default_image_id":0,"font":"","enabled":false},"version":2}},"categories":[1],"tags":[],"class_list":["post-51395","post","type-post","status-publish","format-standard","has-post-thumbnail","hentry","category-sin-categoria"],"aioseo_notices":[],"views":11,"jetpack_publicize_connections":[],"jetpack_featured_media_url":"https:\/\/i0.wp.com\/elterritorialweb.com.ar\/web\/wp-content\/uploads\/2023\/04\/POSGR1.jpg?fit=1024%2C683&ssl=1","jetpack_sharing_enabled":true,"_links":{"self":[{"href":"https:\/\/elterritorialweb.com.ar\/web\/wp-json\/wp\/v2\/posts\/51395","targetHints":{"allow":["GET"]}}],"collection":[{"href":"https:\/\/elterritorialweb.com.ar\/web\/wp-json\/wp\/v2\/posts"}],"about":[{"href":"https:\/\/elterritorialweb.com.ar\/web\/wp-json\/wp\/v2\/types\/post"}],"author":[{"embeddable":true,"href":"https:\/\/elterritorialweb.com.ar\/web\/wp-json\/wp\/v2\/users\/2"}],"replies":[{"embeddable":true,"href":"https:\/\/elterritorialweb.com.ar\/web\/wp-json\/wp\/v2\/comments?post=51395"}],"version-history":[{"count":1,"href":"https:\/\/elterritorialweb.com.ar\/web\/wp-json\/wp\/v2\/posts\/51395\/revisions"}],"predecessor-version":[{"id":51398,"href":"https:\/\/elterritorialweb.com.ar\/web\/wp-json\/wp\/v2\/posts\/51395\/revisions\/51398"}],"wp:featuredmedia":[{"embeddable":true,"href":"https:\/\/elterritorialweb.com.ar\/web\/wp-json\/wp\/v2\/media\/51396"}],"wp:attachment":[{"href":"https:\/\/elterritorialweb.com.ar\/web\/wp-json\/wp\/v2\/media?parent=51395"}],"wp:term":[{"taxonomy":"category","embeddable":true,"href":"https:\/\/elterritorialweb.com.ar\/web\/wp-json\/wp\/v2\/categories?post=51395"},{"taxonomy":"post_tag","embeddable":true,"href":"https:\/\/elterritorialweb.com.ar\/web\/wp-json\/wp\/v2\/tags?post=51395"}],"curies":[{"name":"wp","href":"https:\/\/api.w.org\/{rel}","templated":true}]}}