{"id":51536,"date":"2023-04-04T18:30:36","date_gmt":"2023-04-04T18:30:36","guid":{"rendered":"http:\/\/elterritorialweb.com.ar\/web\/?p=51536"},"modified":"2023-04-04T18:30:40","modified_gmt":"2023-04-04T18:30:40","slug":"wtm-latinoamerica-argentina-decidida-a-consolidar-a-brasil-como-principal-socio-comercial","status":"publish","type":"post","link":"https:\/\/elterritorialweb.com.ar\/web\/wtm-latinoamerica-argentina-decidida-a-consolidar-a-brasil-como-principal-socio-comercial\/","title":{"rendered":"WTM LATINOAM\u00c9RICA: ARGENTINA DECIDIDA A CONSOLIDAR A BRASIL COMO PRINCIPAL SOCIO COMERCIAL"},"content":{"rendered":"\n<p>Desde el 3 al 5 de abril se desarrolla una nueva&nbsp;<strong>WTM Latinoam\u00e9rica en la ciudad de San Pablo, Brasil<\/strong>&nbsp;y Argentina participa para continuar su promoci\u00f3n y recuperaci\u00f3n del turismo receptivo proveniente de dicho pa\u00eds.&nbsp;<strong>La delegaci\u00f3n argentina est\u00e1 encabezada por el Secretario Ejecutivo del Instituto Nacional de Promoci\u00f3n Tur\u00edstica, Ricardo Sosa,&nbsp;el Secretario de Relaciones Institucionales de la C\u00e1mara Argentina de Turismo, Horacio Reppucci y el C\u00f3nsul General argentino en San Pablo, Luis Mar\u00eda Kreckler.<\/strong><\/p>\n\n\n\n<p>La delegaci\u00f3n cuenta con&nbsp;<strong>14 destinos argentinos y 32 empresas privadas&nbsp;<\/strong>convocadas por la CAT en b\u00fasqueda de negocios y reuniones con empresarios de turismo brasileros. Adem\u00e1s, participan asociaciones como la Federaci\u00f3n Argentina de&nbsp;<strong>Asociaciones de Empresas de Viajes y Turismo (FAEVYT) y la C\u00e1mara Argentina de Esqu\u00ed de Monta\u00f1a<\/strong>. En el stand tambi\u00e9n tienen su espacio&nbsp;<strong>Aerol\u00edneas Argentinas y Gol Linhas Aereas<\/strong>&nbsp;quienes muestran la conectividad desde Brasil hacia el pa\u00eds y las novedades en cuanto a nuevas rutas y promociones para los turistas.<\/p>\n\n\n\n<p><strong>Ricardo Sosa,<\/strong>\u00a0expres\u00f3: \u201c<em>Durante los primeros tres meses con el INPROTUR ya realizamos\u00a0<strong>m\u00e1s de 10 acciones presenciales<\/strong>, acuerdos cooperadas, capacitaciones a m\u00e1s de 400 agentes de viajes de Brasil, Fam tours. Estuvimos en las ferias Ugart, en el Foro Panrotas, en LACTE, en la Feria Trade Show. Tambi\u00e9n tenemos el acuerdo con el PGA Tour Latinoamericano y participamos en la fecha en San Palo. Y tenemos muchas acciones m\u00e1s en abril y mayo, en Brasilia, Goiana, Campo Grande, Rio de Janeiro Belo Horizonte, Fortaleza, Recife y Natal. En solo un semestre cubriremos todo Brasil.\u00a0<strong>Es la muestra de la decisi\u00f3n de consolidar a Brasil como el primer socio comercial, recuperar la cantidad de turistas que ten\u00edamos en la prepandemia y llegar a diciembre con un crecimiento<\/strong><\/em><strong>\u201d<\/strong>.<\/p>\n\n\n\n<figure class=\"wp-block-image size-large\"><a href=\"https:\/\/i0.wp.com\/elterritorialweb.com.ar\/web\/wp-content\/uploads\/2023\/04\/unnamed-3-scaled.jpg\"><img data-recalc-dims=\"1\" decoding=\"async\" width=\"640\" height=\"427\" data-src=\"https:\/\/i0.wp.com\/elterritorialweb.com.ar\/web\/wp-content\/uploads\/2023\/04\/unnamed-3.jpg?resize=640%2C427\" alt=\"\" class=\"wp-image-51538 lazyload\" data-srcset=\"https:\/\/i0.wp.com\/elterritorialweb.com.ar\/web\/wp-content\/uploads\/2023\/04\/unnamed-3-scaled.jpg?resize=1024%2C683&amp;ssl=1 1024w, https:\/\/i0.wp.com\/elterritorialweb.com.ar\/web\/wp-content\/uploads\/2023\/04\/unnamed-3-scaled.jpg?resize=300%2C200&amp;ssl=1 300w, https:\/\/i0.wp.com\/elterritorialweb.com.ar\/web\/wp-content\/uploads\/2023\/04\/unnamed-3-scaled.jpg?resize=768%2C512&amp;ssl=1 768w, https:\/\/i0.wp.com\/elterritorialweb.com.ar\/web\/wp-content\/uploads\/2023\/04\/unnamed-3-scaled.jpg?resize=1536%2C1024&amp;ssl=1 1536w, https:\/\/i0.wp.com\/elterritorialweb.com.ar\/web\/wp-content\/uploads\/2023\/04\/unnamed-3-scaled.jpg?resize=2048%2C1365&amp;ssl=1 2048w, https:\/\/i0.wp.com\/elterritorialweb.com.ar\/web\/wp-content\/uploads\/2023\/04\/unnamed-3-scaled.jpg?w=1280 1280w, https:\/\/i0.wp.com\/elterritorialweb.com.ar\/web\/wp-content\/uploads\/2023\/04\/unnamed-3-scaled.jpg?w=1920 1920w\" data-sizes=\"(max-width: 640px) 100vw, 640px\" src=\"data:image\/svg+xml;base64,PHN2ZyB3aWR0aD0iMSIgaGVpZ2h0PSIxIiB4bWxucz0iaHR0cDovL3d3dy53My5vcmcvMjAwMC9zdmciPjwvc3ZnPg==\" style=\"--smush-placeholder-width: 640px; --smush-placeholder-aspect-ratio: 640\/427;\" \/><\/a><\/figure>\n\n\n\n<p>El&nbsp;<strong>Secretario Ejecutivo del INPROTUR<\/strong>&nbsp;continu\u00f3: \u201c<em>Brasil es el principal emisor de turistas a nuestro pa\u00eds.&nbsp;<strong>En los tres primeros meses ya tenemos ingresados 265 mil brasile\u00f1os, que representan m\u00e1s del 50% de todos los que ingresaron en todo 2022<\/strong>. Si comparamos febrero de este a\u00f1o comparado el mismo mes de la prepandemia, tenemos una recuperaci\u00f3n de casi el 80% del turismo proveniente de Brasil<\/em>\u201d.<\/p>\n\n\n\n<p>\u201c<em>En la feria participa Aerol\u00edneas Argentinas que ha creado nuevas frecuencias, adem\u00e1s de recuperar las que ten\u00eda en la prepandemia y Gol que tambi\u00e9n increment\u00f3 sus rutas<\/em>\u201d, complet\u00f3\u00a0<strong>Sosa.<\/strong><\/p>\n\n\n\n<figure class=\"wp-block-image size-large\"><a href=\"https:\/\/i0.wp.com\/elterritorialweb.com.ar\/web\/wp-content\/uploads\/2023\/04\/unnamed-4-scaled.jpg\"><img data-recalc-dims=\"1\" decoding=\"async\" width=\"640\" height=\"427\" data-src=\"https:\/\/i0.wp.com\/elterritorialweb.com.ar\/web\/wp-content\/uploads\/2023\/04\/unnamed-4.jpg?resize=640%2C427\" alt=\"\" class=\"wp-image-51539 lazyload\" data-srcset=\"https:\/\/i0.wp.com\/elterritorialweb.com.ar\/web\/wp-content\/uploads\/2023\/04\/unnamed-4-scaled.jpg?resize=1024%2C683&amp;ssl=1 1024w, https:\/\/i0.wp.com\/elterritorialweb.com.ar\/web\/wp-content\/uploads\/2023\/04\/unnamed-4-scaled.jpg?resize=300%2C200&amp;ssl=1 300w, https:\/\/i0.wp.com\/elterritorialweb.com.ar\/web\/wp-content\/uploads\/2023\/04\/unnamed-4-scaled.jpg?resize=768%2C512&amp;ssl=1 768w, https:\/\/i0.wp.com\/elterritorialweb.com.ar\/web\/wp-content\/uploads\/2023\/04\/unnamed-4-scaled.jpg?resize=1536%2C1024&amp;ssl=1 1536w, https:\/\/i0.wp.com\/elterritorialweb.com.ar\/web\/wp-content\/uploads\/2023\/04\/unnamed-4-scaled.jpg?resize=2048%2C1365&amp;ssl=1 2048w, https:\/\/i0.wp.com\/elterritorialweb.com.ar\/web\/wp-content\/uploads\/2023\/04\/unnamed-4-scaled.jpg?w=1280 1280w, https:\/\/i0.wp.com\/elterritorialweb.com.ar\/web\/wp-content\/uploads\/2023\/04\/unnamed-4-scaled.jpg?w=1920 1920w\" data-sizes=\"(max-width: 640px) 100vw, 640px\" src=\"data:image\/svg+xml;base64,PHN2ZyB3aWR0aD0iMSIgaGVpZ2h0PSIxIiB4bWxucz0iaHR0cDovL3d3dy53My5vcmcvMjAwMC9zdmciPjwvc3ZnPg==\" style=\"--smush-placeholder-width: 640px; --smush-placeholder-aspect-ratio: 640\/427;\" \/><\/a><\/figure>\n\n\n\n<p>Durante el primer d\u00eda las autoridades se reunieron con empresas como\u00a0<strong>Decolar, Clia, CVC, ABAV<\/strong>\u00a0entre otras y se recibi\u00f3 a la prensa internacional para comentar las novedades del sector tur\u00edstico de Argentina. Adem\u00e1s, El Calafate y San Mart\u00edn de los Andes hicieron las primeras presentaciones para agentes de viaje en el stand de Argentina.<\/p>\n","protected":false},"excerpt":{"rendered":"<p>As\u00ed lo expres\u00f3 el Secretario Ejecutivo del INPROTUR, Ricardo Sosa en la feria de turismo m\u00e1s importante del mercado brasilero que inici\u00f3 el lunes en San Pablo.<\/p>\n","protected":false},"author":2,"featured_media":51537,"comment_status":"open","ping_status":"open","sticky":false,"template":"","format":"standard","meta":{"om_disable_all_campaigns":false,"_monsterinsights_skip_tracking":false,"_monsterinsights_sitenote_active":false,"_monsterinsights_sitenote_note":"","_monsterinsights_sitenote_category":0,"_uf_show_specific_survey":0,"_uf_disable_surveys":false,"jetpack_post_was_ever_published":false,"_jetpack_newsletter_access":"","_jetpack_dont_email_post_to_subs":false,"_jetpack_newsletter_tier_id":0,"_jetpack_memberships_contains_paywalled_content":false,"_jetpack_memberships_contains_paid_content":false,"footnotes":"","jetpack_publicize_message":"","jetpack_publicize_feature_enabled":true,"jetpack_social_post_already_shared":true,"jetpack_social_options":{"image_generator_settings":{"template":"highway","default_image_id":0,"font":"","enabled":false},"version":2}},"categories":[29],"tags":[],"class_list":["post-51536","post","type-post","status-publish","format-standard","has-post-thumbnail","hentry","category-turismo"],"aioseo_notices":[],"views":10,"jetpack_publicize_connections":[],"jetpack_featured_media_url":"https:\/\/i0.wp.com\/elterritorialweb.com.ar\/web\/wp-content\/uploads\/2023\/04\/unnamed-2-scaled.jpg?fit=2560%2C1707&ssl=1","jetpack_sharing_enabled":true,"_links":{"self":[{"href":"https:\/\/elterritorialweb.com.ar\/web\/wp-json\/wp\/v2\/posts\/51536","targetHints":{"allow":["GET"]}}],"collection":[{"href":"https:\/\/elterritorialweb.com.ar\/web\/wp-json\/wp\/v2\/posts"}],"about":[{"href":"https:\/\/elterritorialweb.com.ar\/web\/wp-json\/wp\/v2\/types\/post"}],"author":[{"embeddable":true,"href":"https:\/\/elterritorialweb.com.ar\/web\/wp-json\/wp\/v2\/users\/2"}],"replies":[{"embeddable":true,"href":"https:\/\/elterritorialweb.com.ar\/web\/wp-json\/wp\/v2\/comments?post=51536"}],"version-history":[{"count":1,"href":"https:\/\/elterritorialweb.com.ar\/web\/wp-json\/wp\/v2\/posts\/51536\/revisions"}],"predecessor-version":[{"id":51541,"href":"https:\/\/elterritorialweb.com.ar\/web\/wp-json\/wp\/v2\/posts\/51536\/revisions\/51541"}],"wp:featuredmedia":[{"embeddable":true,"href":"https:\/\/elterritorialweb.com.ar\/web\/wp-json\/wp\/v2\/media\/51537"}],"wp:attachment":[{"href":"https:\/\/elterritorialweb.com.ar\/web\/wp-json\/wp\/v2\/media?parent=51536"}],"wp:term":[{"taxonomy":"category","embeddable":true,"href":"https:\/\/elterritorialweb.com.ar\/web\/wp-json\/wp\/v2\/categories?post=51536"},{"taxonomy":"post_tag","embeddable":true,"href":"https:\/\/elterritorialweb.com.ar\/web\/wp-json\/wp\/v2\/tags?post=51536"}],"curies":[{"name":"wp","href":"https:\/\/api.w.org\/{rel}","templated":true}]}}