{"id":51542,"date":"2023-04-04T18:40:24","date_gmt":"2023-04-04T18:40:24","guid":{"rendered":"http:\/\/elterritorialweb.com.ar\/web\/?p=51542"},"modified":"2023-04-04T19:15:53","modified_gmt":"2023-04-04T19:15:53","slug":"la-residencia-estudiantil-de-la-unse-una-gran-ayuda-para-quienes-viven-lejos","status":"publish","type":"post","link":"https:\/\/elterritorialweb.com.ar\/web\/la-residencia-estudiantil-de-la-unse-una-gran-ayuda-para-quienes-viven-lejos\/","title":{"rendered":"LA RESIDENCIA ESTUDIANTIL DE LA UNSE, UNA GRAN AYUDA PARA QUIENES VIVEN LEJOS"},"content":{"rendered":"\n<p>La residencia cuenta con un total de 72 plazas, ba\u00f1os privados, cocinas comedor, lavaderos, sala de inform\u00e1tica, biblioteca, patio parquizado, servicio de wifi, y se encuentra ubicada en la localidad del El Zanj\u00f3n.<br>Actualmente, la habitan 40 j\u00f3venes estudiantes, provenientes de los departamentos Taboada, San Mart\u00edn, Pellegrini, Atamisqui, Silipica, Choya, Figueroa, Aguirre, Loreto, Ojo de Agua, Salavina, Moreno, Alberdi y Guasay\u00e1n; y de las provincias de Tucum\u00e1n, Salta y Jujuy. Las plazas vacantes para 2023 ser\u00e1n ocupadas por estudiantes que ingresaron este a\u00f1o a nuestra universidad y que obtengan la Beca Residencia.<\/p>\n\n\n\n<figure class=\"wp-block-image size-large\"><a href=\"https:\/\/i0.wp.com\/elterritorialweb.com.ar\/web\/wp-content\/uploads\/2023\/04\/WhatsApp-Image-2023-04-04-at-14.19.34.jpeg\"><img data-recalc-dims=\"1\" decoding=\"async\" width=\"640\" height=\"426\" data-src=\"https:\/\/i0.wp.com\/elterritorialweb.com.ar\/web\/wp-content\/uploads\/2023\/04\/WhatsApp-Image-2023-04-04-at-14.19.34.jpeg?resize=640%2C426\" alt=\"\" class=\"wp-image-51545 lazyload\" data-srcset=\"https:\/\/i0.wp.com\/elterritorialweb.com.ar\/web\/wp-content\/uploads\/2023\/04\/WhatsApp-Image-2023-04-04-at-14.19.34.jpeg?resize=1024%2C682&amp;ssl=1 1024w, https:\/\/i0.wp.com\/elterritorialweb.com.ar\/web\/wp-content\/uploads\/2023\/04\/WhatsApp-Image-2023-04-04-at-14.19.34.jpeg?resize=300%2C200&amp;ssl=1 300w, https:\/\/i0.wp.com\/elterritorialweb.com.ar\/web\/wp-content\/uploads\/2023\/04\/WhatsApp-Image-2023-04-04-at-14.19.34.jpeg?resize=768%2C512&amp;ssl=1 768w, https:\/\/i0.wp.com\/elterritorialweb.com.ar\/web\/wp-content\/uploads\/2023\/04\/WhatsApp-Image-2023-04-04-at-14.19.34.jpeg?resize=1536%2C1023&amp;ssl=1 1536w, https:\/\/i0.wp.com\/elterritorialweb.com.ar\/web\/wp-content\/uploads\/2023\/04\/WhatsApp-Image-2023-04-04-at-14.19.34.jpeg?w=1600&amp;ssl=1 1600w, https:\/\/i0.wp.com\/elterritorialweb.com.ar\/web\/wp-content\/uploads\/2023\/04\/WhatsApp-Image-2023-04-04-at-14.19.34.jpeg?w=1280 1280w\" data-sizes=\"(max-width: 640px) 100vw, 640px\" src=\"data:image\/svg+xml;base64,PHN2ZyB3aWR0aD0iMSIgaGVpZ2h0PSIxIiB4bWxucz0iaHR0cDovL3d3dy53My5vcmcvMjAwMC9zdmciPjwvc3ZnPg==\" style=\"--smush-placeholder-width: 640px; --smush-placeholder-aspect-ratio: 640\/426;\" \/><\/a><\/figure>\n\n\n\n<p>Los y las alumnas que se alojan all\u00ed comparten el compromiso con sus trayectorias acad\u00e9micas y la meta de convertirse en egresados universitarios, pero tambi\u00e9n tienen en com\u00fan el sentido de desarraigo, esa sensaci\u00f3n de estar lejos de casa, de los afectos y del lugar de origen. Es ah\u00ed donde la Universidad se hace presente con su misi\u00f3n, visi\u00f3n y objetivos, poniendo en acto sus valores y principios fundamentales.<br>\u201cSe realiza un acompa\u00f1amiento, contenci\u00f3n, seguimiento personalizado de la inserci\u00f3n de los estudiantes. Debemos garantizar el bienestar general de los estudiantes y eso implica estar atentos todos los d\u00edas de la semana, las 24 horas del d\u00eda\u201d, dice la licenciada Marta Palomo, responsable de la Residencia que depende de la Secretar\u00eda de Bienestar Estudiantil.<\/p>\n\n\n\n<figure class=\"wp-block-image size-large\"><a href=\"https:\/\/i0.wp.com\/elterritorialweb.com.ar\/web\/wp-content\/uploads\/2023\/04\/WhatsApp-Image-2023-04-04-at-14.19.34-1.jpeg\"><img data-recalc-dims=\"1\" decoding=\"async\" width=\"640\" height=\"426\" data-src=\"https:\/\/i0.wp.com\/elterritorialweb.com.ar\/web\/wp-content\/uploads\/2023\/04\/WhatsApp-Image-2023-04-04-at-14.19.34-1.jpeg?resize=640%2C426\" alt=\"\" class=\"wp-image-51544 lazyload\" data-srcset=\"https:\/\/i0.wp.com\/elterritorialweb.com.ar\/web\/wp-content\/uploads\/2023\/04\/WhatsApp-Image-2023-04-04-at-14.19.34-1.jpeg?resize=1024%2C682&amp;ssl=1 1024w, https:\/\/i0.wp.com\/elterritorialweb.com.ar\/web\/wp-content\/uploads\/2023\/04\/WhatsApp-Image-2023-04-04-at-14.19.34-1.jpeg?resize=300%2C200&amp;ssl=1 300w, https:\/\/i0.wp.com\/elterritorialweb.com.ar\/web\/wp-content\/uploads\/2023\/04\/WhatsApp-Image-2023-04-04-at-14.19.34-1.jpeg?resize=768%2C512&amp;ssl=1 768w, https:\/\/i0.wp.com\/elterritorialweb.com.ar\/web\/wp-content\/uploads\/2023\/04\/WhatsApp-Image-2023-04-04-at-14.19.34-1.jpeg?resize=1536%2C1023&amp;ssl=1 1536w, https:\/\/i0.wp.com\/elterritorialweb.com.ar\/web\/wp-content\/uploads\/2023\/04\/WhatsApp-Image-2023-04-04-at-14.19.34-1.jpeg?w=1600&amp;ssl=1 1600w, https:\/\/i0.wp.com\/elterritorialweb.com.ar\/web\/wp-content\/uploads\/2023\/04\/WhatsApp-Image-2023-04-04-at-14.19.34-1.jpeg?w=1280 1280w\" data-sizes=\"(max-width: 640px) 100vw, 640px\" src=\"data:image\/svg+xml;base64,PHN2ZyB3aWR0aD0iMSIgaGVpZ2h0PSIxIiB4bWxucz0iaHR0cDovL3d3dy53My5vcmcvMjAwMC9zdmciPjwvc3ZnPg==\" style=\"--smush-placeholder-width: 640px; --smush-placeholder-aspect-ratio: 640\/426;\" \/><\/a><\/figure>\n","protected":false},"excerpt":{"rendered":"<p>La Residencia Universitaria de la UNSE est\u00e1 destinada a estudiantes del interior de Santiago del Estero y de otras provincias que cumplan los requisitos socioecon\u00f3micos y que se encuentren a una distancia mayor a los 75 kil\u00f3metros de la sede central de la UNSE.<\/p>\n","protected":false},"author":2,"featured_media":51543,"comment_status":"open","ping_status":"open","sticky":false,"template":"","format":"standard","meta":{"om_disable_all_campaigns":false,"_monsterinsights_skip_tracking":false,"_monsterinsights_sitenote_active":false,"_monsterinsights_sitenote_note":"","_monsterinsights_sitenote_category":0,"_uf_show_specific_survey":0,"_uf_disable_surveys":false,"jetpack_post_was_ever_published":false,"_jetpack_newsletter_access":"","_jetpack_dont_email_post_to_subs":false,"_jetpack_newsletter_tier_id":0,"_jetpack_memberships_contains_paywalled_content":false,"_jetpack_memberships_contains_paid_content":false,"footnotes":"","jetpack_publicize_message":"","jetpack_publicize_feature_enabled":true,"jetpack_social_post_already_shared":true,"jetpack_social_options":{"image_generator_settings":{"template":"highway","default_image_id":0,"font":"","enabled":false},"version":2}},"categories":[19],"tags":[],"class_list":["post-51542","post","type-post","status-publish","format-standard","has-post-thumbnail","hentry","category-educacion"],"aioseo_notices":[],"views":20,"jetpack_publicize_connections":[],"jetpack_featured_media_url":"https:\/\/i0.wp.com\/elterritorialweb.com.ar\/web\/wp-content\/uploads\/2023\/04\/WhatsApp-Image-2023-04-04-at-14.19.33.jpeg?fit=1600%2C1066&ssl=1","jetpack_sharing_enabled":true,"_links":{"self":[{"href":"https:\/\/elterritorialweb.com.ar\/web\/wp-json\/wp\/v2\/posts\/51542","targetHints":{"allow":["GET"]}}],"collection":[{"href":"https:\/\/elterritorialweb.com.ar\/web\/wp-json\/wp\/v2\/posts"}],"about":[{"href":"https:\/\/elterritorialweb.com.ar\/web\/wp-json\/wp\/v2\/types\/post"}],"author":[{"embeddable":true,"href":"https:\/\/elterritorialweb.com.ar\/web\/wp-json\/wp\/v2\/users\/2"}],"replies":[{"embeddable":true,"href":"https:\/\/elterritorialweb.com.ar\/web\/wp-json\/wp\/v2\/comments?post=51542"}],"version-history":[{"count":1,"href":"https:\/\/elterritorialweb.com.ar\/web\/wp-json\/wp\/v2\/posts\/51542\/revisions"}],"predecessor-version":[{"id":51546,"href":"https:\/\/elterritorialweb.com.ar\/web\/wp-json\/wp\/v2\/posts\/51542\/revisions\/51546"}],"wp:featuredmedia":[{"embeddable":true,"href":"https:\/\/elterritorialweb.com.ar\/web\/wp-json\/wp\/v2\/media\/51543"}],"wp:attachment":[{"href":"https:\/\/elterritorialweb.com.ar\/web\/wp-json\/wp\/v2\/media?parent=51542"}],"wp:term":[{"taxonomy":"category","embeddable":true,"href":"https:\/\/elterritorialweb.com.ar\/web\/wp-json\/wp\/v2\/categories?post=51542"},{"taxonomy":"post_tag","embeddable":true,"href":"https:\/\/elterritorialweb.com.ar\/web\/wp-json\/wp\/v2\/tags?post=51542"}],"curies":[{"name":"wp","href":"https:\/\/api.w.org\/{rel}","templated":true}]}}