{"id":51548,"date":"2023-04-04T22:54:44","date_gmt":"2023-04-04T22:54:44","guid":{"rendered":"http:\/\/elterritorialweb.com.ar\/web\/?p=51548"},"modified":"2023-04-04T22:54:47","modified_gmt":"2023-04-04T22:54:47","slug":"zamora-firmo-convenios-con-la-ministra-toloza-paz","status":"publish","type":"post","link":"https:\/\/elterritorialweb.com.ar\/web\/zamora-firmo-convenios-con-la-ministra-toloza-paz\/","title":{"rendered":"ZAMORA FIRM\u00d3 CONVENIOS CON LA MINISTRA TOLOZA PAZ"},"content":{"rendered":"\n<p>El gobernador Gerardo Zamora y la ministra de Desarrollo Social de la Naci\u00f3n, Victoria Toloza Paz, firmaron este martes convenios de colaboraci\u00f3n para la puesta en marcha del programa \u201cAsistencia por Situaciones de Emergencias Clim\u00e1ticas y Cat\u00e1strofes Naturales o Accidentales\u201d por $ 300 millones y la ejecuci\u00f3n del Plan Federal Sanitario \u201cMi Ba\u00f1o\u201d, que beneficiar\u00e1 a 600 familias en situaci\u00f3n de vulnerabilidad, con un desembolso de otros $ 360 millones.<\/p>\n\n\n\n<figure class=\"wp-block-image size-large\"><a href=\"https:\/\/i0.wp.com\/elterritorialweb.com.ar\/web\/wp-content\/uploads\/2023\/04\/IMG-20230404-WA0022.jpg\"><img data-recalc-dims=\"1\" decoding=\"async\" width=\"640\" height=\"399\" data-src=\"https:\/\/i0.wp.com\/elterritorialweb.com.ar\/web\/wp-content\/uploads\/2023\/04\/IMG-20230404-WA0022.jpg?resize=640%2C399\" alt=\"\" class=\"wp-image-51550 lazyload\" data-srcset=\"https:\/\/i0.wp.com\/elterritorialweb.com.ar\/web\/wp-content\/uploads\/2023\/04\/IMG-20230404-WA0022.jpg?resize=1024%2C638&amp;ssl=1 1024w, https:\/\/i0.wp.com\/elterritorialweb.com.ar\/web\/wp-content\/uploads\/2023\/04\/IMG-20230404-WA0022.jpg?resize=300%2C187&amp;ssl=1 300w, https:\/\/i0.wp.com\/elterritorialweb.com.ar\/web\/wp-content\/uploads\/2023\/04\/IMG-20230404-WA0022.jpg?resize=768%2C479&amp;ssl=1 768w, https:\/\/i0.wp.com\/elterritorialweb.com.ar\/web\/wp-content\/uploads\/2023\/04\/IMG-20230404-WA0022.jpg?resize=1536%2C957&amp;ssl=1 1536w, https:\/\/i0.wp.com\/elterritorialweb.com.ar\/web\/wp-content\/uploads\/2023\/04\/IMG-20230404-WA0022.jpg?resize=400%2C250&amp;ssl=1 400w, https:\/\/i0.wp.com\/elterritorialweb.com.ar\/web\/wp-content\/uploads\/2023\/04\/IMG-20230404-WA0022.jpg?w=1600&amp;ssl=1 1600w, https:\/\/i0.wp.com\/elterritorialweb.com.ar\/web\/wp-content\/uploads\/2023\/04\/IMG-20230404-WA0022.jpg?w=1280 1280w\" data-sizes=\"(max-width: 640px) 100vw, 640px\" src=\"data:image\/svg+xml;base64,PHN2ZyB3aWR0aD0iMSIgaGVpZ2h0PSIxIiB4bWxucz0iaHR0cDovL3d3dy53My5vcmcvMjAwMC9zdmciPjwvc3ZnPg==\" style=\"--smush-placeholder-width: 640px; --smush-placeholder-aspect-ratio: 640\/399;\" \/><\/a><\/figure>\n\n\n\n<p>El acto se desarroll\u00f3 en el Centro de Convenciones F\u00f3rum, donde tambi\u00e9n firmaron actas compromiso con la funcionaria nacional las autoridades de catorce municipios, para la ejecuci\u00f3n del programa Banco de Maquinarias, Herramientas y Materiales para la Emergencia Social. Adem\u00e1s, tres comisiones municipales rubricaron convenios para la realizaci\u00f3n de obras a trav\u00e9s del programa \u201cAcceso al Agua en Comunidades Rurales\u201d.<br>Tambi\u00e9n encabezaron de la ceremonia el vicegobernador Carlos Silva Neder; el ministro de Desarrollo Social, \u00c1ngel Niccolai; la directora nacional de Articulaci\u00f3n Social Productiva, Natalia Mainoldi; el coordinador de Asistencia a Instituciones no Gubernamentales, Juan Antonio Enr\u00edquez y el titular de la Unidad Ejecutora Especial Temporaria Norte Grande para la Equidad Social. Francisco Navarro.<br>Estuvieron presentes el jefe de Gabinete, El\u00edas Su\u00e1rez, ministros, legisladores y funcionarios de municipios de toda la provincia.<br>En este marco, los comisionados municipales de El Cruce, H\u00e9ctor Torrez; de Caspi Corral, Aldo Toledo, y de Bandera Bajada, Ra\u00fal Paz, firmaron convenios para la aplicaci\u00f3n en estas comunidades del departamento Figueroa del programa de Acceso al Agua En Comunidades Rurales.<\/p>\n\n\n\n<figure class=\"wp-block-image size-large\"><a href=\"https:\/\/i0.wp.com\/elterritorialweb.com.ar\/web\/wp-content\/uploads\/2023\/04\/IMG-20230404-WA0020.jpg\"><img data-recalc-dims=\"1\" decoding=\"async\" width=\"640\" height=\"458\" data-src=\"https:\/\/i0.wp.com\/elterritorialweb.com.ar\/web\/wp-content\/uploads\/2023\/04\/IMG-20230404-WA0020.jpg?resize=640%2C458\" alt=\"\" class=\"wp-image-51553 lazyload\" data-srcset=\"https:\/\/i0.wp.com\/elterritorialweb.com.ar\/web\/wp-content\/uploads\/2023\/04\/IMG-20230404-WA0020.jpg?resize=1024%2C733&amp;ssl=1 1024w, https:\/\/i0.wp.com\/elterritorialweb.com.ar\/web\/wp-content\/uploads\/2023\/04\/IMG-20230404-WA0020.jpg?resize=300%2C215&amp;ssl=1 300w, https:\/\/i0.wp.com\/elterritorialweb.com.ar\/web\/wp-content\/uploads\/2023\/04\/IMG-20230404-WA0020.jpg?resize=768%2C550&amp;ssl=1 768w, https:\/\/i0.wp.com\/elterritorialweb.com.ar\/web\/wp-content\/uploads\/2023\/04\/IMG-20230404-WA0020.jpg?resize=1536%2C1099&amp;ssl=1 1536w, https:\/\/i0.wp.com\/elterritorialweb.com.ar\/web\/wp-content\/uploads\/2023\/04\/IMG-20230404-WA0020.jpg?w=1600&amp;ssl=1 1600w, https:\/\/i0.wp.com\/elterritorialweb.com.ar\/web\/wp-content\/uploads\/2023\/04\/IMG-20230404-WA0020.jpg?w=1280 1280w\" data-sizes=\"(max-width: 640px) 100vw, 640px\" src=\"data:image\/svg+xml;base64,PHN2ZyB3aWR0aD0iMSIgaGVpZ2h0PSIxIiB4bWxucz0iaHR0cDovL3d3dy53My5vcmcvMjAwMC9zdmciPjwvc3ZnPg==\" style=\"--smush-placeholder-width: 640px; --smush-placeholder-aspect-ratio: 640\/458;\" \/><\/a><\/figure>\n\n\n\n<p>En tanto, para la ejecuci\u00f3n del programa Banco de Maquinarias, Herramientas y Materiales sellaron acuerdo las autoridades de los municipios de A\u00f1atuya; Fr\u00edas; Quimil\u00ed; Loreto; Campo Gallo; Colonia Dora; Forres, Suncho Corral; Villa Atamisqui y Pinto y de las comisiones municipales de Atoj Pozo; El Moj\u00f3n; Santos Lugares, La Ca\u00f1ada y El Cruce.<br>Este programa, adem\u00e1s de la provisi\u00f3n de equipamiento, ofrece asistencia t\u00e9cnica y capacitaci\u00f3n en las instancias de formulaci\u00f3n, ejecuci\u00f3n y acompa\u00f1amiento de los proyectos, con el objetivo de ayudar a personas en situaci\u00f3n de riesgo social para generar una fuente de ingresos genuinos.<br>En cuanto al Plan Federal Sanitario \u201cMi Ba\u00f1o\u201d, su prop\u00f3sito es generar soluciones para garantizar el acceso a servicios de saneamiento e higiene en hogares mediante la erradicaci\u00f3n de letrinas y facilitar el acceso al agua potable.<br>Tambi\u00e9n se hizo la entrega simb\u00f3lica de elementos del programa de Banco de Maquinarias, Herramientas y Materiales a un grupo de beneficiarios.<br>En el momento de su discurso, Toloza Paz destac\u00f3 el trabajo social del Gobierno de la provincia y ratific\u00f3 el compromiso asumido para traer m\u00e1s ayuda los sectores vulnerables de Santiago del Estero.<\/p>\n\n\n\n<figure class=\"wp-block-image size-large\"><a href=\"https:\/\/i0.wp.com\/elterritorialweb.com.ar\/web\/wp-content\/uploads\/2023\/04\/IMG-20230404-WA0021.jpg\"><img data-recalc-dims=\"1\" decoding=\"async\" width=\"640\" height=\"426\" data-src=\"https:\/\/i0.wp.com\/elterritorialweb.com.ar\/web\/wp-content\/uploads\/2023\/04\/IMG-20230404-WA0021.jpg?resize=640%2C426\" alt=\"\" class=\"wp-image-51551 lazyload\" data-srcset=\"https:\/\/i0.wp.com\/elterritorialweb.com.ar\/web\/wp-content\/uploads\/2023\/04\/IMG-20230404-WA0021.jpg?resize=1024%2C682&amp;ssl=1 1024w, https:\/\/i0.wp.com\/elterritorialweb.com.ar\/web\/wp-content\/uploads\/2023\/04\/IMG-20230404-WA0021.jpg?resize=300%2C200&amp;ssl=1 300w, https:\/\/i0.wp.com\/elterritorialweb.com.ar\/web\/wp-content\/uploads\/2023\/04\/IMG-20230404-WA0021.jpg?resize=768%2C512&amp;ssl=1 768w, https:\/\/i0.wp.com\/elterritorialweb.com.ar\/web\/wp-content\/uploads\/2023\/04\/IMG-20230404-WA0021.jpg?resize=1536%2C1023&amp;ssl=1 1536w, https:\/\/i0.wp.com\/elterritorialweb.com.ar\/web\/wp-content\/uploads\/2023\/04\/IMG-20230404-WA0021.jpg?w=1600&amp;ssl=1 1600w, https:\/\/i0.wp.com\/elterritorialweb.com.ar\/web\/wp-content\/uploads\/2023\/04\/IMG-20230404-WA0021.jpg?w=1280 1280w\" data-sizes=\"(max-width: 640px) 100vw, 640px\" src=\"data:image\/svg+xml;base64,PHN2ZyB3aWR0aD0iMSIgaGVpZ2h0PSIxIiB4bWxucz0iaHR0cDovL3d3dy53My5vcmcvMjAwMC9zdmciPjwvc3ZnPg==\" style=\"--smush-placeholder-width: 640px; --smush-placeholder-aspect-ratio: 640\/426;\" \/><\/a><\/figure>\n\n\n\n<p>\u201cVenimos a acercarnos y avanzar m\u00e1s r\u00e1pido, trayendo soluciones concretas para el Norte Grande, tratando de romper asimetr\u00edas, con vocaci\u00f3n permanente, firmando una pol\u00edtica para incorporar programas, dando respuesta a la salida de la pobreza, a trav\u00e9s del trabajo, con compromiso de trabajar con el gobierno y todo el equipo. Adem\u00e1s, trabajando en estos tiempos con la emergencia h\u00eddrica para asistir a familias, para una patria libre y soberana\u201d, expres\u00f3.<br>Y agreg\u00f3: \u201cUsted gobernador es un hombre de justicia social, que ayuda y es un claro ejemplo de co-gobernanza incluyendo a todos socialmente\u201d.<br>Por su parte, Zamora, agradeci\u00f3 en nombre de los intendentes, comisionados municipales y especialmente por las comunidades del interior santiague\u00f1o por los beneficios recibidos.<br>\u201cEstos importantes convenios \u2013agreg\u00f3 el mandatario- ayudan y generan condiciones en esta lucha por federalismo que nos superamos d\u00eda a d\u00eda; porque estos programas generan trabajo, sue\u00f1os, dignidad y propia superaci\u00f3n de la mano del Estado provincial y nacional. Este es un paso m\u00e1s en una visi\u00f3n m\u00e1s federal en nuestra patria\u201d.<\/p>\n\n\n\n<figure class=\"wp-block-image size-large\"><a href=\"https:\/\/i0.wp.com\/elterritorialweb.com.ar\/web\/wp-content\/uploads\/2023\/04\/IMG-20230404-WA0019.jpg\"><img data-recalc-dims=\"1\" decoding=\"async\" width=\"640\" height=\"428\" data-src=\"https:\/\/i0.wp.com\/elterritorialweb.com.ar\/web\/wp-content\/uploads\/2023\/04\/IMG-20230404-WA0019.jpg?resize=640%2C428\" alt=\"\" class=\"wp-image-51554 lazyload\" data-srcset=\"https:\/\/i0.wp.com\/elterritorialweb.com.ar\/web\/wp-content\/uploads\/2023\/04\/IMG-20230404-WA0019.jpg?resize=1024%2C684&amp;ssl=1 1024w, https:\/\/i0.wp.com\/elterritorialweb.com.ar\/web\/wp-content\/uploads\/2023\/04\/IMG-20230404-WA0019.jpg?resize=300%2C200&amp;ssl=1 300w, https:\/\/i0.wp.com\/elterritorialweb.com.ar\/web\/wp-content\/uploads\/2023\/04\/IMG-20230404-WA0019.jpg?resize=768%2C513&amp;ssl=1 768w, https:\/\/i0.wp.com\/elterritorialweb.com.ar\/web\/wp-content\/uploads\/2023\/04\/IMG-20230404-WA0019.jpg?w=1280&amp;ssl=1 1280w\" data-sizes=\"(max-width: 640px) 100vw, 640px\" src=\"data:image\/svg+xml;base64,PHN2ZyB3aWR0aD0iMSIgaGVpZ2h0PSIxIiB4bWxucz0iaHR0cDovL3d3dy53My5vcmcvMjAwMC9zdmciPjwvc3ZnPg==\" style=\"--smush-placeholder-width: 640px; --smush-placeholder-aspect-ratio: 640\/428;\" \/><\/a><\/figure>\n\n\n\n<p>La apertura del tanteador lleg\u00f3 tras una excelente corrida de\u00a0<strong>Lucas Besozzi<\/strong>, quien se sac\u00f3 dos hombres de encima con su gambeta veloz y le tir\u00f3 un centro al segundo palo que convirti\u00f3 en gol\u00a0<strong>Brian Farioli<\/strong>\u00a0con una tremenda volea de zurda.<\/p>\n\n\n\n<p>A partir de all\u00ed se vio a un Arsenal buscando la igualdad a fuerza de centros y a un Central C\u00f3rdoba que desperdici\u00f3 varias ocasiones del gol por falta de eficacia y de claridad en los metros finales para dar el \u00faltimo pase.<\/p>\n\n\n\n<p>Con este resultado Central C\u00f3rdoba alcanz\u00f3 los 11 puntos y subi\u00f3 hasta la 19\u00aa posici\u00f3n de la tabla. En tanto que Arsenal est\u00e1 complicado con 8 unidades, est\u00e1 24\u00ba en la tabla, pero \u00faltimo en los promedios.<\/p>\n\n\n\n<p>El pr\u00f3ximo compromiso de Central C\u00f3rdoba ser\u00e1 el s\u00e1bado a partir de las 20.30 cuando visite a Defensa y Justicia en Florencio Varela. En tanto, Arsenal de Sarand\u00ed saldr\u00e1 a escena el viernes al presentarse ante Lan\u00fas.<\/p>\n","protected":false},"excerpt":{"rendered":"<p>El mandatario provincial junto a la Ministra de Desarrollo Social de la Naci\u00f3n firmaron convenios por $ 660 millones para la ejecuci\u00f3n de programa sociales en la provincia.<\/p>\n","protected":false},"author":2,"featured_media":51549,"comment_status":"open","ping_status":"open","sticky":false,"template":"","format":"standard","meta":{"om_disable_all_campaigns":false,"_monsterinsights_skip_tracking":false,"_monsterinsights_sitenote_active":false,"_monsterinsights_sitenote_note":"","_monsterinsights_sitenote_category":0,"_uf_show_specific_survey":0,"_uf_disable_surveys":false,"jetpack_post_was_ever_published":false,"_jetpack_newsletter_access":"","_jetpack_dont_email_post_to_subs":false,"_jetpack_newsletter_tier_id":0,"_jetpack_memberships_contains_paywalled_content":false,"_jetpack_memberships_contains_paid_content":false,"footnotes":"","jetpack_publicize_message":"","jetpack_publicize_feature_enabled":true,"jetpack_social_post_already_shared":true,"jetpack_social_options":{"image_generator_settings":{"template":"highway","default_image_id":0,"font":"","enabled":false},"version":2}},"categories":[4,21],"tags":[],"class_list":["post-51548","post","type-post","status-publish","format-standard","has-post-thumbnail","hentry","category-destacadas","category-locales"],"aioseo_notices":[],"views":18,"jetpack_publicize_connections":[],"jetpack_featured_media_url":"https:\/\/i0.wp.com\/elterritorialweb.com.ar\/web\/wp-content\/uploads\/2023\/04\/IMG-20230404-WA0024.jpg?fit=1600%2C1084&ssl=1","jetpack_sharing_enabled":true,"_links":{"self":[{"href":"https:\/\/elterritorialweb.com.ar\/web\/wp-json\/wp\/v2\/posts\/51548","targetHints":{"allow":["GET"]}}],"collection":[{"href":"https:\/\/elterritorialweb.com.ar\/web\/wp-json\/wp\/v2\/posts"}],"about":[{"href":"https:\/\/elterritorialweb.com.ar\/web\/wp-json\/wp\/v2\/types\/post"}],"author":[{"embeddable":true,"href":"https:\/\/elterritorialweb.com.ar\/web\/wp-json\/wp\/v2\/users\/2"}],"replies":[{"embeddable":true,"href":"https:\/\/elterritorialweb.com.ar\/web\/wp-json\/wp\/v2\/comments?post=51548"}],"version-history":[{"count":1,"href":"https:\/\/elterritorialweb.com.ar\/web\/wp-json\/wp\/v2\/posts\/51548\/revisions"}],"predecessor-version":[{"id":51556,"href":"https:\/\/elterritorialweb.com.ar\/web\/wp-json\/wp\/v2\/posts\/51548\/revisions\/51556"}],"wp:featuredmedia":[{"embeddable":true,"href":"https:\/\/elterritorialweb.com.ar\/web\/wp-json\/wp\/v2\/media\/51549"}],"wp:attachment":[{"href":"https:\/\/elterritorialweb.com.ar\/web\/wp-json\/wp\/v2\/media?parent=51548"}],"wp:term":[{"taxonomy":"category","embeddable":true,"href":"https:\/\/elterritorialweb.com.ar\/web\/wp-json\/wp\/v2\/categories?post=51548"},{"taxonomy":"post_tag","embeddable":true,"href":"https:\/\/elterritorialweb.com.ar\/web\/wp-json\/wp\/v2\/tags?post=51548"}],"curies":[{"name":"wp","href":"https:\/\/api.w.org\/{rel}","templated":true}]}}