{"id":51557,"date":"2023-04-05T01:04:38","date_gmt":"2023-04-05T01:04:38","guid":{"rendered":"http:\/\/elterritorialweb.com.ar\/web\/?p=51557"},"modified":"2023-04-05T01:16:30","modified_gmt":"2023-04-05T01:16:30","slug":"argentina-firmo-convenios-con-siete-paises-en-el-marco-del-acuerdo-con-el-club-de-paris","status":"publish","type":"post","link":"https:\/\/elterritorialweb.com.ar\/web\/argentina-firmo-convenios-con-siete-paises-en-el-marco-del-acuerdo-con-el-club-de-paris\/","title":{"rendered":"ARGENTINA FIRM\u00d3 CONVENIOS CON SIETE PA\u00cdSES EN EL MARCO DEL ACUERDO CON EL CLUB DE PAR\u00cdS"},"content":{"rendered":"\n<p>En este sentido, el Ministro destac\u00f3 que la Argentina aspira a finalizar los pagos en el a\u00f1o 2028, y afirm\u00f3 \u00abestos acuerdos que est\u00e1n orientados a garantizar y sostener la recuperaci\u00f3n de la estabilidad econ\u00f3mica, son claves para fomentar las exportaciones y que los proyectos de infraestructura que estamos llevando adelante puedan acceder a financiamiento internacional\u00bb.<\/p>\n\n\n\n<p>En las reuniones realizadas en el Palacio de Hacienda, estuvieron presentes la embajadora de Pa\u00edses Bajos, Annemieke Verrijp y su par de Alemania, Ulrich Sante, entre otros pa\u00edses.<\/p>\n\n\n\n<p><\/p>\n","protected":false},"excerpt":{"rendered":"<p>El ministro de Econom\u00eda, Sergio Massa, suscribi\u00f3 convenios con los Pa\u00edses Bajos, Alemania, Canad\u00e1, Israel, Finlandia, Dinamarca y Austria, en el marco de la refinanciaci\u00f3n de la deuda que la Argentina mantiene con el Club de Par\u00eds.<\/p>\n","protected":false},"author":2,"featured_media":51559,"comment_status":"open","ping_status":"open","sticky":false,"template":"","format":"standard","meta":{"om_disable_all_campaigns":false,"_monsterinsights_skip_tracking":false,"_monsterinsights_sitenote_active":false,"_monsterinsights_sitenote_note":"","_monsterinsights_sitenote_category":0,"_uf_show_specific_survey":0,"_uf_disable_surveys":false,"jetpack_post_was_ever_published":false,"_jetpack_newsletter_access":"","_jetpack_dont_email_post_to_subs":false,"_jetpack_newsletter_tier_id":0,"_jetpack_memberships_contains_paywalled_content":false,"_jetpack_memberships_contains_paid_content":false,"footnotes":"","jetpack_publicize_message":"","jetpack_publicize_feature_enabled":true,"jetpack_social_post_already_shared":true,"jetpack_social_options":{"image_generator_settings":{"template":"highway","default_image_id":0,"font":"","enabled":false},"version":2}},"categories":[4,1],"tags":[],"class_list":["post-51557","post","type-post","status-publish","format-standard","has-post-thumbnail","hentry","category-destacadas","category-sin-categoria"],"aioseo_notices":[],"views":10,"jetpack_publicize_connections":[],"jetpack_featured_media_url":"https:\/\/i0.wp.com\/elterritorialweb.com.ar\/web\/wp-content\/uploads\/2023\/04\/SERGIO-MASSA-CONVENIO.jpg?fit=680%2C444&ssl=1","jetpack_sharing_enabled":true,"_links":{"self":[{"href":"https:\/\/elterritorialweb.com.ar\/web\/wp-json\/wp\/v2\/posts\/51557","targetHints":{"allow":["GET"]}}],"collection":[{"href":"https:\/\/elterritorialweb.com.ar\/web\/wp-json\/wp\/v2\/posts"}],"about":[{"href":"https:\/\/elterritorialweb.com.ar\/web\/wp-json\/wp\/v2\/types\/post"}],"author":[{"embeddable":true,"href":"https:\/\/elterritorialweb.com.ar\/web\/wp-json\/wp\/v2\/users\/2"}],"replies":[{"embeddable":true,"href":"https:\/\/elterritorialweb.com.ar\/web\/wp-json\/wp\/v2\/comments?post=51557"}],"version-history":[{"count":1,"href":"https:\/\/elterritorialweb.com.ar\/web\/wp-json\/wp\/v2\/posts\/51557\/revisions"}],"predecessor-version":[{"id":51560,"href":"https:\/\/elterritorialweb.com.ar\/web\/wp-json\/wp\/v2\/posts\/51557\/revisions\/51560"}],"wp:featuredmedia":[{"embeddable":true,"href":"https:\/\/elterritorialweb.com.ar\/web\/wp-json\/wp\/v2\/media\/51559"}],"wp:attachment":[{"href":"https:\/\/elterritorialweb.com.ar\/web\/wp-json\/wp\/v2\/media?parent=51557"}],"wp:term":[{"taxonomy":"category","embeddable":true,"href":"https:\/\/elterritorialweb.com.ar\/web\/wp-json\/wp\/v2\/categories?post=51557"},{"taxonomy":"post_tag","embeddable":true,"href":"https:\/\/elterritorialweb.com.ar\/web\/wp-json\/wp\/v2\/tags?post=51557"}],"curies":[{"name":"wp","href":"https:\/\/api.w.org\/{rel}","templated":true}]}}