{"id":51850,"date":"2023-04-13T22:52:34","date_gmt":"2023-04-13T22:52:34","guid":{"rendered":"http:\/\/elterritorialweb.com.ar\/web\/?p=51850"},"modified":"2023-04-13T22:52:36","modified_gmt":"2023-04-13T22:52:36","slug":"el-senado-aprobo-la-ley-lucio-para-la-prevencion-de-la-violencia-en-la-ninez-y-la-adolescencia","status":"publish","type":"post","link":"https:\/\/elterritorialweb.com.ar\/web\/el-senado-aprobo-la-ley-lucio-para-la-prevencion-de-la-violencia-en-la-ninez-y-la-adolescencia\/","title":{"rendered":"EL SENADO APROB\u00d3 LA LEY LUCIO PARA LA PREVENCION DE LA VIOLENCIA EN LA NI\u00d1EZ Y LA ADOLESCENCIA"},"content":{"rendered":"\n<p>El Senado aprob\u00f3 por amplia mayor\u00eda la Ley de<strong>&nbsp;Prevenci\u00f3n y detecci\u00f3n temprana de la violencia contra los ni\u00f1os, ni\u00f1as y adolescentes<\/strong>. La iniciativa, que lleva por nombre Ley Lucio, por<strong>&nbsp;Lucio Dupuy,<\/strong>&nbsp;el ni\u00f1o de 5 a\u00f1os asesinado a golpes por su madre y la pareja de la misma, fue aprobada este jueves con 65 votos a favor, cero votos en contra y cero abstenciones.<\/p>\n\n\n\n<p>En la sesi\u00f3n estuvieron presentes los familiares de&nbsp;<strong>Lucio&nbsp;<\/strong>que celebraron y se emocionaron con la aprobaci\u00f3n del proyecto.<\/p>\n\n\n\n<p>La Ley establece la&nbsp;<strong>capacitaci\u00f3n obligatoria en materia de derechos de la infancia y violencias contra ni\u00f1as, ni\u00f1os y adolescentes<\/strong>&nbsp;para todos los empleados p\u00fablicos y funcionarios en todos sus niveles y jerarqu\u00edas en los poderes Ejecutivo, Legislativo y Judicial.<\/p>\n\n\n\n<figure class=\"wp-block-image size-full\"><a href=\"https:\/\/i0.wp.com\/elterritorialweb.com.ar\/web\/wp-content\/uploads\/2023\/04\/imagepng.png\"><img data-recalc-dims=\"1\" decoding=\"async\" width=\"640\" height=\"360\" data-src=\"https:\/\/i0.wp.com\/elterritorialweb.com.ar\/web\/wp-content\/uploads\/2023\/04\/imagepng.png?resize=640%2C360\" alt=\"\" class=\"wp-image-51852 lazyload\" data-srcset=\"https:\/\/i0.wp.com\/elterritorialweb.com.ar\/web\/wp-content\/uploads\/2023\/04\/imagepng.png?w=790&amp;ssl=1 790w, https:\/\/i0.wp.com\/elterritorialweb.com.ar\/web\/wp-content\/uploads\/2023\/04\/imagepng.png?resize=300%2C169&amp;ssl=1 300w, https:\/\/i0.wp.com\/elterritorialweb.com.ar\/web\/wp-content\/uploads\/2023\/04\/imagepng.png?resize=768%2C432&amp;ssl=1 768w\" data-sizes=\"(max-width: 640px) 100vw, 640px\" src=\"data:image\/svg+xml;base64,PHN2ZyB3aWR0aD0iMSIgaGVpZ2h0PSIxIiB4bWxucz0iaHR0cDovL3d3dy53My5vcmcvMjAwMC9zdmciPjwvc3ZnPg==\" style=\"--smush-placeholder-width: 640px; --smush-placeholder-aspect-ratio: 640\/360;\" \/><\/a><\/figure>\n\n\n\n<h3 class=\"wp-block-heading\">LAS CLAVES DE LA LEY LUCIO<\/h3>\n\n\n\n<p>Su objetivo es&nbsp;<strong>velar por el respeto de la Convenci\u00f3n de los Derechos del Ni\u00f1o<\/strong>, incorporada a la Constituci\u00f3n Nacional y por las disposiciones de la Ley 26.061 de Protecci\u00f3n Integral de los Derechos de Ni\u00f1as, Ni\u00f1os y Adolescentes y promover los espacios y metodolog\u00edas necesarias para&nbsp;<strong>garantizar el derecho a ser o\u00eddos de las ni\u00f1as ni\u00f1os y adolescentes<\/strong>&nbsp;en todos los procesos administrativos y judiciales.<\/p>\n\n\n\n<p>Con su aprobaci\u00f3n el Poder Ejecutivo y el Judicial deber\u00e1n elaborar un&nbsp;<strong>protocolo de actuaci\u00f3n para las fuerzas de seguridad, organismos administrativos de ni\u00f1ez y jueces con competencia en familia,&nbsp;<\/strong>que tendr\u00e1 como objeto unificar los criterios de actuaci\u00f3n a nivel nacional y la coordinaci\u00f3n de los entes provinciales y estatales de actuaci\u00f3n, as\u00ed como la igualdad del acceso del ni\u00f1o, ni\u00f1a y adolescente a la Justicia.<\/p>\n\n\n\n<p>La autoridad de aplicaci\u00f3n de la ley ser\u00e1&nbsp;<strong>la Secretaria Nacional de Ni\u00f1ez, Adolescencia y Famili<\/strong>a, dependiente del Ministerio de Desarrollo Social, que deber\u00e1 elaborar los contenidos del Plan Federal de Capacitaci\u00f3n en articulaci\u00f3n con el Consejo Federal de Ni\u00f1ez, Adolescencia y Familia (Cofenaf).<\/p>\n","protected":false},"excerpt":{"rendered":"<p>La Ley establece la capacitaci\u00f3n obligatoria en materia de derechos de la infancia y violencias contra ni\u00f1as, ni\u00f1os y adolescentes para todos los empleados p\u00fablicos y funcionarios.<\/p>\n","protected":false},"author":2,"featured_media":0,"comment_status":"open","ping_status":"open","sticky":false,"template":"","format":"standard","meta":{"om_disable_all_campaigns":false,"_monsterinsights_skip_tracking":false,"_monsterinsights_sitenote_active":false,"_monsterinsights_sitenote_note":"","_monsterinsights_sitenote_category":0,"_uf_show_specific_survey":0,"_uf_disable_surveys":false,"jetpack_post_was_ever_published":false,"_jetpack_newsletter_access":"","_jetpack_dont_email_post_to_subs":false,"_jetpack_newsletter_tier_id":0,"_jetpack_memberships_contains_paywalled_content":false,"_jetpack_memberships_contains_paid_content":false,"footnotes":"","jetpack_publicize_message":"","jetpack_publicize_feature_enabled":true,"jetpack_social_post_already_shared":true,"jetpack_social_options":{"image_generator_settings":{"template":"highway","default_image_id":0,"font":"","enabled":false},"version":2}},"categories":[1],"tags":[],"class_list":["post-51850","post","type-post","status-publish","format-standard","hentry","category-sin-categoria"],"aioseo_notices":[],"views":12,"jetpack_publicize_connections":[],"jetpack_featured_media_url":"","jetpack_sharing_enabled":true,"_links":{"self":[{"href":"https:\/\/elterritorialweb.com.ar\/web\/wp-json\/wp\/v2\/posts\/51850","targetHints":{"allow":["GET"]}}],"collection":[{"href":"https:\/\/elterritorialweb.com.ar\/web\/wp-json\/wp\/v2\/posts"}],"about":[{"href":"https:\/\/elterritorialweb.com.ar\/web\/wp-json\/wp\/v2\/types\/post"}],"author":[{"embeddable":true,"href":"https:\/\/elterritorialweb.com.ar\/web\/wp-json\/wp\/v2\/users\/2"}],"replies":[{"embeddable":true,"href":"https:\/\/elterritorialweb.com.ar\/web\/wp-json\/wp\/v2\/comments?post=51850"}],"version-history":[{"count":1,"href":"https:\/\/elterritorialweb.com.ar\/web\/wp-json\/wp\/v2\/posts\/51850\/revisions"}],"predecessor-version":[{"id":51853,"href":"https:\/\/elterritorialweb.com.ar\/web\/wp-json\/wp\/v2\/posts\/51850\/revisions\/51853"}],"wp:attachment":[{"href":"https:\/\/elterritorialweb.com.ar\/web\/wp-json\/wp\/v2\/media?parent=51850"}],"wp:term":[{"taxonomy":"category","embeddable":true,"href":"https:\/\/elterritorialweb.com.ar\/web\/wp-json\/wp\/v2\/categories?post=51850"},{"taxonomy":"post_tag","embeddable":true,"href":"https:\/\/elterritorialweb.com.ar\/web\/wp-json\/wp\/v2\/tags?post=51850"}],"curies":[{"name":"wp","href":"https:\/\/api.w.org\/{rel}","templated":true}]}}