{"id":51857,"date":"2023-04-14T01:35:39","date_gmt":"2023-04-14T01:35:39","guid":{"rendered":"http:\/\/elterritorialweb.com.ar\/web\/?p=51857"},"modified":"2023-04-14T01:35:41","modified_gmt":"2023-04-14T01:35:41","slug":"el-lunes-17-se-hara-opcion-de-cargo-para-cubrir-cargos-en-el-sistema-educativo-municipal","status":"publish","type":"post","link":"https:\/\/elterritorialweb.com.ar\/web\/el-lunes-17-se-hara-opcion-de-cargo-para-cubrir-cargos-en-el-sistema-educativo-municipal\/","title":{"rendered":"EL LUNES 17 SE HAR\u00c1 OPCI\u00d3N DE CARGO PARA CUBRIR CARGOS EN EL SISTEMA EDUCATIVO MUNICIPAL"},"content":{"rendered":"\n<p>Dicho llamado corresponde a maestros de grado (tres Cargos) turno ma\u00f1ana; maestro especial de educaci\u00f3n f\u00edsica (un Cargo) turno ma\u00f1ana (martes en el horario de 8:00 a 12:45 y viernes en el horario de 8:45 a 11:30; maestro secretario (un Cargo), turno ma\u00f1ana.<br>Adem\u00e1s, de horas c\u00e1tedras para profesores: Dos horas c\u00e1tedras de Ciencias Sociales (geograf\u00eda) en 1\u00b0 A\u00f1o los d\u00edas mi\u00e9rcoles de 14.50 a 15.30 y de 15.30 a 16:10; dos horas c\u00e1tedras de Ciencias Sociales (geograf\u00eda) en 2\u00b0 A\u00f1o los d\u00edas martes de 16.15 a 16.55 y de 16.55 a 17.35; cuatro horas c\u00e1tedras de Geograf\u00eda en 5\u00b0 A\u00f1o los d\u00edas, martes de 14.50 a 15.30 y de 15.30 a 16.10, mi\u00e9rcoles de 16.15 a 16.55 y de 16.55 a 17.35; cuatro horas c\u00e1tedras de matem\u00e1ticas en 4\u00b0 a\u00f1o los d\u00edas martes de 14.50 a 15.30 y de 15.30 a 16.10 y mi\u00e9rcoles de 13.20 a 14 y de 14 a 14.40; dos horas c\u00e1tedras de (horas de definici\u00f3n institucional) en 1\u00b0 A\u00f1o para los d\u00edas jueves de 16.55 a 17.35 y de 17.35 a 18.15 seg\u00fan listado de POT; tres horas c\u00e1tedras de HDI (Horas de definici\u00f3n Institucional) en 2\u00b0 A\u00f1o los d\u00edas jueves de 14.50 a 15.30 y de 15.30 a 16.10 y viernes de 17.35 a 18.15 seg\u00fan listado de POT; cuatro horas C\u00e1tedras de Lengua y Literatura en 5\u00b0 A\u00f1o, los d\u00edas mi\u00e9rcoles de 14.50 a 15.30 y de 15.30 a 16.10 y jueves de 13.20 a 14 y de 14 a 14.40 y 3 horas c\u00e1tedras de Tecnolog\u00eda en 1\u00b0 A\u00f1o, los d\u00edas lunes de 13.20 a 14 de 14 a 14.40 y de 14.40 a 15.30.<br>Para finalizar, los docentes interesados, en el momento de la opci\u00f3n, deber\u00e1n presentar: fotocopia y original del t\u00edtulo docente, fotocopia y original de DNI, r\u00e9gimen de incompatibilidad original y firmado hasta 48 horas antes del d\u00eda de la designaci\u00f3n, CUIL, Certificado de Buena Conducta actualizado, acta de nacimiento de los hijos para dirimir en caso de empate, certificado de aptitud f\u00edsica (solo para los docentes del nivel secundario) y certificado de residencia. Se recuerda que sin alguno de estos requisitos no podr\u00e1 optar.<\/p>\n","protected":false},"excerpt":{"rendered":"<p>La Subsecretar\u00eda de Educaci\u00f3n y Cultura de la Municipalidad de La Banda y la Junta de Calificaci\u00f3n y Clasificaci\u00f3n de los niveles primario y secundario informan que el lunes 17 de abril desde las 8.30, se llevar\u00e1 a cabo las opciones de cargo en las instalaciones de la Escuela de Rob\u00f3tica en calle Besares y S\u00e1enz Pe\u00f1a.<\/p>\n","protected":false},"author":2,"featured_media":51858,"comment_status":"open","ping_status":"open","sticky":false,"template":"","format":"standard","meta":{"om_disable_all_campaigns":false,"_monsterinsights_skip_tracking":false,"_monsterinsights_sitenote_active":false,"_monsterinsights_sitenote_note":"","_monsterinsights_sitenote_category":0,"_uf_show_specific_survey":0,"_uf_disable_surveys":false,"jetpack_post_was_ever_published":false,"_jetpack_newsletter_access":"","_jetpack_dont_email_post_to_subs":false,"_jetpack_newsletter_tier_id":0,"_jetpack_memberships_contains_paywalled_content":false,"_jetpack_memberships_contains_paid_content":false,"footnotes":"","jetpack_publicize_message":"","jetpack_publicize_feature_enabled":true,"jetpack_social_post_already_shared":true,"jetpack_social_options":{"image_generator_settings":{"template":"highway","default_image_id":0,"font":"","enabled":false},"version":2}},"categories":[9,19],"tags":[],"class_list":["post-51857","post","type-post","status-publish","format-standard","has-post-thumbnail","hentry","category-banda","category-educacion"],"aioseo_notices":[],"views":12,"jetpack_publicize_connections":[],"jetpack_featured_media_url":"https:\/\/i0.wp.com\/elterritorialweb.com.ar\/web\/wp-content\/uploads\/2023\/04\/WhatsApp-Image-2023-04-13-at-12.54.41.jpeg?fit=1280%2C874&ssl=1","jetpack_sharing_enabled":true,"_links":{"self":[{"href":"https:\/\/elterritorialweb.com.ar\/web\/wp-json\/wp\/v2\/posts\/51857","targetHints":{"allow":["GET"]}}],"collection":[{"href":"https:\/\/elterritorialweb.com.ar\/web\/wp-json\/wp\/v2\/posts"}],"about":[{"href":"https:\/\/elterritorialweb.com.ar\/web\/wp-json\/wp\/v2\/types\/post"}],"author":[{"embeddable":true,"href":"https:\/\/elterritorialweb.com.ar\/web\/wp-json\/wp\/v2\/users\/2"}],"replies":[{"embeddable":true,"href":"https:\/\/elterritorialweb.com.ar\/web\/wp-json\/wp\/v2\/comments?post=51857"}],"version-history":[{"count":1,"href":"https:\/\/elterritorialweb.com.ar\/web\/wp-json\/wp\/v2\/posts\/51857\/revisions"}],"predecessor-version":[{"id":51859,"href":"https:\/\/elterritorialweb.com.ar\/web\/wp-json\/wp\/v2\/posts\/51857\/revisions\/51859"}],"wp:featuredmedia":[{"embeddable":true,"href":"https:\/\/elterritorialweb.com.ar\/web\/wp-json\/wp\/v2\/media\/51858"}],"wp:attachment":[{"href":"https:\/\/elterritorialweb.com.ar\/web\/wp-json\/wp\/v2\/media?parent=51857"}],"wp:term":[{"taxonomy":"category","embeddable":true,"href":"https:\/\/elterritorialweb.com.ar\/web\/wp-json\/wp\/v2\/categories?post=51857"},{"taxonomy":"post_tag","embeddable":true,"href":"https:\/\/elterritorialweb.com.ar\/web\/wp-json\/wp\/v2\/tags?post=51857"}],"curies":[{"name":"wp","href":"https:\/\/api.w.org\/{rel}","templated":true}]}}