{"id":51860,"date":"2023-04-14T02:15:04","date_gmt":"2023-04-14T02:15:04","guid":{"rendered":"http:\/\/elterritorialweb.com.ar\/web\/?p=51860"},"modified":"2023-04-14T02:17:04","modified_gmt":"2023-04-14T02:17:04","slug":"lanzaron-la-34-campana-anual-haciendo-prevencion-integral-de-las-adicciones","status":"publish","type":"post","link":"https:\/\/elterritorialweb.com.ar\/web\/lanzaron-la-34-campana-anual-haciendo-prevencion-integral-de-las-adicciones\/","title":{"rendered":"LANZARON LA 34\u00b0 CAMPA\u00d1A ANUAL \u201cHACIENDO PREVENCI\u00d3N INTEGRAL DE LAS ADICCIONES\u201d"},"content":{"rendered":"\n<p>El acto se realiz\u00f3 en el \u00d3valo del Parque Sur de la ciudad Capital y cont\u00f3 con la presencia de la ministra de Justicia y Derechos Humanos de la provincia, Matilde O&#8217; Mill; la secretaria de Derechos Humanos, Daniela \u00c1guila; la directora de la Digaia, Claudia Tarchini; la intendente Norma Fuentes; el jefe de Polic\u00eda de la provincia, Roger Coronel, y autoridades de las universidades Nacional y Cat\u00f3lica, entre otros funcionarios y representantes de organizaciones civiles y estudiantes de distintos establecimientos.<\/p>\n\n\n\n<figure class=\"wp-block-image size-large\"><a href=\"https:\/\/i0.wp.com\/elterritorialweb.com.ar\/web\/wp-content\/uploads\/2023\/04\/WhatsApp-Image-2023-04-13-at-13.28.43.jpeg\"><img data-recalc-dims=\"1\" decoding=\"async\" width=\"640\" height=\"426\" data-src=\"https:\/\/i0.wp.com\/elterritorialweb.com.ar\/web\/wp-content\/uploads\/2023\/04\/WhatsApp-Image-2023-04-13-at-13.28.43.jpeg?resize=640%2C426\" alt=\"\" class=\"wp-image-51862 lazyload\" data-srcset=\"https:\/\/i0.wp.com\/elterritorialweb.com.ar\/web\/wp-content\/uploads\/2023\/04\/WhatsApp-Image-2023-04-13-at-13.28.43.jpeg?resize=1024%2C682&amp;ssl=1 1024w, https:\/\/i0.wp.com\/elterritorialweb.com.ar\/web\/wp-content\/uploads\/2023\/04\/WhatsApp-Image-2023-04-13-at-13.28.43.jpeg?resize=300%2C200&amp;ssl=1 300w, https:\/\/i0.wp.com\/elterritorialweb.com.ar\/web\/wp-content\/uploads\/2023\/04\/WhatsApp-Image-2023-04-13-at-13.28.43.jpeg?resize=768%2C512&amp;ssl=1 768w, https:\/\/i0.wp.com\/elterritorialweb.com.ar\/web\/wp-content\/uploads\/2023\/04\/WhatsApp-Image-2023-04-13-at-13.28.43.jpeg?resize=1536%2C1023&amp;ssl=1 1536w, https:\/\/i0.wp.com\/elterritorialweb.com.ar\/web\/wp-content\/uploads\/2023\/04\/WhatsApp-Image-2023-04-13-at-13.28.43.jpeg?w=1600&amp;ssl=1 1600w, https:\/\/i0.wp.com\/elterritorialweb.com.ar\/web\/wp-content\/uploads\/2023\/04\/WhatsApp-Image-2023-04-13-at-13.28.43.jpeg?w=1280 1280w\" data-sizes=\"(max-width: 640px) 100vw, 640px\" src=\"data:image\/svg+xml;base64,PHN2ZyB3aWR0aD0iMSIgaGVpZ2h0PSIxIiB4bWxucz0iaHR0cDovL3d3dy53My5vcmcvMjAwMC9zdmciPjwvc3ZnPg==\" style=\"--smush-placeholder-width: 640px; --smush-placeholder-aspect-ratio: 640\/426;\" \/><\/a><\/figure>\n\n\n\n<p>En la oportunidad se entregaron reconocimientos a las personas pioneras en esta lucha y que acompa\u00f1an este desaf\u00edo de estar cerca de las personas, familias y comunidades afectadas por esta problem\u00e1tica.<br>En este sentido, Claudia Tarchini consider\u00f3 \u201cmuy emocionante celebrar 34 a\u00f1os de prevenci\u00f3n en el marco de los 40 a\u00f1os de democracia\u201d, porque \u201cha sido un trabajo retrospectivo e introspectivo durante todo este tiempo\u201d que involucr\u00f3 a mucha gente comprometida con esta causa.<br>Tambi\u00e9n remarc\u00f3 \u00abque esto se mantiene con pol\u00edticas p\u00fablicas y con el compromiso de cada una de las personas, docentes, alumnos y cada una de las comunidades en territorio\u00bb.<br>\u00abEl trabajo de prevenci\u00f3n naci\u00f3 en un contexto de democracia y seguimos con esas mismas fuerzas, con esa misma pasi\u00f3n que hace 34 a\u00f1os\u00bb, concluy\u00f3.<\/p>\n\n\n\n<figure class=\"wp-block-image size-large\"><a href=\"https:\/\/i0.wp.com\/elterritorialweb.com.ar\/web\/wp-content\/uploads\/2023\/04\/WhatsApp-Image-2023-04-13-at-13.28.43-1.jpeg\"><img data-recalc-dims=\"1\" decoding=\"async\" width=\"640\" height=\"426\" data-src=\"https:\/\/i0.wp.com\/elterritorialweb.com.ar\/web\/wp-content\/uploads\/2023\/04\/WhatsApp-Image-2023-04-13-at-13.28.43-1.jpeg?resize=640%2C426\" alt=\"\" class=\"wp-image-51863 lazyload\" data-srcset=\"https:\/\/i0.wp.com\/elterritorialweb.com.ar\/web\/wp-content\/uploads\/2023\/04\/WhatsApp-Image-2023-04-13-at-13.28.43-1.jpeg?resize=1024%2C682&amp;ssl=1 1024w, https:\/\/i0.wp.com\/elterritorialweb.com.ar\/web\/wp-content\/uploads\/2023\/04\/WhatsApp-Image-2023-04-13-at-13.28.43-1.jpeg?resize=300%2C200&amp;ssl=1 300w, https:\/\/i0.wp.com\/elterritorialweb.com.ar\/web\/wp-content\/uploads\/2023\/04\/WhatsApp-Image-2023-04-13-at-13.28.43-1.jpeg?resize=768%2C512&amp;ssl=1 768w, https:\/\/i0.wp.com\/elterritorialweb.com.ar\/web\/wp-content\/uploads\/2023\/04\/WhatsApp-Image-2023-04-13-at-13.28.43-1.jpeg?resize=1536%2C1023&amp;ssl=1 1536w, https:\/\/i0.wp.com\/elterritorialweb.com.ar\/web\/wp-content\/uploads\/2023\/04\/WhatsApp-Image-2023-04-13-at-13.28.43-1.jpeg?w=1600&amp;ssl=1 1600w, https:\/\/i0.wp.com\/elterritorialweb.com.ar\/web\/wp-content\/uploads\/2023\/04\/WhatsApp-Image-2023-04-13-at-13.28.43-1.jpeg?w=1280 1280w\" data-sizes=\"(max-width: 640px) 100vw, 640px\" src=\"data:image\/svg+xml;base64,PHN2ZyB3aWR0aD0iMSIgaGVpZ2h0PSIxIiB4bWxucz0iaHR0cDovL3d3dy53My5vcmcvMjAwMC9zdmciPjwvc3ZnPg==\" style=\"--smush-placeholder-width: 640px; --smush-placeholder-aspect-ratio: 640\/426;\" \/><\/a><\/figure>\n","protected":false},"excerpt":{"rendered":"<p>En el marco de los 40 a\u00f1os de democracia, la Direcci\u00f3n General de Abordaje Integral de las Adicciones (Digaia) lanz\u00f3 este jueves la 34\u00b0 Campa\u00f1a Anual \u201cHaciendo Prevenci\u00f3n Integral de las Adicciones\u201d, bajo el lema \u00abYo te quiero de ra\u00edces sanas y frutos fuertes\u00bb.<\/p>\n","protected":false},"author":2,"featured_media":51861,"comment_status":"open","ping_status":"open","sticky":false,"template":"","format":"standard","meta":{"om_disable_all_campaigns":false,"_monsterinsights_skip_tracking":false,"_monsterinsights_sitenote_active":false,"_monsterinsights_sitenote_note":"","_monsterinsights_sitenote_category":0,"_uf_show_specific_survey":0,"_uf_disable_surveys":false,"jetpack_post_was_ever_published":false,"_jetpack_newsletter_access":"","_jetpack_dont_email_post_to_subs":false,"_jetpack_newsletter_tier_id":0,"_jetpack_memberships_contains_paywalled_content":false,"_jetpack_memberships_contains_paid_content":false,"footnotes":"","jetpack_publicize_message":"","jetpack_publicize_feature_enabled":true,"jetpack_social_post_already_shared":true,"jetpack_social_options":{"image_generator_settings":{"template":"highway","default_image_id":0,"font":"","enabled":false},"version":2}},"categories":[21],"tags":[],"class_list":["post-51860","post","type-post","status-publish","format-standard","has-post-thumbnail","hentry","category-locales"],"aioseo_notices":[],"views":9,"jetpack_publicize_connections":[],"jetpack_featured_media_url":"https:\/\/i0.wp.com\/elterritorialweb.com.ar\/web\/wp-content\/uploads\/2023\/04\/WhatsApp-Image-2023-04-13-at-13.28.42.jpeg?fit=1600%2C1066&ssl=1","jetpack_sharing_enabled":true,"_links":{"self":[{"href":"https:\/\/elterritorialweb.com.ar\/web\/wp-json\/wp\/v2\/posts\/51860","targetHints":{"allow":["GET"]}}],"collection":[{"href":"https:\/\/elterritorialweb.com.ar\/web\/wp-json\/wp\/v2\/posts"}],"about":[{"href":"https:\/\/elterritorialweb.com.ar\/web\/wp-json\/wp\/v2\/types\/post"}],"author":[{"embeddable":true,"href":"https:\/\/elterritorialweb.com.ar\/web\/wp-json\/wp\/v2\/users\/2"}],"replies":[{"embeddable":true,"href":"https:\/\/elterritorialweb.com.ar\/web\/wp-json\/wp\/v2\/comments?post=51860"}],"version-history":[{"count":2,"href":"https:\/\/elterritorialweb.com.ar\/web\/wp-json\/wp\/v2\/posts\/51860\/revisions"}],"predecessor-version":[{"id":51866,"href":"https:\/\/elterritorialweb.com.ar\/web\/wp-json\/wp\/v2\/posts\/51860\/revisions\/51866"}],"wp:featuredmedia":[{"embeddable":true,"href":"https:\/\/elterritorialweb.com.ar\/web\/wp-json\/wp\/v2\/media\/51861"}],"wp:attachment":[{"href":"https:\/\/elterritorialweb.com.ar\/web\/wp-json\/wp\/v2\/media?parent=51860"}],"wp:term":[{"taxonomy":"category","embeddable":true,"href":"https:\/\/elterritorialweb.com.ar\/web\/wp-json\/wp\/v2\/categories?post=51860"},{"taxonomy":"post_tag","embeddable":true,"href":"https:\/\/elterritorialweb.com.ar\/web\/wp-json\/wp\/v2\/tags?post=51860"}],"curies":[{"name":"wp","href":"https:\/\/api.w.org\/{rel}","templated":true}]}}