{"id":51896,"date":"2023-04-14T17:41:34","date_gmt":"2023-04-14T17:41:34","guid":{"rendered":"http:\/\/elterritorialweb.com.ar\/web\/?p=51896"},"modified":"2023-04-14T17:50:03","modified_gmt":"2023-04-14T17:50:03","slug":"fernandez-las-obras-no-son-de-un-gobierno","status":"publish","type":"post","link":"https:\/\/elterritorialweb.com.ar\/web\/fernandez-las-obras-no-son-de-un-gobierno\/","title":{"rendered":"FERN\u00c1NDEZ: \u00abLAS OBRAS NO SON DE UN GOBIERNO, SON DE LOS ARGENTINOS\u00bb"},"content":{"rendered":"\n<p>El presidente<strong>&nbsp;Alberto Fern\u00e1ndez asegur\u00f3 que&nbsp;<\/strong>\u00ab<strong>hay que terminar con la discusi\u00f3n de empresarios por un lado y el Estado por el otro<\/strong>\u00ab. Durante el acto de inauguraci\u00f3n de una nueva terminal de partidas en el Aeropuerto Internacional de Ezeiza, el mandatario se\u00f1al\u00f3 que las obras \u00abno son de un gobierno, son de los argentinos\u00bb y \u00abqu\u00e9 importa qui\u00e9n lo empez\u00f3, lo importante es concluirlo\u00bb.<\/p>\n\n\n\n<p>Fern\u00e1ndez lleva adelante una cargada agenda presidencial, luego de&nbsp;<a href=\"http:\/\/elterritorialweb.com.ar\/web\/el-presidente-entrego-la-vivienda-100-mil-en-santiago-del-estero\/\" data-type=\"URL\" data-id=\"http:\/\/elterritorialweb.com.ar\/web\/el-presidente-entrego-la-vivienda-100-mil-en-santiago-del-estero\/\">entregar la vivienda n\u00famero 100.000 en su gesti\u00f3n<\/a>, en Santiago del Estero. Durante la ma\u00f1ana del viernes estuvo presente en Ezeiza para inaugurar nuevas obras.<\/p>\n\n\n\n<p><strong>\u00abLa verdad argentina necesita mucho de los empresarios argentinos, son los que realmente invierten dan trabajo y hacen crecer al pa\u00eds; sin olvidarse de los que m\u00e1s necesitan\u00bb<\/strong>, se\u00f1al\u00f3 el mandatario.<\/p>\n\n\n\n<p>A\u00f1adi\u00f3, que cuando lleg\u00f3 al Gobierno el 70% de las obras estaban paralizadas por razones econ\u00f3micas, \u00abpero nosotros a diferencia de otros no paramos obras, lo importante era terminarlas\u00bb.<\/p>\n\n\n\n<p>En esta l\u00ednea&nbsp;<strong>remarc\u00f3 la importancia de la inversi\u00f3n de los empresarios argentinos&nbsp;<\/strong>para trabajar junto al Estado. \u00abLa Argentina que nosotros necesitamos, es una argentina que concilie el ingenio y la decisi\u00f3n de empresarios argentinos\u00bb, remarc\u00f3 Fern\u00e1ndez.<\/p>\n\n\n\n<p>En sinton\u00eda explic\u00f3 que \u00abcon el esfuerzo del estado, que se asocie a ellos para llevar adelante lo que la Argentina necesita y terminar con esa discusi\u00f3n que los empresarios est\u00e1n por un lado y el estado por el otro. Ni el capital privado puede reemplazar las funciones esenciales que el estado tiene, ni el estado tiene que meterse en la actividad privada\u00bb.<\/p>\n","protected":false},"excerpt":{"rendered":"<p>El Presidente inaugur\u00f3 una nueva terminal de partidas del Aeropuerto Internacional Ministro Pistarini, donde destac\u00f3 que el sector privado es el \u00abque realmente invierten dan trabajo y hacen crecer al pa\u00eds\u00bb. Durante el acto, asegur\u00f3 que \u00ablas obras no son de un gobierno, son de los argentinos\u00bb.<\/p>\n","protected":false},"author":2,"featured_media":51897,"comment_status":"open","ping_status":"open","sticky":false,"template":"","format":"standard","meta":{"om_disable_all_campaigns":false,"_monsterinsights_skip_tracking":false,"_monsterinsights_sitenote_active":false,"_monsterinsights_sitenote_note":"","_monsterinsights_sitenote_category":0,"_uf_show_specific_survey":0,"_uf_disable_surveys":false,"jetpack_post_was_ever_published":false,"_jetpack_newsletter_access":"","_jetpack_dont_email_post_to_subs":false,"_jetpack_newsletter_tier_id":0,"_jetpack_memberships_contains_paywalled_content":false,"_jetpack_memberships_contains_paid_content":false,"footnotes":"","jetpack_publicize_message":"","jetpack_publicize_feature_enabled":true,"jetpack_social_post_already_shared":true,"jetpack_social_options":{"image_generator_settings":{"template":"highway","default_image_id":0,"font":"","enabled":false},"version":2}},"categories":[4,18],"tags":[],"class_list":["post-51896","post","type-post","status-publish","format-standard","has-post-thumbnail","hentry","category-destacadas","category-politica"],"aioseo_notices":[],"views":10,"jetpack_publicize_connections":[],"jetpack_featured_media_url":"https:\/\/i0.wp.com\/elterritorialweb.com.ar\/web\/wp-content\/uploads\/2023\/04\/Screenshot_20230414-1428342.png?fit=883%2C630&ssl=1","jetpack_sharing_enabled":true,"_links":{"self":[{"href":"https:\/\/elterritorialweb.com.ar\/web\/wp-json\/wp\/v2\/posts\/51896","targetHints":{"allow":["GET"]}}],"collection":[{"href":"https:\/\/elterritorialweb.com.ar\/web\/wp-json\/wp\/v2\/posts"}],"about":[{"href":"https:\/\/elterritorialweb.com.ar\/web\/wp-json\/wp\/v2\/types\/post"}],"author":[{"embeddable":true,"href":"https:\/\/elterritorialweb.com.ar\/web\/wp-json\/wp\/v2\/users\/2"}],"replies":[{"embeddable":true,"href":"https:\/\/elterritorialweb.com.ar\/web\/wp-json\/wp\/v2\/comments?post=51896"}],"version-history":[{"count":2,"href":"https:\/\/elterritorialweb.com.ar\/web\/wp-json\/wp\/v2\/posts\/51896\/revisions"}],"predecessor-version":[{"id":51900,"href":"https:\/\/elterritorialweb.com.ar\/web\/wp-json\/wp\/v2\/posts\/51896\/revisions\/51900"}],"wp:featuredmedia":[{"embeddable":true,"href":"https:\/\/elterritorialweb.com.ar\/web\/wp-json\/wp\/v2\/media\/51897"}],"wp:attachment":[{"href":"https:\/\/elterritorialweb.com.ar\/web\/wp-json\/wp\/v2\/media?parent=51896"}],"wp:term":[{"taxonomy":"category","embeddable":true,"href":"https:\/\/elterritorialweb.com.ar\/web\/wp-json\/wp\/v2\/categories?post=51896"},{"taxonomy":"post_tag","embeddable":true,"href":"https:\/\/elterritorialweb.com.ar\/web\/wp-json\/wp\/v2\/tags?post=51896"}],"curies":[{"name":"wp","href":"https:\/\/api.w.org\/{rel}","templated":true}]}}