{"id":51901,"date":"2023-04-14T18:04:03","date_gmt":"2023-04-14T18:04:03","guid":{"rendered":"http:\/\/elterritorialweb.com.ar\/web\/?p=51901"},"modified":"2023-04-14T18:04:05","modified_gmt":"2023-04-14T18:04:05","slug":"el-gobierno-anuncio-un-aumento-del-42-a-las-becas-progresar","status":"publish","type":"post","link":"https:\/\/elterritorialweb.com.ar\/web\/el-gobierno-anuncio-un-aumento-del-42-a-las-becas-progresar\/","title":{"rendered":"EL GOBIERNO ANUNCI\u00d3 UN AUMENTO DEL 42% A LAS BECAS PROGRESAR"},"content":{"rendered":"\n<p>Los ministros de Econom\u00eda,\u00a0<strong>Sergio Massa<\/strong>, de Educaci\u00f3n,\u00a0<strong>Jaime Perczyk<\/strong>, anunciaron\u00a0<strong>un aumento del 42% de las becas Progresar a partir de este mes, tras acordar con el Banco Mundial un desembolso de u$s300 millones.<\/strong><\/p>\n\n\n\n<p>Fue tras la reuni\u00f3n que ambos funcionarios mantuvieron en Washington con la Directora Ejecutiva por Argentina y el Cono Sur en el Grupo Banco Mundial,\u00a0<strong>Cecilia Nah\u00f3n<\/strong>, tras el encuentro que la semana pasada hab\u00edan mantenido el pa\u00eds con funcionarios del organismo multilateral de cr\u00e9dito. El desembolso del Banco Mundial \u00abestar\u00e1 destinado a las becas Progresar y a fortalecer las trayectorias educativas\u00bb.<\/p>\n\n\n\n<p>Ambos funcionarios del Gobierno Nacional se encuentran en Estados Unidos para participar de las Reuniones de Primavera 2023 del Banco Mundial y del Fondo Monetario Internacional. En este marco, Massa sostuvo que \u201clas Becas Progresar aumentar\u00e1n un 42% gracias al desembolso de 300 millones de d\u00f3lares que acordamos con el Banco Mundial, lo que nos permitir\u00e1 seguir fortaleciendo las trayectorias educativas al elevar a 12.780 pesos el monto que reciben 1.700.000 j\u00f3venes\u201d.<\/p>\n\n\n\n<p><strong>beca Progresar \u201cser\u00e1 de 3.780 pesos en abril, por lo que pasar\u00e1 de 9.000 a 12.780 pesos para los 1,7 millones de beneficiarios\u201d.<\/strong><\/p>\n\n\n\n<p>Progresar es el programa implementado por el Gobierno nacional para fortalecer el ingreso, la permanencia y el egreso de los estudiantes, promover la finalizaci\u00f3n de la educaci\u00f3n obligatoria y fomentar la educaci\u00f3n superior y cursos de formaci\u00f3n profesional.<\/p>\n\n\n\n<p>En diciembre de 2021, el programa se ampli\u00f3 para incluir a las y los estudiantes de 16 y 17 a\u00f1os. Contempla, adem\u00e1s, poblaciones priorizadas para las cuales var\u00edan los requisitos de edad. Cuenta con 4 tipos de beca: Progresar Obligatorio (que incluye la l\u00ednea 16 y 17), Progresar Superior, Progresar Enfermer\u00eda y Progresar Trabajo. El Nivel Obligatorio concentra la mayor cantidad de titulares con 924.484 (54,46 %) y luego lo siguen el Nivel Superior y Enfermer\u00eda, que distinguen Nivel Universitario (con 412.120, 24,28 %) y Nivel No Universitario (con 270.079, 15,91 %).<\/p>\n","protected":false},"excerpt":{"rendered":"<p>Ascender\u00e1n a $12.780, tras un acuerdo con el Banco Mundial, que desembolsar\u00e1 u$s300 millones. Esta suba beneficiar\u00e1 a 1.700.000 j\u00f3venes.<\/p>\n","protected":false},"author":2,"featured_media":51902,"comment_status":"open","ping_status":"open","sticky":false,"template":"","format":"standard","meta":{"om_disable_all_campaigns":false,"_monsterinsights_skip_tracking":false,"_monsterinsights_sitenote_active":false,"_monsterinsights_sitenote_note":"","_monsterinsights_sitenote_category":0,"_uf_show_specific_survey":0,"_uf_disable_surveys":false,"jetpack_post_was_ever_published":false,"_jetpack_newsletter_access":"","_jetpack_dont_email_post_to_subs":false,"_jetpack_newsletter_tier_id":0,"_jetpack_memberships_contains_paywalled_content":false,"_jetpack_memberships_contains_paid_content":false,"footnotes":"","jetpack_publicize_message":"","jetpack_publicize_feature_enabled":true,"jetpack_social_post_already_shared":true,"jetpack_social_options":{"image_generator_settings":{"template":"highway","default_image_id":0,"font":"","enabled":false},"version":2}},"categories":[19],"tags":[],"class_list":["post-51901","post","type-post","status-publish","format-standard","has-post-thumbnail","hentry","category-educacion"],"aioseo_notices":[],"views":14,"jetpack_publicize_connections":[],"jetpack_featured_media_url":"https:\/\/i0.wp.com\/elterritorialweb.com.ar\/web\/wp-content\/uploads\/2023\/04\/0bc0c3cc-fe65-4e4d-8a6b-2e1fb6a45418_16-9-discover-aspect-ratio_default_0.jpg?fit=1200%2C675&ssl=1","jetpack_sharing_enabled":true,"_links":{"self":[{"href":"https:\/\/elterritorialweb.com.ar\/web\/wp-json\/wp\/v2\/posts\/51901","targetHints":{"allow":["GET"]}}],"collection":[{"href":"https:\/\/elterritorialweb.com.ar\/web\/wp-json\/wp\/v2\/posts"}],"about":[{"href":"https:\/\/elterritorialweb.com.ar\/web\/wp-json\/wp\/v2\/types\/post"}],"author":[{"embeddable":true,"href":"https:\/\/elterritorialweb.com.ar\/web\/wp-json\/wp\/v2\/users\/2"}],"replies":[{"embeddable":true,"href":"https:\/\/elterritorialweb.com.ar\/web\/wp-json\/wp\/v2\/comments?post=51901"}],"version-history":[{"count":1,"href":"https:\/\/elterritorialweb.com.ar\/web\/wp-json\/wp\/v2\/posts\/51901\/revisions"}],"predecessor-version":[{"id":51903,"href":"https:\/\/elterritorialweb.com.ar\/web\/wp-json\/wp\/v2\/posts\/51901\/revisions\/51903"}],"wp:featuredmedia":[{"embeddable":true,"href":"https:\/\/elterritorialweb.com.ar\/web\/wp-json\/wp\/v2\/media\/51902"}],"wp:attachment":[{"href":"https:\/\/elterritorialweb.com.ar\/web\/wp-json\/wp\/v2\/media?parent=51901"}],"wp:term":[{"taxonomy":"category","embeddable":true,"href":"https:\/\/elterritorialweb.com.ar\/web\/wp-json\/wp\/v2\/categories?post=51901"},{"taxonomy":"post_tag","embeddable":true,"href":"https:\/\/elterritorialweb.com.ar\/web\/wp-json\/wp\/v2\/tags?post=51901"}],"curies":[{"name":"wp","href":"https:\/\/api.w.org\/{rel}","templated":true}]}}