{"id":53725,"date":"2023-06-03T23:55:55","date_gmt":"2023-06-03T23:55:55","guid":{"rendered":"http:\/\/elterritorialweb.com.ar\/web\/?p=53725"},"modified":"2023-06-03T23:55:58","modified_gmt":"2023-06-03T23:55:58","slug":"el-municipio-bandeno-acompano-los-festejos-por-el-dia-nacional-del-bombero-voluntario","status":"publish","type":"post","link":"https:\/\/elterritorialweb.com.ar\/web\/el-municipio-bandeno-acompano-los-festejos-por-el-dia-nacional-del-bombero-voluntario\/","title":{"rendered":"EL MUNICIPIO BANDE\u00d1O ACOMPA\u00d1\u00d3 LOS FESTEJOS POR EL D\u00cdA NACIONAL DEL BOMBERO VOLUNTARIO"},"content":{"rendered":"\n<p>En este sentido, el viceintendente, Gabriel Santill\u00e1n; el secretario de Seguridad y Ordenamiento Urbano, Joaqu\u00edn Romano Norri y la subsecretaria del \u00e1rea, Carolina Montenegro participaron de los eventos, en los que tambi\u00e9n estuvieron presentes, concejales, autoridades del cuerpo de bomberos, autoridades y representantes de diferentes entidades, vecinos y dem\u00e1s presentes.<br>El 2 de junio se celebra en todo el pa\u00eds el D\u00eda Nacional del Bombero Voluntario en honor a la fundaci\u00f3n del primer cuerpo de bomberos voluntarios en La Boca, Buenos Aires, para honrar a los hombres y mujeres que, con gran responsabilidad y vocaci\u00f3n, cumplen un importante rol social en la prevenci\u00f3n y cuidado de sus comunidades.<\/p>\n\n\n\n<figure class=\"wp-block-image size-large\"><a href=\"https:\/\/i0.wp.com\/elterritorialweb.com.ar\/web\/wp-content\/uploads\/2023\/06\/WhatsApp-Image-2023-06-03-at-12.50.46.jpeg\"><img data-recalc-dims=\"1\" decoding=\"async\" width=\"640\" height=\"426\" data-src=\"https:\/\/i0.wp.com\/elterritorialweb.com.ar\/web\/wp-content\/uploads\/2023\/06\/WhatsApp-Image-2023-06-03-at-12.50.46.jpeg?resize=640%2C426\" alt=\"\" class=\"wp-image-53727 lazyload\" data-srcset=\"https:\/\/i0.wp.com\/elterritorialweb.com.ar\/web\/wp-content\/uploads\/2023\/06\/WhatsApp-Image-2023-06-03-at-12.50.46.jpeg?resize=1024%2C682&amp;ssl=1 1024w, https:\/\/i0.wp.com\/elterritorialweb.com.ar\/web\/wp-content\/uploads\/2023\/06\/WhatsApp-Image-2023-06-03-at-12.50.46.jpeg?resize=300%2C200&amp;ssl=1 300w, https:\/\/i0.wp.com\/elterritorialweb.com.ar\/web\/wp-content\/uploads\/2023\/06\/WhatsApp-Image-2023-06-03-at-12.50.46.jpeg?resize=768%2C512&amp;ssl=1 768w, https:\/\/i0.wp.com\/elterritorialweb.com.ar\/web\/wp-content\/uploads\/2023\/06\/WhatsApp-Image-2023-06-03-at-12.50.46.jpeg?resize=1536%2C1023&amp;ssl=1 1536w, https:\/\/i0.wp.com\/elterritorialweb.com.ar\/web\/wp-content\/uploads\/2023\/06\/WhatsApp-Image-2023-06-03-at-12.50.46.jpeg?w=1600&amp;ssl=1 1600w, https:\/\/i0.wp.com\/elterritorialweb.com.ar\/web\/wp-content\/uploads\/2023\/06\/WhatsApp-Image-2023-06-03-at-12.50.46.jpeg?w=1280 1280w\" data-sizes=\"(max-width: 640px) 100vw, 640px\" src=\"data:image\/svg+xml;base64,PHN2ZyB3aWR0aD0iMSIgaGVpZ2h0PSIxIiB4bWxucz0iaHR0cDovL3d3dy53My5vcmcvMjAwMC9zdmciPjwvc3ZnPg==\" style=\"--smush-placeholder-width: 640px; --smush-placeholder-aspect-ratio: 640\/426;\" \/><\/a><\/figure>\n\n\n\n<p>Por su parte, el viceintendente, Gabriel Santill\u00e1n remarc\u00f3 la importancia de la educaci\u00f3n y la perseverancia en los profesionales de bomberos, felicit\u00e1ndolos por su valent\u00eda y servicio de d\u00e9cadas hacia la comunidad y expres\u00f3: \u201cNos honra grandemente poder participar de este este tipo de acontecimientos, conmemorando a quienes se dedican a esta noble profesi\u00f3n que necesita del inter\u00e9s para realizarla, valent\u00eda, coraje y amor. Realmente es un peque\u00f1o gesto, es algo m\u00ednimo que le podemos devolver y reconocer a todo lo que hacen por nuestra comunidad, y as\u00ed tambi\u00e9n nos complace poder acompa\u00f1arnos en cada ascenso, cada egreso, porque realmente es alguien abocado a salvar a nuestras comunidades y nuestra ciudadan\u00eda\u201d.<\/p>\n","protected":false},"excerpt":{"rendered":"<p>Autoridades de la Municipalidad de la ciudad de La Banda acompa\u00f1aron los festejos que se llevaron a cabo en el Cuartel de Bomberos Voluntarios en el marco de la celebraci\u00f3n del d\u00eda nacional de los mismos.<\/p>\n","protected":false},"author":2,"featured_media":53726,"comment_status":"open","ping_status":"open","sticky":false,"template":"","format":"standard","meta":{"om_disable_all_campaigns":false,"_monsterinsights_skip_tracking":false,"_monsterinsights_sitenote_active":false,"_monsterinsights_sitenote_note":"","_monsterinsights_sitenote_category":0,"_uf_show_specific_survey":0,"_uf_disable_surveys":false,"jetpack_post_was_ever_published":false,"_jetpack_newsletter_access":"","_jetpack_dont_email_post_to_subs":false,"_jetpack_newsletter_tier_id":0,"_jetpack_memberships_contains_paywalled_content":false,"_jetpack_memberships_contains_paid_content":false,"footnotes":"","jetpack_publicize_message":"","jetpack_publicize_feature_enabled":true,"jetpack_social_post_already_shared":true,"jetpack_social_options":{"image_generator_settings":{"template":"highway","default_image_id":0,"font":"","enabled":false},"version":2}},"categories":[9],"tags":[158,71],"class_list":["post-53725","post","type-post","status-publish","format-standard","has-post-thumbnail","hentry","category-banda","tag-bombero-voluntario","tag-municipalidad-de-la-banda"],"aioseo_notices":[],"views":12,"jetpack_publicize_connections":[],"jetpack_featured_media_url":"https:\/\/i0.wp.com\/elterritorialweb.com.ar\/web\/wp-content\/uploads\/2023\/06\/WhatsApp-Image-2023-06-03-at-12.50.46-1.jpeg?fit=1600%2C1031&ssl=1","jetpack_sharing_enabled":true,"_links":{"self":[{"href":"https:\/\/elterritorialweb.com.ar\/web\/wp-json\/wp\/v2\/posts\/53725","targetHints":{"allow":["GET"]}}],"collection":[{"href":"https:\/\/elterritorialweb.com.ar\/web\/wp-json\/wp\/v2\/posts"}],"about":[{"href":"https:\/\/elterritorialweb.com.ar\/web\/wp-json\/wp\/v2\/types\/post"}],"author":[{"embeddable":true,"href":"https:\/\/elterritorialweb.com.ar\/web\/wp-json\/wp\/v2\/users\/2"}],"replies":[{"embeddable":true,"href":"https:\/\/elterritorialweb.com.ar\/web\/wp-json\/wp\/v2\/comments?post=53725"}],"version-history":[{"count":1,"href":"https:\/\/elterritorialweb.com.ar\/web\/wp-json\/wp\/v2\/posts\/53725\/revisions"}],"predecessor-version":[{"id":53728,"href":"https:\/\/elterritorialweb.com.ar\/web\/wp-json\/wp\/v2\/posts\/53725\/revisions\/53728"}],"wp:featuredmedia":[{"embeddable":true,"href":"https:\/\/elterritorialweb.com.ar\/web\/wp-json\/wp\/v2\/media\/53726"}],"wp:attachment":[{"href":"https:\/\/elterritorialweb.com.ar\/web\/wp-json\/wp\/v2\/media?parent=53725"}],"wp:term":[{"taxonomy":"category","embeddable":true,"href":"https:\/\/elterritorialweb.com.ar\/web\/wp-json\/wp\/v2\/categories?post=53725"},{"taxonomy":"post_tag","embeddable":true,"href":"https:\/\/elterritorialweb.com.ar\/web\/wp-json\/wp\/v2\/tags?post=53725"}],"curies":[{"name":"wp","href":"https:\/\/api.w.org\/{rel}","templated":true}]}}