{"id":53772,"date":"2023-06-04T22:27:40","date_gmt":"2023-06-04T22:27:40","guid":{"rendered":"http:\/\/elterritorialweb.com.ar\/web\/?p=53772"},"modified":"2023-06-04T22:27:42","modified_gmt":"2023-06-04T22:27:42","slug":"fuentes-participo-de-un-brindis-por-el-dia-de-las-maestras-jardineras","status":"publish","type":"post","link":"https:\/\/elterritorialweb.com.ar\/web\/fuentes-participo-de-un-brindis-por-el-dia-de-las-maestras-jardineras\/","title":{"rendered":"FUENTES PARTICIP\u00d3 DE UN BRINDIS POR EL D\u00cdA DE LAS MAESTRAS JARDINERAS"},"content":{"rendered":"\n<p>Acompa\u00f1ada por el presidente del Concejo Deliberante, Humberto Santill\u00e1n, y miembros de su gabinete, la Ing. Fuentes particip\u00f3 del brindis que se realiz\u00f3 con motivo del D\u00eda de los Jardines de Infantes y de las Maestras Jardineras.<\/p>\n\n\n\n<p>La educaci\u00f3n municipal tiene a su cargo 26 jardines de infantes a los que asisten m\u00e1s de 4.100 alumnos.<\/p>\n\n\n\n<p>La intendente puso \u00e9nfasis en el esfuerzo y el compromiso para formar ciudadanos con valores en el medio ambiente y la solidaridad.<\/p>\n\n\n\n<p>Dijo adem\u00e1s que la tarea que hacen las docentes es \u00fanica tanto las que tienen una larga trayectoria en el sistema como las que reci\u00e9n ingresan.<\/p>\n\n\n\n<figure class=\"wp-block-image size-large\"><a href=\"https:\/\/i0.wp.com\/elterritorialweb.com.ar\/web\/wp-content\/uploads\/2023\/06\/WhatsApp-Image-2023-06-04-at-00.29.05.jpeg\"><img data-recalc-dims=\"1\" decoding=\"async\" width=\"640\" height=\"480\" data-src=\"https:\/\/i0.wp.com\/elterritorialweb.com.ar\/web\/wp-content\/uploads\/2023\/06\/WhatsApp-Image-2023-06-04-at-00.29.05.jpeg?resize=640%2C480\" alt=\"\" class=\"wp-image-53774 lazyload\" data-srcset=\"https:\/\/i0.wp.com\/elterritorialweb.com.ar\/web\/wp-content\/uploads\/2023\/06\/WhatsApp-Image-2023-06-04-at-00.29.05.jpeg?resize=1024%2C768&amp;ssl=1 1024w, https:\/\/i0.wp.com\/elterritorialweb.com.ar\/web\/wp-content\/uploads\/2023\/06\/WhatsApp-Image-2023-06-04-at-00.29.05.jpeg?resize=300%2C225&amp;ssl=1 300w, https:\/\/i0.wp.com\/elterritorialweb.com.ar\/web\/wp-content\/uploads\/2023\/06\/WhatsApp-Image-2023-06-04-at-00.29.05.jpeg?resize=768%2C576&amp;ssl=1 768w, https:\/\/i0.wp.com\/elterritorialweb.com.ar\/web\/wp-content\/uploads\/2023\/06\/WhatsApp-Image-2023-06-04-at-00.29.05.jpeg?w=1280&amp;ssl=1 1280w\" data-sizes=\"(max-width: 640px) 100vw, 640px\" src=\"data:image\/svg+xml;base64,PHN2ZyB3aWR0aD0iMSIgaGVpZ2h0PSIxIiB4bWxucz0iaHR0cDovL3d3dy53My5vcmcvMjAwMC9zdmciPjwvc3ZnPg==\" style=\"--smush-placeholder-width: 640px; --smush-placeholder-aspect-ratio: 640\/480;\" \/><\/a><\/figure>\n\n\n\n<p>La jefa comunal se\u00f1al\u00f3 que todos los d\u00edas se piensa y se trabaja en las nuevas herramientas que permitan formar ni\u00f1os de todos los barrios de la ciudad con las mismas posibilidades y con proyecci\u00f3n para el futuro que necesita Santiago del Estero, como el manejo de las nuevas tecnolog\u00edas,&nbsp; rob\u00f3tica y el medio ambiente.<\/p>\n\n\n\n<p>Por \u00faltimo, la intendente destac\u00f3 la calidad educativa de los jardines municipales, que va de la mano de la pol\u00edtica p\u00fablica implementada a nivel provincial desde hace 18 a\u00f1os.<\/p>\n","protected":false},"excerpt":{"rendered":"<p>La intendente de la Capital, Ing. Norma Fuentes, destac\u00f3 el trabajo de las docentes del nivel inicial de la municipalidad para que la educaci\u00f3n llegue en igualdad de condiciones y posibilidades para todos los ni\u00f1os que concurren a los jardines de infantes que dependen de la comuna.<\/p>\n","protected":false},"author":2,"featured_media":53773,"comment_status":"open","ping_status":"open","sticky":false,"template":"","format":"standard","meta":{"om_disable_all_campaigns":false,"_monsterinsights_skip_tracking":false,"_monsterinsights_sitenote_active":false,"_monsterinsights_sitenote_note":"","_monsterinsights_sitenote_category":0,"_uf_show_specific_survey":0,"_uf_disable_surveys":false,"jetpack_post_was_ever_published":false,"_jetpack_newsletter_access":"","_jetpack_dont_email_post_to_subs":false,"_jetpack_newsletter_tier_id":0,"_jetpack_memberships_contains_paywalled_content":false,"_jetpack_memberships_contains_paid_content":false,"footnotes":"","jetpack_publicize_message":"","jetpack_publicize_feature_enabled":true,"jetpack_social_post_already_shared":true,"jetpack_social_options":{"image_generator_settings":{"template":"highway","default_image_id":0,"font":"","enabled":false},"version":2}},"categories":[21],"tags":[73,116],"class_list":["post-53772","post","type-post","status-publish","format-standard","has-post-thumbnail","hentry","category-locales","tag-municipalidad-de-la-capital","tag-norma-fuentes"],"aioseo_notices":[],"views":24,"jetpack_publicize_connections":[],"jetpack_featured_media_url":"https:\/\/i0.wp.com\/elterritorialweb.com.ar\/web\/wp-content\/uploads\/2023\/06\/fuentes-docentes-jardineras.jpeg?fit=1280%2C801&ssl=1","jetpack_sharing_enabled":true,"_links":{"self":[{"href":"https:\/\/elterritorialweb.com.ar\/web\/wp-json\/wp\/v2\/posts\/53772","targetHints":{"allow":["GET"]}}],"collection":[{"href":"https:\/\/elterritorialweb.com.ar\/web\/wp-json\/wp\/v2\/posts"}],"about":[{"href":"https:\/\/elterritorialweb.com.ar\/web\/wp-json\/wp\/v2\/types\/post"}],"author":[{"embeddable":true,"href":"https:\/\/elterritorialweb.com.ar\/web\/wp-json\/wp\/v2\/users\/2"}],"replies":[{"embeddable":true,"href":"https:\/\/elterritorialweb.com.ar\/web\/wp-json\/wp\/v2\/comments?post=53772"}],"version-history":[{"count":1,"href":"https:\/\/elterritorialweb.com.ar\/web\/wp-json\/wp\/v2\/posts\/53772\/revisions"}],"predecessor-version":[{"id":53775,"href":"https:\/\/elterritorialweb.com.ar\/web\/wp-json\/wp\/v2\/posts\/53772\/revisions\/53775"}],"wp:featuredmedia":[{"embeddable":true,"href":"https:\/\/elterritorialweb.com.ar\/web\/wp-json\/wp\/v2\/media\/53773"}],"wp:attachment":[{"href":"https:\/\/elterritorialweb.com.ar\/web\/wp-json\/wp\/v2\/media?parent=53772"}],"wp:term":[{"taxonomy":"category","embeddable":true,"href":"https:\/\/elterritorialweb.com.ar\/web\/wp-json\/wp\/v2\/categories?post=53772"},{"taxonomy":"post_tag","embeddable":true,"href":"https:\/\/elterritorialweb.com.ar\/web\/wp-json\/wp\/v2\/tags?post=53772"}],"curies":[{"name":"wp","href":"https:\/\/api.w.org\/{rel}","templated":true}]}}