{"id":53787,"date":"2023-06-05T18:56:30","date_gmt":"2023-06-05T18:56:30","guid":{"rendered":"http:\/\/elterritorialweb.com.ar\/web\/?p=53787"},"modified":"2023-06-05T18:56:34","modified_gmt":"2023-06-05T18:56:34","slug":"zamora-habilito-obras-en-la-escuela-n-327-y-entrego-viviendas-en-lujan","status":"publish","type":"post","link":"https:\/\/elterritorialweb.com.ar\/web\/zamora-habilito-obras-en-la-escuela-n-327-y-entrego-viviendas-en-lujan\/","title":{"rendered":"ZAMORA HABILIT\u00d3 OBRAS EN LA ESCUELA N\u00b0 327 Y ENTREG\u00d3 VIVIENDAS EN LUJAN"},"content":{"rendered":"\n<p>Esta vez dej\u00f3 habilitadas las ampliaciones y refacciones de la Escuela N\u00ba 327, que tambi\u00e9n es sede del Agrupamiento Educativo N\u00b0 86.014, y del Jard\u00edn de Infantes Anexo N\u00ba 466 \u00abPeque\u00f1o So\u00f1ador\u00bb, ubicados la localidad de Luj\u00e1n, departamento Figueroa.<\/p>\n\n\n\n<figure class=\"wp-block-image size-large\"><a href=\"https:\/\/i0.wp.com\/elterritorialweb.com.ar\/web\/wp-content\/uploads\/2023\/06\/WhatsApp-Image-2023-06-05-at-11.34.15-1.jpeg\"><img data-recalc-dims=\"1\" decoding=\"async\" width=\"640\" height=\"427\" data-src=\"https:\/\/i0.wp.com\/elterritorialweb.com.ar\/web\/wp-content\/uploads\/2023\/06\/WhatsApp-Image-2023-06-05-at-11.34.15-1.jpeg?resize=640%2C427\" alt=\"\" class=\"wp-image-53794 lazyload\" data-srcset=\"https:\/\/i0.wp.com\/elterritorialweb.com.ar\/web\/wp-content\/uploads\/2023\/06\/WhatsApp-Image-2023-06-05-at-11.34.15-1.jpeg?resize=1024%2C683&amp;ssl=1 1024w, https:\/\/i0.wp.com\/elterritorialweb.com.ar\/web\/wp-content\/uploads\/2023\/06\/WhatsApp-Image-2023-06-05-at-11.34.15-1.jpeg?resize=300%2C200&amp;ssl=1 300w, https:\/\/i0.wp.com\/elterritorialweb.com.ar\/web\/wp-content\/uploads\/2023\/06\/WhatsApp-Image-2023-06-05-at-11.34.15-1.jpeg?resize=768%2C512&amp;ssl=1 768w, https:\/\/i0.wp.com\/elterritorialweb.com.ar\/web\/wp-content\/uploads\/2023\/06\/WhatsApp-Image-2023-06-05-at-11.34.15-1.jpeg?w=1044&amp;ssl=1 1044w\" data-sizes=\"(max-width: 640px) 100vw, 640px\" src=\"data:image\/svg+xml;base64,PHN2ZyB3aWR0aD0iMSIgaGVpZ2h0PSIxIiB4bWxucz0iaHR0cDovL3d3dy53My5vcmcvMjAwMC9zdmciPjwvc3ZnPg==\" style=\"--smush-placeholder-width: 640px; --smush-placeholder-aspect-ratio: 640\/427;\" \/><\/a><\/figure>\n\n\n\n<p>Tambi\u00e9n en esta oportunidad entreg\u00f3 19 viviendas sociales a familias de la zona, las que fueron construidas con la colaboraci\u00f3n de la Comisi\u00f3n Municipal de El Cruce Sur y de las asociaciones de Fomento Comunal Luj\u00e1n; J\u00f3venes de Trabajo; Mujeres Trabajadoras de El Cruce; Gato Negro; de Fomento Comunal El Palomar y San Jos\u00e9 por El Progreso.<br>El mandatario lleg\u00f3 acompa\u00f1ado por los ministros de Educaci\u00f3n, Mariela Nassif; de Desarrollo Social, \u00c1ngel Niccolai, y de Obras P\u00fablicas, Aldo Hid.<\/p>\n\n\n\n<figure class=\"wp-block-image size-large\"><a href=\"https:\/\/i0.wp.com\/elterritorialweb.com.ar\/web\/wp-content\/uploads\/2023\/06\/WhatsApp-Image-2023-06-05-at-11.34.16-1.jpeg\"><img data-recalc-dims=\"1\" decoding=\"async\" width=\"640\" height=\"427\" data-src=\"https:\/\/i0.wp.com\/elterritorialweb.com.ar\/web\/wp-content\/uploads\/2023\/06\/WhatsApp-Image-2023-06-05-at-11.34.16-1.jpeg?resize=640%2C427\" alt=\"\" class=\"wp-image-53790 lazyload\" data-srcset=\"https:\/\/i0.wp.com\/elterritorialweb.com.ar\/web\/wp-content\/uploads\/2023\/06\/WhatsApp-Image-2023-06-05-at-11.34.16-1.jpeg?resize=1024%2C683&amp;ssl=1 1024w, https:\/\/i0.wp.com\/elterritorialweb.com.ar\/web\/wp-content\/uploads\/2023\/06\/WhatsApp-Image-2023-06-05-at-11.34.16-1.jpeg?resize=300%2C200&amp;ssl=1 300w, https:\/\/i0.wp.com\/elterritorialweb.com.ar\/web\/wp-content\/uploads\/2023\/06\/WhatsApp-Image-2023-06-05-at-11.34.16-1.jpeg?resize=768%2C512&amp;ssl=1 768w, https:\/\/i0.wp.com\/elterritorialweb.com.ar\/web\/wp-content\/uploads\/2023\/06\/WhatsApp-Image-2023-06-05-at-11.34.16-1.jpeg?w=1044&amp;ssl=1 1044w\" data-sizes=\"(max-width: 640px) 100vw, 640px\" src=\"data:image\/svg+xml;base64,PHN2ZyB3aWR0aD0iMSIgaGVpZ2h0PSIxIiB4bWxucz0iaHR0cDovL3d3dy53My5vcmcvMjAwMC9zdmciPjwvc3ZnPg==\" style=\"--smush-placeholder-width: 640px; --smush-placeholder-aspect-ratio: 640\/427;\" \/><\/a><\/figure>\n\n\n\n<p>Las autoridades fueron recibidas por el comisionado municipal de El Cruce, H\u00e9ctor T\u00f3rrez.<br>En primera instancia se realiz\u00f3 el corte de cintas en la vivienda de Juan Carlos G\u00f3mez, donde se hizo la entrega simb\u00f3lica de llaves a todas las familias beneficiarias.<br>Luego se realiz\u00f3 el acto en la escuela donde fueron recibidos por la directora Mabel Soledad T\u00f3rrez.<br>Previo a la ceremonia se coloc\u00f3 un \u00e1rbol en el patio de entrada, como parte del programa provincial Plantando Futuro y en coincidencia con el D\u00eda Mundial del Medio Ambiente.<\/p>\n\n\n\n<figure class=\"wp-block-image size-large\"><a href=\"https:\/\/i0.wp.com\/elterritorialweb.com.ar\/web\/wp-content\/uploads\/2023\/06\/WhatsApp-Image-2023-06-05-at-11.34.16.jpeg\"><img data-recalc-dims=\"1\" decoding=\"async\" width=\"640\" height=\"427\" data-src=\"https:\/\/i0.wp.com\/elterritorialweb.com.ar\/web\/wp-content\/uploads\/2023\/06\/WhatsApp-Image-2023-06-05-at-11.34.16.jpeg?resize=640%2C427\" alt=\"\" class=\"wp-image-53791 lazyload\" data-srcset=\"https:\/\/i0.wp.com\/elterritorialweb.com.ar\/web\/wp-content\/uploads\/2023\/06\/WhatsApp-Image-2023-06-05-at-11.34.16.jpeg?resize=1024%2C683&amp;ssl=1 1024w, https:\/\/i0.wp.com\/elterritorialweb.com.ar\/web\/wp-content\/uploads\/2023\/06\/WhatsApp-Image-2023-06-05-at-11.34.16.jpeg?resize=300%2C200&amp;ssl=1 300w, https:\/\/i0.wp.com\/elterritorialweb.com.ar\/web\/wp-content\/uploads\/2023\/06\/WhatsApp-Image-2023-06-05-at-11.34.16.jpeg?resize=768%2C512&amp;ssl=1 768w, https:\/\/i0.wp.com\/elterritorialweb.com.ar\/web\/wp-content\/uploads\/2023\/06\/WhatsApp-Image-2023-06-05-at-11.34.16.jpeg?w=1044&amp;ssl=1 1044w\" data-sizes=\"(max-width: 640px) 100vw, 640px\" src=\"data:image\/svg+xml;base64,PHN2ZyB3aWR0aD0iMSIgaGVpZ2h0PSIxIiB4bWxucz0iaHR0cDovL3d3dy53My5vcmcvMjAwMC9zdmciPjwvc3ZnPg==\" style=\"--smush-placeholder-width: 640px; --smush-placeholder-aspect-ratio: 640\/427;\" \/><\/a><\/figure>\n\n\n\n<p>Durante el acto, Zamora celebr\u00f3 la posibilidad de seguir avanzando en la ejecuci\u00f3n de obras de infraestructura educativa para generar m\u00e1s igualdad de oportunidades para las nuevas generaciones.<br>En este marco record\u00f3 el 202\u00b0 Aniversario del Pacto de Vinar\u00e1 y las firmes convicciones de hombres como Juan Francisco Borges y Juan Felipe Ibarra que so\u00f1aron con un pa\u00eds m\u00e1s justo y federal.<br>Haciendo referencia a esta fecha el mandatario hizo un fuerte llamado a defender el federalismo y luchar contra las pol\u00edticas centralistas que en los \u00faltimos dos siglos hundieron en la pobreza al interior, especialmente en el Norte Argentino.<\/p>\n\n\n\n<figure class=\"wp-block-image size-large\"><a href=\"https:\/\/i0.wp.com\/elterritorialweb.com.ar\/web\/wp-content\/uploads\/2023\/06\/WhatsApp-Image-2023-06-05-at-11.34.16-2.jpeg\"><img data-recalc-dims=\"1\" decoding=\"async\" width=\"640\" height=\"427\" data-src=\"https:\/\/i0.wp.com\/elterritorialweb.com.ar\/web\/wp-content\/uploads\/2023\/06\/WhatsApp-Image-2023-06-05-at-11.34.16-2.jpeg?resize=640%2C427\" alt=\"\" class=\"wp-image-53789 lazyload\" data-srcset=\"https:\/\/i0.wp.com\/elterritorialweb.com.ar\/web\/wp-content\/uploads\/2023\/06\/WhatsApp-Image-2023-06-05-at-11.34.16-2.jpeg?resize=1024%2C683&amp;ssl=1 1024w, https:\/\/i0.wp.com\/elterritorialweb.com.ar\/web\/wp-content\/uploads\/2023\/06\/WhatsApp-Image-2023-06-05-at-11.34.16-2.jpeg?resize=300%2C200&amp;ssl=1 300w, https:\/\/i0.wp.com\/elterritorialweb.com.ar\/web\/wp-content\/uploads\/2023\/06\/WhatsApp-Image-2023-06-05-at-11.34.16-2.jpeg?resize=768%2C512&amp;ssl=1 768w, https:\/\/i0.wp.com\/elterritorialweb.com.ar\/web\/wp-content\/uploads\/2023\/06\/WhatsApp-Image-2023-06-05-at-11.34.16-2.jpeg?w=1044&amp;ssl=1 1044w\" data-sizes=\"(max-width: 640px) 100vw, 640px\" src=\"data:image\/svg+xml;base64,PHN2ZyB3aWR0aD0iMSIgaGVpZ2h0PSIxIiB4bWxucz0iaHR0cDovL3d3dy53My5vcmcvMjAwMC9zdmciPjwvc3ZnPg==\" style=\"--smush-placeholder-width: 640px; --smush-placeholder-aspect-ratio: 640\/427;\" \/><\/a><\/figure>\n\n\n\n<p>\u00abHablar del Pacto de Vinar\u00e1 es hablar de federalismo, que significa reconstruir ese tejido social sin las asimetr\u00edas que ha generado esa vocaci\u00f3n unitaria\u00bb, se\u00f1al\u00f3.<br>En ese contexto reivindic\u00f3 a las provincias como Santiago del Estero que son generadoras de riquezas para el pa\u00eds a partir de la exportaci\u00f3n de productos que permiten el ingreso de d\u00f3lares y alent\u00f3 a los pobladores de Luj\u00e1n a comprometerse con este proceso de crecimiento sin importar las contingencias.<\/p>\n","protected":false},"excerpt":{"rendered":"<p>El gobernador Gerardo Zamora continu\u00f3 este lunes con el cronograma de inauguraciones que se lleva adelante en todo el territorio provincial.<\/p>\n","protected":false},"author":2,"featured_media":53793,"comment_status":"open","ping_status":"open","sticky":false,"template":"","format":"standard","meta":{"om_disable_all_campaigns":false,"_monsterinsights_skip_tracking":false,"_monsterinsights_sitenote_active":false,"_monsterinsights_sitenote_note":"","_monsterinsights_sitenote_category":0,"_uf_show_specific_survey":0,"_uf_disable_surveys":false,"jetpack_post_was_ever_published":false,"_jetpack_newsletter_access":"","_jetpack_dont_email_post_to_subs":false,"_jetpack_newsletter_tier_id":0,"_jetpack_memberships_contains_paywalled_content":false,"_jetpack_memberships_contains_paid_content":false,"footnotes":"","jetpack_publicize_message":"","jetpack_publicize_feature_enabled":true,"jetpack_social_post_already_shared":true,"jetpack_social_options":{"image_generator_settings":{"template":"highway","default_image_id":0,"font":"","enabled":false},"version":2}},"categories":[4,21],"tags":[59,49],"class_list":["post-53787","post","type-post","status-publish","format-standard","has-post-thumbnail","hentry","category-destacadas","category-locales","tag-gerardo-zamora","tag-gobierno-de-santiago-del-estero"],"aioseo_notices":[],"views":4,"jetpack_publicize_connections":[],"jetpack_featured_media_url":"https:\/\/i0.wp.com\/elterritorialweb.com.ar\/web\/wp-content\/uploads\/2023\/06\/WhatsApp-Image-2023-06-05-at-11.34.15-2.jpeg?fit=1044%2C696&ssl=1","jetpack_sharing_enabled":true,"_links":{"self":[{"href":"https:\/\/elterritorialweb.com.ar\/web\/wp-json\/wp\/v2\/posts\/53787","targetHints":{"allow":["GET"]}}],"collection":[{"href":"https:\/\/elterritorialweb.com.ar\/web\/wp-json\/wp\/v2\/posts"}],"about":[{"href":"https:\/\/elterritorialweb.com.ar\/web\/wp-json\/wp\/v2\/types\/post"}],"author":[{"embeddable":true,"href":"https:\/\/elterritorialweb.com.ar\/web\/wp-json\/wp\/v2\/users\/2"}],"replies":[{"embeddable":true,"href":"https:\/\/elterritorialweb.com.ar\/web\/wp-json\/wp\/v2\/comments?post=53787"}],"version-history":[{"count":1,"href":"https:\/\/elterritorialweb.com.ar\/web\/wp-json\/wp\/v2\/posts\/53787\/revisions"}],"predecessor-version":[{"id":53796,"href":"https:\/\/elterritorialweb.com.ar\/web\/wp-json\/wp\/v2\/posts\/53787\/revisions\/53796"}],"wp:featuredmedia":[{"embeddable":true,"href":"https:\/\/elterritorialweb.com.ar\/web\/wp-json\/wp\/v2\/media\/53793"}],"wp:attachment":[{"href":"https:\/\/elterritorialweb.com.ar\/web\/wp-json\/wp\/v2\/media?parent=53787"}],"wp:term":[{"taxonomy":"category","embeddable":true,"href":"https:\/\/elterritorialweb.com.ar\/web\/wp-json\/wp\/v2\/categories?post=53787"},{"taxonomy":"post_tag","embeddable":true,"href":"https:\/\/elterritorialweb.com.ar\/web\/wp-json\/wp\/v2\/tags?post=53787"}],"curies":[{"name":"wp","href":"https:\/\/api.w.org\/{rel}","templated":true}]}}