{"id":53797,"date":"2023-06-05T19:07:47","date_gmt":"2023-06-05T19:07:47","guid":{"rendered":"http:\/\/elterritorialweb.com.ar\/web\/?p=53797"},"modified":"2023-06-05T19:11:07","modified_gmt":"2023-06-05T19:11:07","slug":"la-banda-dio-inicio-al-proyecto-sembrando-futuro","status":"publish","type":"post","link":"https:\/\/elterritorialweb.com.ar\/web\/la-banda-dio-inicio-al-proyecto-sembrando-futuro\/","title":{"rendered":"LA BANDA DIO INICIO AL PROYECTO \u00abSEMBRANDO FUTURO\u00bb"},"content":{"rendered":"\n<p>En este sentido, el jefe comunal estuvo acompa\u00f1ado del viceintendente, Gabriel Santill\u00e1n; la secretaria de Gobierno, Victoria Torres; el secretario de Coordinaci\u00f3n y Desarrollo Territorial, Mat\u00edas Nediani; la secretaria de Comunicaci\u00f3n, Fernanda Raschi; el secretario de Salud, Cesar Scabuzzo; la subsecretaria Educaci\u00f3n y Cultura, Alejandra Far\u00edas; la subsecretaria de Seguridad y Ordenamiento Urbano, Carolina Montenegro; el director de Deporte, Mario C\u00e1ceres; la directora de G\u00e9nero, Bel\u00e9n Benac; el director de Salud, Leonardo Jaime Caro; el concejal Miguel Montenegro; en representaci\u00f3n del INTA, Giselle Escobar y \u00c1ngel Moran y dem\u00e1s autoridades, funcionarios y presentes.<br>El objetivo de este proyecto es fortalecer el trabajo de las \u00e1reas del municipio en el eje de la problem\u00e1tica medioambiental; promover estrategias de cuidado del ambiente en el marco del convenio interinstitucional firmado con INTA a fin de generar conciencia ambiental en la ciudadan\u00eda bande\u00f1a y en los \u00e1mbitos educativos y de trabajo municipal; crear espacios de concientizaci\u00f3n y educaci\u00f3n en las problem\u00e1ticas del medioambiente, tanto en las \u00e1reas formales como no formales de la educaci\u00f3n; analizar las problem\u00e1ticas del medioambiente en la ciudad de La Banda y subrayar la importancia del reciclado, entre otros.<\/p>\n\n\n\n<figure class=\"wp-block-image size-large\"><a href=\"https:\/\/i0.wp.com\/elterritorialweb.com.ar\/web\/wp-content\/uploads\/2023\/06\/WhatsApp-Image-2023-06-05-at-13.16.37-1.jpeg\"><img data-recalc-dims=\"1\" decoding=\"async\" width=\"640\" height=\"426\" data-src=\"https:\/\/i0.wp.com\/elterritorialweb.com.ar\/web\/wp-content\/uploads\/2023\/06\/WhatsApp-Image-2023-06-05-at-13.16.37-1.jpeg?resize=640%2C426\" alt=\"\" class=\"wp-image-53798 lazyload\" data-srcset=\"https:\/\/i0.wp.com\/elterritorialweb.com.ar\/web\/wp-content\/uploads\/2023\/06\/WhatsApp-Image-2023-06-05-at-13.16.37-1.jpeg?resize=1024%2C682&amp;ssl=1 1024w, https:\/\/i0.wp.com\/elterritorialweb.com.ar\/web\/wp-content\/uploads\/2023\/06\/WhatsApp-Image-2023-06-05-at-13.16.37-1.jpeg?resize=300%2C200&amp;ssl=1 300w, https:\/\/i0.wp.com\/elterritorialweb.com.ar\/web\/wp-content\/uploads\/2023\/06\/WhatsApp-Image-2023-06-05-at-13.16.37-1.jpeg?resize=768%2C512&amp;ssl=1 768w, https:\/\/i0.wp.com\/elterritorialweb.com.ar\/web\/wp-content\/uploads\/2023\/06\/WhatsApp-Image-2023-06-05-at-13.16.37-1.jpeg?resize=1536%2C1023&amp;ssl=1 1536w, https:\/\/i0.wp.com\/elterritorialweb.com.ar\/web\/wp-content\/uploads\/2023\/06\/WhatsApp-Image-2023-06-05-at-13.16.37-1.jpeg?w=1600&amp;ssl=1 1600w, https:\/\/i0.wp.com\/elterritorialweb.com.ar\/web\/wp-content\/uploads\/2023\/06\/WhatsApp-Image-2023-06-05-at-13.16.37-1.jpeg?w=1280 1280w\" data-sizes=\"(max-width: 640px) 100vw, 640px\" src=\"data:image\/svg+xml;base64,PHN2ZyB3aWR0aD0iMSIgaGVpZ2h0PSIxIiB4bWxucz0iaHR0cDovL3d3dy53My5vcmcvMjAwMC9zdmciPjwvc3ZnPg==\" style=\"--smush-placeholder-width: 640px; --smush-placeholder-aspect-ratio: 640\/426;\" \/><\/a><\/figure>\n\n\n\n<p>Durante la jornada, el intendente realiz\u00f3 el lanzamiento institucional en las instalaciones de la Casa del Bicentenario, para posteriormente junto a las autoridades dirigirse al SUM del Gimnasio Municipal, lugar donde se llevaba a cabo la muestra de programas como ProHuerta, la Feria Itinerante, INTA y jardines dependientes de la subsecretar\u00eda de Educaci\u00f3n N\u00b07 y N\u00b015, quienes trabajaron la tem\u00e1tica ambiental.<br>Asimismo, Nediani expres\u00f3: \u201cNosotros siempre hemos trabajado y hemos comenzado de alguna manera el lanzamiento del Arbolado Urbano aqu\u00ed en la ciudad, con un proyecto muy ambicioso, dios mediante para esta campa\u00f1a, queremos m\u00ednimamente colocar unos quince mil ejemplares en toda la ciudad, distribuido entre los barrios, espacios verdes, plazas, platabandas y espacios p\u00fablicos\u201d.<\/p>\n\n\n\n<figure class=\"wp-block-image size-large\"><a href=\"https:\/\/i0.wp.com\/elterritorialweb.com.ar\/web\/wp-content\/uploads\/2023\/06\/WhatsApp-Image-2023-06-05-at-13.16.36-1.jpeg\"><img data-recalc-dims=\"1\" decoding=\"async\" width=\"640\" height=\"426\" data-src=\"https:\/\/i0.wp.com\/elterritorialweb.com.ar\/web\/wp-content\/uploads\/2023\/06\/WhatsApp-Image-2023-06-05-at-13.16.36-1.jpeg?resize=640%2C426\" alt=\"\" class=\"wp-image-53801 lazyload\" data-srcset=\"https:\/\/i0.wp.com\/elterritorialweb.com.ar\/web\/wp-content\/uploads\/2023\/06\/WhatsApp-Image-2023-06-05-at-13.16.36-1.jpeg?resize=1024%2C682&amp;ssl=1 1024w, https:\/\/i0.wp.com\/elterritorialweb.com.ar\/web\/wp-content\/uploads\/2023\/06\/WhatsApp-Image-2023-06-05-at-13.16.36-1.jpeg?resize=300%2C200&amp;ssl=1 300w, https:\/\/i0.wp.com\/elterritorialweb.com.ar\/web\/wp-content\/uploads\/2023\/06\/WhatsApp-Image-2023-06-05-at-13.16.36-1.jpeg?resize=768%2C512&amp;ssl=1 768w, https:\/\/i0.wp.com\/elterritorialweb.com.ar\/web\/wp-content\/uploads\/2023\/06\/WhatsApp-Image-2023-06-05-at-13.16.36-1.jpeg?resize=1536%2C1023&amp;ssl=1 1536w, https:\/\/i0.wp.com\/elterritorialweb.com.ar\/web\/wp-content\/uploads\/2023\/06\/WhatsApp-Image-2023-06-05-at-13.16.36-1.jpeg?w=1600&amp;ssl=1 1600w, https:\/\/i0.wp.com\/elterritorialweb.com.ar\/web\/wp-content\/uploads\/2023\/06\/WhatsApp-Image-2023-06-05-at-13.16.36-1.jpeg?w=1280 1280w\" data-sizes=\"(max-width: 640px) 100vw, 640px\" src=\"data:image\/svg+xml;base64,PHN2ZyB3aWR0aD0iMSIgaGVpZ2h0PSIxIiB4bWxucz0iaHR0cDovL3d3dy53My5vcmcvMjAwMC9zdmciPjwvc3ZnPg==\" style=\"--smush-placeholder-width: 640px; --smush-placeholder-aspect-ratio: 640\/426;\" \/><\/a><\/figure>\n\n\n\n<p>\u201cQuiero destacar el gran trabajo que viene haciendo la secretar\u00eda de Desarrollo Territorial, que justamente tiene que ver con el medioambiente que se denomina \u00b4Sembrando Futuro\u00b4, vinculado con la educaci\u00f3n y tambi\u00e9n con diferentes organizaciones que nos vienen acompa\u00f1ando desde siempre como el caso del INTA, la Telesita, etc., hoy se habla del ambiente. Todos aquellos seres vivos, bi\u00f3ticos o abi\u00f3ticos que nos rodean y que de alguna manera convivimos a diario, y debemos que tener buena relaci\u00f3n y cuidarnos entre todos\u201d.<br>\u201cHoy es un d\u00eda importante, no solamente por el lanzamiento de la campa\u00f1a, sino tambi\u00e9n por la posibilidad de interpelarnos y reflexionar ya que se plantea queremos, mundo mejor para nosotros, para nuestros hijos y para nuestros nietos, fundamentalmente\u201d, finaliz\u00f3 Nediani.<\/p>\n","protected":false},"excerpt":{"rendered":"<p>El intendente de la ciudad de La Banda, Roger Nediani realiz\u00f3 el lanzamiento del proyecto municipal \u201cSembrando Futuro\u201d en el marco del D\u00eda Mundial del Medio Ambiente.<\/p>\n","protected":false},"author":2,"featured_media":53800,"comment_status":"open","ping_status":"open","sticky":false,"template":"","format":"standard","meta":{"om_disable_all_campaigns":false,"_monsterinsights_skip_tracking":false,"_monsterinsights_sitenote_active":false,"_monsterinsights_sitenote_note":"","_monsterinsights_sitenote_category":0,"_uf_show_specific_survey":0,"_uf_disable_surveys":false,"jetpack_post_was_ever_published":false,"_jetpack_newsletter_access":"","_jetpack_dont_email_post_to_subs":false,"_jetpack_newsletter_tier_id":0,"_jetpack_memberships_contains_paywalled_content":false,"_jetpack_memberships_contains_paid_content":false,"footnotes":"","jetpack_publicize_message":"","jetpack_publicize_feature_enabled":true,"jetpack_social_post_already_shared":true,"jetpack_social_options":{"image_generator_settings":{"template":"highway","default_image_id":0,"font":"","enabled":false},"version":2}},"categories":[9,4],"tags":[71,51],"class_list":["post-53797","post","type-post","status-publish","format-standard","has-post-thumbnail","hentry","category-banda","category-destacadas","tag-municipalidad-de-la-banda","tag-roger-nediani"],"aioseo_notices":[],"views":12,"jetpack_publicize_connections":[],"jetpack_featured_media_url":"https:\/\/i0.wp.com\/elterritorialweb.com.ar\/web\/wp-content\/uploads\/2023\/06\/WhatsApp-Image-2023-06-05-at-13.16.36-2.jpeg?fit=1600%2C1066&ssl=1","jetpack_sharing_enabled":true,"_links":{"self":[{"href":"https:\/\/elterritorialweb.com.ar\/web\/wp-json\/wp\/v2\/posts\/53797","targetHints":{"allow":["GET"]}}],"collection":[{"href":"https:\/\/elterritorialweb.com.ar\/web\/wp-json\/wp\/v2\/posts"}],"about":[{"href":"https:\/\/elterritorialweb.com.ar\/web\/wp-json\/wp\/v2\/types\/post"}],"author":[{"embeddable":true,"href":"https:\/\/elterritorialweb.com.ar\/web\/wp-json\/wp\/v2\/users\/2"}],"replies":[{"embeddable":true,"href":"https:\/\/elterritorialweb.com.ar\/web\/wp-json\/wp\/v2\/comments?post=53797"}],"version-history":[{"count":1,"href":"https:\/\/elterritorialweb.com.ar\/web\/wp-json\/wp\/v2\/posts\/53797\/revisions"}],"predecessor-version":[{"id":53803,"href":"https:\/\/elterritorialweb.com.ar\/web\/wp-json\/wp\/v2\/posts\/53797\/revisions\/53803"}],"wp:featuredmedia":[{"embeddable":true,"href":"https:\/\/elterritorialweb.com.ar\/web\/wp-json\/wp\/v2\/media\/53800"}],"wp:attachment":[{"href":"https:\/\/elterritorialweb.com.ar\/web\/wp-json\/wp\/v2\/media?parent=53797"}],"wp:term":[{"taxonomy":"category","embeddable":true,"href":"https:\/\/elterritorialweb.com.ar\/web\/wp-json\/wp\/v2\/categories?post=53797"},{"taxonomy":"post_tag","embeddable":true,"href":"https:\/\/elterritorialweb.com.ar\/web\/wp-json\/wp\/v2\/tags?post=53797"}],"curies":[{"name":"wp","href":"https:\/\/api.w.org\/{rel}","templated":true}]}}