{"id":53804,"date":"2023-06-05T19:15:50","date_gmt":"2023-06-05T19:15:50","guid":{"rendered":"http:\/\/elterritorialweb.com.ar\/web\/?p=53804"},"modified":"2023-06-05T19:15:55","modified_gmt":"2023-06-05T19:15:55","slug":"el-gobernador-recibio-al-embajador-de-corea-del-sur","status":"publish","type":"post","link":"https:\/\/elterritorialweb.com.ar\/web\/el-gobernador-recibio-al-embajador-de-corea-del-sur\/","title":{"rendered":"EL GOBERNADOR RECIBI\u00d3 AL EMBAJADOR DE COREA DEL SUR"},"content":{"rendered":"\n<p>La reuni\u00f3n se llev\u00f3 a cabo en el Sal\u00f3n de Acuerdos, donde tambi\u00e9n estuvieron el jefe de Gabinete, El\u00edas Su\u00e1rez; los ministros de Econom\u00eda, Atilio Chara; de Salud, Natividad Nassif; de Justicia y DD.HH, Matilde O&#8217;Mill; de Obras y Servicios P\u00fablicos, Aldo Hid; de Desarrollo Social y Promoci\u00f3n Humana, Hugo Niccolai y de Educaci\u00f3n, Mariela Nassif. Adem\u00e1s de la secretaria de Trabajo, Julia Com\u00e1n, y el subsecretario de Gobierno, Facundo Funes.<\/p>\n\n\n\n<figure class=\"wp-block-image size-large\"><a href=\"https:\/\/i0.wp.com\/elterritorialweb.com.ar\/web\/wp-content\/uploads\/2023\/06\/WhatsApp-Image-2023-06-05-at-13.33.20.jpeg\"><img data-recalc-dims=\"1\" decoding=\"async\" width=\"640\" height=\"426\" data-src=\"https:\/\/i0.wp.com\/elterritorialweb.com.ar\/web\/wp-content\/uploads\/2023\/06\/WhatsApp-Image-2023-06-05-at-13.33.20.jpeg?resize=640%2C426\" alt=\"\" class=\"wp-image-53805 lazyload\" data-srcset=\"https:\/\/i0.wp.com\/elterritorialweb.com.ar\/web\/wp-content\/uploads\/2023\/06\/WhatsApp-Image-2023-06-05-at-13.33.20.jpeg?resize=1024%2C682&amp;ssl=1 1024w, https:\/\/i0.wp.com\/elterritorialweb.com.ar\/web\/wp-content\/uploads\/2023\/06\/WhatsApp-Image-2023-06-05-at-13.33.20.jpeg?resize=300%2C200&amp;ssl=1 300w, https:\/\/i0.wp.com\/elterritorialweb.com.ar\/web\/wp-content\/uploads\/2023\/06\/WhatsApp-Image-2023-06-05-at-13.33.20.jpeg?resize=768%2C512&amp;ssl=1 768w, https:\/\/i0.wp.com\/elterritorialweb.com.ar\/web\/wp-content\/uploads\/2023\/06\/WhatsApp-Image-2023-06-05-at-13.33.20.jpeg?resize=1536%2C1023&amp;ssl=1 1536w, https:\/\/i0.wp.com\/elterritorialweb.com.ar\/web\/wp-content\/uploads\/2023\/06\/WhatsApp-Image-2023-06-05-at-13.33.20.jpeg?w=1600&amp;ssl=1 1600w, https:\/\/i0.wp.com\/elterritorialweb.com.ar\/web\/wp-content\/uploads\/2023\/06\/WhatsApp-Image-2023-06-05-at-13.33.20.jpeg?w=1280 1280w\" data-sizes=\"(max-width: 640px) 100vw, 640px\" src=\"data:image\/svg+xml;base64,PHN2ZyB3aWR0aD0iMSIgaGVpZ2h0PSIxIiB4bWxucz0iaHR0cDovL3d3dy53My5vcmcvMjAwMC9zdmciPjwvc3ZnPg==\" style=\"--smush-placeholder-width: 640px; --smush-placeholder-aspect-ratio: 640\/426;\" \/><\/a><\/figure>\n\n\n\n<p>En este marco Zamora felicit\u00f3 al embajador por la clasificaci\u00f3n del seleccionado su pa\u00eds a la semifinales del Mundial Sub 20 y resalt\u00f3 el trabajo que existe entre Corea del Sur y Santiago del Estero desde la d\u00e9cada del 70\u2019 e inst\u00f3 a que sigan surgiendo acuerdos comerciales, culturales y deportivos.<br>\u201cDesde nuestro lugar buscamos articular con los gobiernos provinciales, y Santiago del Estero es la tercera provincia que visito tras andar en Salta y Mendoza\u201d, expres\u00f3 Lee Yong Soo, al referirse a los deseos de su pa\u00eds de trabajar en conjunto sobre las potencialidades productivas y el intercambio.<\/p>\n","protected":false},"excerpt":{"rendered":"<p>El mandatario provincial recibi\u00f3 en Casa de Gobierno al embajador de Corea del Sur en Argentina, Lee Yong Soo, quien lleg\u00f3 a la provincia para presenciar el Mundial de F\u00fatbol Sub 20 y tambi\u00e9n con el objetivo de establecer nuevos v\u00ednculos comerciales con Santiago del Estero.<\/p>\n","protected":false},"author":2,"featured_media":53806,"comment_status":"open","ping_status":"open","sticky":false,"template":"","format":"standard","meta":{"om_disable_all_campaigns":false,"_monsterinsights_skip_tracking":false,"_monsterinsights_sitenote_active":false,"_monsterinsights_sitenote_note":"","_monsterinsights_sitenote_category":0,"_uf_show_specific_survey":0,"_uf_disable_surveys":false,"jetpack_post_was_ever_published":false,"_jetpack_newsletter_access":"","_jetpack_dont_email_post_to_subs":false,"_jetpack_newsletter_tier_id":0,"_jetpack_memberships_contains_paywalled_content":false,"_jetpack_memberships_contains_paid_content":false,"footnotes":"","jetpack_publicize_message":"","jetpack_publicize_feature_enabled":true,"jetpack_social_post_already_shared":true,"jetpack_social_options":{"image_generator_settings":{"template":"highway","default_image_id":0,"font":"","enabled":false},"version":2}},"categories":[21],"tags":[59,49],"class_list":["post-53804","post","type-post","status-publish","format-standard","has-post-thumbnail","hentry","category-locales","tag-gerardo-zamora","tag-gobierno-de-santiago-del-estero"],"aioseo_notices":[],"views":10,"jetpack_publicize_connections":[],"jetpack_featured_media_url":"https:\/\/i0.wp.com\/elterritorialweb.com.ar\/web\/wp-content\/uploads\/2023\/06\/WhatsApp-Image-2023-06-05-at-13.33.19-1.jpeg?fit=1600%2C1066&ssl=1","jetpack_sharing_enabled":true,"_links":{"self":[{"href":"https:\/\/elterritorialweb.com.ar\/web\/wp-json\/wp\/v2\/posts\/53804","targetHints":{"allow":["GET"]}}],"collection":[{"href":"https:\/\/elterritorialweb.com.ar\/web\/wp-json\/wp\/v2\/posts"}],"about":[{"href":"https:\/\/elterritorialweb.com.ar\/web\/wp-json\/wp\/v2\/types\/post"}],"author":[{"embeddable":true,"href":"https:\/\/elterritorialweb.com.ar\/web\/wp-json\/wp\/v2\/users\/2"}],"replies":[{"embeddable":true,"href":"https:\/\/elterritorialweb.com.ar\/web\/wp-json\/wp\/v2\/comments?post=53804"}],"version-history":[{"count":1,"href":"https:\/\/elterritorialweb.com.ar\/web\/wp-json\/wp\/v2\/posts\/53804\/revisions"}],"predecessor-version":[{"id":53808,"href":"https:\/\/elterritorialweb.com.ar\/web\/wp-json\/wp\/v2\/posts\/53804\/revisions\/53808"}],"wp:featuredmedia":[{"embeddable":true,"href":"https:\/\/elterritorialweb.com.ar\/web\/wp-json\/wp\/v2\/media\/53806"}],"wp:attachment":[{"href":"https:\/\/elterritorialweb.com.ar\/web\/wp-json\/wp\/v2\/media?parent=53804"}],"wp:term":[{"taxonomy":"category","embeddable":true,"href":"https:\/\/elterritorialweb.com.ar\/web\/wp-json\/wp\/v2\/categories?post=53804"},{"taxonomy":"post_tag","embeddable":true,"href":"https:\/\/elterritorialweb.com.ar\/web\/wp-json\/wp\/v2\/tags?post=53804"}],"curies":[{"name":"wp","href":"https:\/\/api.w.org\/{rel}","templated":true}]}}