{"id":53812,"date":"2023-06-05T23:15:15","date_gmt":"2023-06-05T23:15:15","guid":{"rendered":"http:\/\/elterritorialweb.com.ar\/web\/?p=53812"},"modified":"2023-06-05T23:16:11","modified_gmt":"2023-06-05T23:16:11","slug":"zamora-participo-del-cierre-de-las-jornadas-por-el-dia-mundial-del-medio-ambiente","status":"publish","type":"post","link":"https:\/\/elterritorialweb.com.ar\/web\/zamora-participo-del-cierre-de-las-jornadas-por-el-dia-mundial-del-medio-ambiente\/","title":{"rendered":"ZAMORA PARTICIP\u00d3 DEL CIERRE DE LAS JORNADAS POR EL D\u00cdA MUNDIAL DEL MEDIO AMBIENTE"},"content":{"rendered":"\n<p>El gobernador Gerardo Zamora particip\u00f3 este lunes del cierre de las jornadas por el D\u00eda Mundial del Medio Ambiente, en el Centro Cultural del Bicentenario de la Capital, oportunidad en la que ratific\u00f3 su compromiso con el cuidado del ecosistema y puso especialmente la mirada en la b\u00fasqueda de soluciones a la contaminaci\u00f3n por pl\u00e1sticos.<br>Entre las ciudades que recibieron se encuentran: Fern\u00e1ndez, Loreto, Santiago del Estero, Quimil\u00ed, Nueva Esperanza, Bandera y Suncho Corral.<br>Acompa\u00f1ando al mandatario estuvieron los ministros de Producci\u00f3n, Miguel Mandrille; de Justicia y Derechos Humanos, Matilde O\u00b4Mill, y de Educaci\u00f3n, Mariela Nassif. Tambi\u00e9n la intendente de la Capital, Norma Fuentes, y el subsecretario de Medio Ambiente, Carlos Salmoiraghi.<br>Al hacer uso de la palabra, el ministro de Producci\u00f3n destac\u00f3 la pol\u00edtica de estado que lleva adelante el gobernador Zamora que tiene como eje la agenda ambiental.<br>Adem\u00e1s, reafirm\u00f3 el compromiso para continuar trabajando para el crecimiento de la provincia en materia ambiental. \u201cEstamos mirando para el futuro y trabajando muy fuertemente con acciones, concientizando de la mano de los comisionados, intendentes, ministros, legislatura y con la articulaci\u00f3n p\u00fablico-privada\u201d, dijo.<br>A su turno, el gobernador resalt\u00f3 la importancia del encuentro con gestores ambientales municipales. Resalt\u00f3 la necesidad de asumir el desaf\u00edo del cuidado del medioambiente, sin que esto necesariamente deba truncar actividades. \u201cAl contrario \u2013dijo- debemos aprovechar todas las actividades que sean compatibles con el medio ambiento y que sean una posibilidad o nuevas formas de ingresos para provincias como la nuestra\u201d.<\/p>\n\n\n\n<figure class=\"wp-block-image size-large\"><a href=\"https:\/\/i0.wp.com\/elterritorialweb.com.ar\/web\/wp-content\/uploads\/2023\/06\/IMG-20230605-WA0041.jpg\"><img data-recalc-dims=\"1\" decoding=\"async\" width=\"640\" height=\"413\" data-src=\"https:\/\/i0.wp.com\/elterritorialweb.com.ar\/web\/wp-content\/uploads\/2023\/06\/IMG-20230605-WA0041.jpg?resize=640%2C413\" alt=\"\" class=\"wp-image-53814 lazyload\" data-srcset=\"https:\/\/i0.wp.com\/elterritorialweb.com.ar\/web\/wp-content\/uploads\/2023\/06\/IMG-20230605-WA0041.jpg?resize=1024%2C661&amp;ssl=1 1024w, https:\/\/i0.wp.com\/elterritorialweb.com.ar\/web\/wp-content\/uploads\/2023\/06\/IMG-20230605-WA0041.jpg?resize=300%2C194&amp;ssl=1 300w, https:\/\/i0.wp.com\/elterritorialweb.com.ar\/web\/wp-content\/uploads\/2023\/06\/IMG-20230605-WA0041.jpg?resize=768%2C496&amp;ssl=1 768w, https:\/\/i0.wp.com\/elterritorialweb.com.ar\/web\/wp-content\/uploads\/2023\/06\/IMG-20230605-WA0041.jpg?resize=1536%2C992&amp;ssl=1 1536w, https:\/\/i0.wp.com\/elterritorialweb.com.ar\/web\/wp-content\/uploads\/2023\/06\/IMG-20230605-WA0041.jpg?w=1600&amp;ssl=1 1600w, https:\/\/i0.wp.com\/elterritorialweb.com.ar\/web\/wp-content\/uploads\/2023\/06\/IMG-20230605-WA0041.jpg?w=1280 1280w\" data-sizes=\"(max-width: 640px) 100vw, 640px\" src=\"data:image\/svg+xml;base64,PHN2ZyB3aWR0aD0iMSIgaGVpZ2h0PSIxIiB4bWxucz0iaHR0cDovL3d3dy53My5vcmcvMjAwMC9zdmciPjwvc3ZnPg==\" style=\"--smush-placeholder-width: 640px; --smush-placeholder-aspect-ratio: 640\/413;\" \/><\/a><\/figure>\n\n\n\n<p>Luego explic\u00f3 el trabajo que se viene realizando con fabricantes de bolsas de polietileno para que vayan reconvirti\u00e9ndose. \u201cLe vamos a dar todas las posibilidades para desarrollar una nueva industria mucho m\u00e1s compatible, la de bolsas biodegradables, que en muchas ciudades del pa\u00eds esto es ley u ordenanza. Nosotros vamos avanzar en una ley que proh\u00edba este tipo de elementos y que los comerciantes pasen a tener productos biodegradables\u201d, precis\u00f3.<br>\u201cEsperamos ir avanzando en una ley en la cual los intendentes puedan adherirse, para ir trabajando en la concientizaci\u00f3n, y tambi\u00e9n es una nueva oportunidad para generar una nueva industria, un nuevo concepto y expandirlo en la regi\u00f3n, y para los santiague\u00f1os dar el primer paso en una decisi\u00f3n integral, legal, industrial, educativa y social para que podamos defender el medio ambiente como corresponde\u201d, agreg\u00f3.<\/p>\n","protected":false},"excerpt":{"rendered":"<p>La misma estuvo destinada a gestores ambientales municipales de toda la provincia, quienes recibieron la Agenda Ambiental 2023. <\/p>\n","protected":false},"author":2,"featured_media":53813,"comment_status":"open","ping_status":"open","sticky":false,"template":"","format":"standard","meta":{"om_disable_all_campaigns":false,"_monsterinsights_skip_tracking":false,"_monsterinsights_sitenote_active":false,"_monsterinsights_sitenote_note":"","_monsterinsights_sitenote_category":0,"_uf_show_specific_survey":0,"_uf_disable_surveys":false,"jetpack_post_was_ever_published":false,"_jetpack_newsletter_access":"","_jetpack_dont_email_post_to_subs":false,"_jetpack_newsletter_tier_id":0,"_jetpack_memberships_contains_paywalled_content":false,"_jetpack_memberships_contains_paid_content":false,"footnotes":"","jetpack_publicize_message":"","jetpack_publicize_feature_enabled":true,"jetpack_social_post_already_shared":true,"jetpack_social_options":{"image_generator_settings":{"template":"highway","default_image_id":0,"font":"","enabled":false},"version":2}},"categories":[4,21],"tags":[59,49],"class_list":["post-53812","post","type-post","status-publish","format-standard","has-post-thumbnail","hentry","category-destacadas","category-locales","tag-gerardo-zamora","tag-gobierno-de-santiago-del-estero"],"aioseo_notices":[],"views":9,"jetpack_publicize_connections":[],"jetpack_featured_media_url":"https:\/\/i0.wp.com\/elterritorialweb.com.ar\/web\/wp-content\/uploads\/2023\/06\/IMG-20230605-WA0040.jpg?fit=1600%2C1066&ssl=1","jetpack_sharing_enabled":true,"_links":{"self":[{"href":"https:\/\/elterritorialweb.com.ar\/web\/wp-json\/wp\/v2\/posts\/53812","targetHints":{"allow":["GET"]}}],"collection":[{"href":"https:\/\/elterritorialweb.com.ar\/web\/wp-json\/wp\/v2\/posts"}],"about":[{"href":"https:\/\/elterritorialweb.com.ar\/web\/wp-json\/wp\/v2\/types\/post"}],"author":[{"embeddable":true,"href":"https:\/\/elterritorialweb.com.ar\/web\/wp-json\/wp\/v2\/users\/2"}],"replies":[{"embeddable":true,"href":"https:\/\/elterritorialweb.com.ar\/web\/wp-json\/wp\/v2\/comments?post=53812"}],"version-history":[{"count":1,"href":"https:\/\/elterritorialweb.com.ar\/web\/wp-json\/wp\/v2\/posts\/53812\/revisions"}],"predecessor-version":[{"id":53815,"href":"https:\/\/elterritorialweb.com.ar\/web\/wp-json\/wp\/v2\/posts\/53812\/revisions\/53815"}],"wp:featuredmedia":[{"embeddable":true,"href":"https:\/\/elterritorialweb.com.ar\/web\/wp-json\/wp\/v2\/media\/53813"}],"wp:attachment":[{"href":"https:\/\/elterritorialweb.com.ar\/web\/wp-json\/wp\/v2\/media?parent=53812"}],"wp:term":[{"taxonomy":"category","embeddable":true,"href":"https:\/\/elterritorialweb.com.ar\/web\/wp-json\/wp\/v2\/categories?post=53812"},{"taxonomy":"post_tag","embeddable":true,"href":"https:\/\/elterritorialweb.com.ar\/web\/wp-json\/wp\/v2\/tags?post=53812"}],"curies":[{"name":"wp","href":"https:\/\/api.w.org\/{rel}","templated":true}]}}