{"id":53816,"date":"2023-06-06T01:32:07","date_gmt":"2023-06-06T01:32:07","guid":{"rendered":"http:\/\/elterritorialweb.com.ar\/web\/?p=53816"},"modified":"2023-06-06T01:32:12","modified_gmt":"2023-06-06T01:32:12","slug":"gran-triunfo-de-mitre-ante-deportivo-madryn-en-el-ocho","status":"publish","type":"post","link":"https:\/\/elterritorialweb.com.ar\/web\/gran-triunfo-de-mitre-ante-deportivo-madryn-en-el-ocho\/","title":{"rendered":"GRAN TRIUNFO DE MITRE ANTE DEPORTIVO MADRYN EN EL OCHO"},"content":{"rendered":"\n<p>El Club Atl\u00e9tico Mitre, se impuso 1 a 0 en condici\u00f3n de local ante el Club Social y Deportivo Madryn de la provincia de Chubut, por la decimos\u00e9ptima fecha del Torneo \u00abCampeones del Mundo\u00bb de la Primera Nacional de AFA 2023.<\/p>\n\n\n\n<p>El \u00fanico gol del partido fue marcado por\u00a0<strong>Santiago Rosales<\/strong>\u00a0a los 39 minutos del segundo tiempo, tras un potente y preciso remate que se meti\u00f3 en el segundo palo.<\/p>\n\n\n\n<figure class=\"wp-block-image size-large\"><a href=\"https:\/\/i0.wp.com\/elterritorialweb.com.ar\/web\/wp-content\/uploads\/2023\/06\/WhatsApp-Image-2023-06-05-at-16.41.20-1-e1686014258872.jpeg\"><img data-recalc-dims=\"1\" decoding=\"async\" width=\"640\" height=\"350\" data-src=\"https:\/\/i0.wp.com\/elterritorialweb.com.ar\/web\/wp-content\/uploads\/2023\/06\/WhatsApp-Image-2023-06-05-at-16.41.20-1-e1686014258872-1024x560.jpeg?resize=640%2C350\" alt=\"\" class=\"wp-image-53820 lazyload\" data-srcset=\"https:\/\/i0.wp.com\/elterritorialweb.com.ar\/web\/wp-content\/uploads\/2023\/06\/WhatsApp-Image-2023-06-05-at-16.41.20-1-e1686014258872.jpeg?resize=1024%2C560&amp;ssl=1 1024w, https:\/\/i0.wp.com\/elterritorialweb.com.ar\/web\/wp-content\/uploads\/2023\/06\/WhatsApp-Image-2023-06-05-at-16.41.20-1-e1686014258872.jpeg?resize=300%2C164&amp;ssl=1 300w, https:\/\/i0.wp.com\/elterritorialweb.com.ar\/web\/wp-content\/uploads\/2023\/06\/WhatsApp-Image-2023-06-05-at-16.41.20-1-e1686014258872.jpeg?resize=768%2C420&amp;ssl=1 768w, https:\/\/i0.wp.com\/elterritorialweb.com.ar\/web\/wp-content\/uploads\/2023\/06\/WhatsApp-Image-2023-06-05-at-16.41.20-1-e1686014258872.jpeg?resize=1536%2C841&amp;ssl=1 1536w, https:\/\/i0.wp.com\/elterritorialweb.com.ar\/web\/wp-content\/uploads\/2023\/06\/WhatsApp-Image-2023-06-05-at-16.41.20-1-e1686014258872.jpeg?w=1599&amp;ssl=1 1599w, https:\/\/i0.wp.com\/elterritorialweb.com.ar\/web\/wp-content\/uploads\/2023\/06\/WhatsApp-Image-2023-06-05-at-16.41.20-1-e1686014258872.jpeg?w=1280 1280w\" data-sizes=\"(max-width: 640px) 100vw, 640px\" src=\"data:image\/svg+xml;base64,PHN2ZyB3aWR0aD0iMSIgaGVpZ2h0PSIxIiB4bWxucz0iaHR0cDovL3d3dy53My5vcmcvMjAwMC9zdmciPjwvc3ZnPg==\" style=\"--smush-placeholder-width: 640px; --smush-placeholder-aspect-ratio: 640\/350;\" \/><\/a><\/figure>\n\n\n\n<p>El partido mostr\u00f3 a un conjunto Aurinegro mejor plantado y buscando el arco rival. Tuvo el control del bal\u00f3n y fue el que m\u00e1s profundiz\u00f3, pero le falt\u00f3 claridad en la definici\u00f3n para poder quebrar la paridad en el primer tiempo.<\/p>\n\n\n\n<p>En la segunda parte, los dirigidos por\u00a0<strong>Alfredo Grelak<\/strong>\u00a0siguieron manejando las acciones y generando peligro, pero les faltaba la estocada final. En medio de eso, Deportivo Madryn aprovechaba los espacios de contraataque.<\/p>\n\n\n\n<figure class=\"wp-block-image size-large\"><a href=\"https:\/\/i0.wp.com\/elterritorialweb.com.ar\/web\/wp-content\/uploads\/2023\/06\/WhatsApp-Image-2023-06-05-at-16.41.19-e1686014273307.jpeg\"><img data-recalc-dims=\"1\" decoding=\"async\" width=\"640\" height=\"352\" data-src=\"https:\/\/i0.wp.com\/elterritorialweb.com.ar\/web\/wp-content\/uploads\/2023\/06\/WhatsApp-Image-2023-06-05-at-16.41.19-e1686014273307-1024x563.jpeg?resize=640%2C352\" alt=\"\" class=\"wp-image-53819 lazyload\" data-srcset=\"https:\/\/i0.wp.com\/elterritorialweb.com.ar\/web\/wp-content\/uploads\/2023\/06\/WhatsApp-Image-2023-06-05-at-16.41.19-e1686014273307.jpeg?resize=1024%2C563&amp;ssl=1 1024w, https:\/\/i0.wp.com\/elterritorialweb.com.ar\/web\/wp-content\/uploads\/2023\/06\/WhatsApp-Image-2023-06-05-at-16.41.19-e1686014273307.jpeg?resize=300%2C165&amp;ssl=1 300w, https:\/\/i0.wp.com\/elterritorialweb.com.ar\/web\/wp-content\/uploads\/2023\/06\/WhatsApp-Image-2023-06-05-at-16.41.19-e1686014273307.jpeg?resize=768%2C422&amp;ssl=1 768w, https:\/\/i0.wp.com\/elterritorialweb.com.ar\/web\/wp-content\/uploads\/2023\/06\/WhatsApp-Image-2023-06-05-at-16.41.19-e1686014273307.jpeg?resize=1536%2C844&amp;ssl=1 1536w, https:\/\/i0.wp.com\/elterritorialweb.com.ar\/web\/wp-content\/uploads\/2023\/06\/WhatsApp-Image-2023-06-05-at-16.41.19-e1686014273307.jpeg?w=1599&amp;ssl=1 1599w, https:\/\/i0.wp.com\/elterritorialweb.com.ar\/web\/wp-content\/uploads\/2023\/06\/WhatsApp-Image-2023-06-05-at-16.41.19-e1686014273307.jpeg?w=1280 1280w\" data-sizes=\"(max-width: 640px) 100vw, 640px\" src=\"data:image\/svg+xml;base64,PHN2ZyB3aWR0aD0iMSIgaGVpZ2h0PSIxIiB4bWxucz0iaHR0cDovL3d3dy53My5vcmcvMjAwMC9zdmciPjwvc3ZnPg==\" style=\"--smush-placeholder-width: 640px; --smush-placeholder-aspect-ratio: 640\/352;\" \/><\/a><\/figure>\n\n\n\n<p>La m\u00e1s clara para el conjunto visitante fue la anterior al gol. A los 38 minutos&nbsp;<strong>Lucas Gonz\u00e1lez<\/strong>&nbsp;se encontr\u00f3 mano a mano y quiso superar a&nbsp;<strong>Joaqu\u00edn Ledesma<\/strong>, arquero aurinegro, al definir por encima. Sin embargo, el bal\u00f3n peg\u00f3 en el travesa\u00f1o y se fue afuera.<\/p>\n\n\n\n<p>Inmediatamente, a los 38, lleg\u00f3 un pelotazo largo a la izquierda que encontr\u00f3 a&nbsp;<strong>David Romero<\/strong>. El goleador de&nbsp;<strong>Mitre&nbsp;<\/strong>se la pas\u00f3 a&nbsp;<strong>Santiago Rosales<\/strong>&nbsp;quien encar\u00f3 hacia el medio, se sac\u00f3 dos hombres de encima y sac\u00f3 un remate preciso y potente que se meti\u00f3 en el segundo palo.<\/p>\n\n\n\n<figure class=\"wp-block-image size-large\"><a href=\"https:\/\/i0.wp.com\/elterritorialweb.com.ar\/web\/wp-content\/uploads\/2023\/06\/WhatsApp-Image-2023-06-05-at-16.41.19-1-e1686014291438.jpeg\"><img data-recalc-dims=\"1\" decoding=\"async\" width=\"640\" height=\"352\" data-src=\"https:\/\/i0.wp.com\/elterritorialweb.com.ar\/web\/wp-content\/uploads\/2023\/06\/WhatsApp-Image-2023-06-05-at-16.41.19-1-e1686014291438-1024x563.jpeg?resize=640%2C352\" alt=\"\" class=\"wp-image-53818 lazyload\" data-srcset=\"https:\/\/i0.wp.com\/elterritorialweb.com.ar\/web\/wp-content\/uploads\/2023\/06\/WhatsApp-Image-2023-06-05-at-16.41.19-1-e1686014291438.jpeg?resize=1024%2C563&amp;ssl=1 1024w, https:\/\/i0.wp.com\/elterritorialweb.com.ar\/web\/wp-content\/uploads\/2023\/06\/WhatsApp-Image-2023-06-05-at-16.41.19-1-e1686014291438.jpeg?resize=300%2C165&amp;ssl=1 300w, https:\/\/i0.wp.com\/elterritorialweb.com.ar\/web\/wp-content\/uploads\/2023\/06\/WhatsApp-Image-2023-06-05-at-16.41.19-1-e1686014291438.jpeg?resize=768%2C422&amp;ssl=1 768w, https:\/\/i0.wp.com\/elterritorialweb.com.ar\/web\/wp-content\/uploads\/2023\/06\/WhatsApp-Image-2023-06-05-at-16.41.19-1-e1686014291438.jpeg?resize=1536%2C844&amp;ssl=1 1536w, https:\/\/i0.wp.com\/elterritorialweb.com.ar\/web\/wp-content\/uploads\/2023\/06\/WhatsApp-Image-2023-06-05-at-16.41.19-1-e1686014291438.jpeg?w=1599&amp;ssl=1 1599w, https:\/\/i0.wp.com\/elterritorialweb.com.ar\/web\/wp-content\/uploads\/2023\/06\/WhatsApp-Image-2023-06-05-at-16.41.19-1-e1686014291438.jpeg?w=1280 1280w\" data-sizes=\"(max-width: 640px) 100vw, 640px\" src=\"data:image\/svg+xml;base64,PHN2ZyB3aWR0aD0iMSIgaGVpZ2h0PSIxIiB4bWxucz0iaHR0cDovL3d3dy53My5vcmcvMjAwMC9zdmciPjwvc3ZnPg==\" style=\"--smush-placeholder-width: 640px; --smush-placeholder-aspect-ratio: 640\/352;\" \/><\/a><\/figure>\n\n\n\n<p>La reta final mostr\u00f3 a un Deportivo Madryn lanzado en ataque que intent\u00f3 alcanzar la igualdad, estuvo cerca, pero no pudo definir y el marcador no se movi\u00f3 m\u00e1s. Fue victoria para Mitre que sigue en ascenso.<\/p>\n\n\n\n<p>Con este triunfo el aurinegro se ubica 5\u00b0 en la tabla de posiciones con 26 puntos, y se mantiene en zona de clasificaci\u00f3n al reducido por parte de la zona B. En la pr\u00f3xima fecha enfrentar\u00e1 al Club Villa D\u00e1lmine de la ciudad de Campana, provincia de Buenos Aires.<\/p>\n\n\n\n<figure class=\"wp-block-image size-large\"><a href=\"https:\/\/i0.wp.com\/elterritorialweb.com.ar\/web\/wp-content\/uploads\/2023\/06\/WhatsApp-Image-2023-06-05-at-16.41.21-e1686014195558.jpeg\"><img data-recalc-dims=\"1\" decoding=\"async\" width=\"640\" height=\"349\" data-src=\"https:\/\/i0.wp.com\/elterritorialweb.com.ar\/web\/wp-content\/uploads\/2023\/06\/WhatsApp-Image-2023-06-05-at-16.41.21-e1686014195558-1024x558.jpeg?resize=640%2C349\" alt=\"\" class=\"wp-image-53822 lazyload\" data-srcset=\"https:\/\/i0.wp.com\/elterritorialweb.com.ar\/web\/wp-content\/uploads\/2023\/06\/WhatsApp-Image-2023-06-05-at-16.41.21-e1686014195558.jpeg?resize=1024%2C558&amp;ssl=1 1024w, https:\/\/i0.wp.com\/elterritorialweb.com.ar\/web\/wp-content\/uploads\/2023\/06\/WhatsApp-Image-2023-06-05-at-16.41.21-e1686014195558.jpeg?resize=300%2C163&amp;ssl=1 300w, https:\/\/i0.wp.com\/elterritorialweb.com.ar\/web\/wp-content\/uploads\/2023\/06\/WhatsApp-Image-2023-06-05-at-16.41.21-e1686014195558.jpeg?resize=768%2C418&amp;ssl=1 768w, https:\/\/i0.wp.com\/elterritorialweb.com.ar\/web\/wp-content\/uploads\/2023\/06\/WhatsApp-Image-2023-06-05-at-16.41.21-e1686014195558.jpeg?resize=1536%2C837&amp;ssl=1 1536w, https:\/\/i0.wp.com\/elterritorialweb.com.ar\/web\/wp-content\/uploads\/2023\/06\/WhatsApp-Image-2023-06-05-at-16.41.21-e1686014195558.jpeg?w=1599&amp;ssl=1 1599w, https:\/\/i0.wp.com\/elterritorialweb.com.ar\/web\/wp-content\/uploads\/2023\/06\/WhatsApp-Image-2023-06-05-at-16.41.21-e1686014195558.jpeg?w=1280 1280w\" data-sizes=\"(max-width: 640px) 100vw, 640px\" src=\"data:image\/svg+xml;base64,PHN2ZyB3aWR0aD0iMSIgaGVpZ2h0PSIxIiB4bWxucz0iaHR0cDovL3d3dy53My5vcmcvMjAwMC9zdmciPjwvc3ZnPg==\" style=\"--smush-placeholder-width: 640px; --smush-placeholder-aspect-ratio: 640\/349;\" \/><\/a><\/figure>\n\n\n\n<h3 class=\"wp-block-heading\">S\u00edntesis del partido<\/h3>\n\n\n\n<p><strong>Club Atl\u00e9tico Mitre:<\/strong> Ledesma Boboli, Soto, S\u00e1nchez, Tapia, Alesandroni, Almir\u00f3n Llanes, Mieres, D\u00edaz, Romero, Rosales, Gonz\u00e1lez. DT: Alfredo Grelak<\/p>\n\n\n\n<p><strong>Club Social y Deportivo Madryn:<\/strong> Temperini, Perales, Godoy, Ardiles, Recalde, Mansilla, Marinucci, Lioi, Gonz\u00e1lez, S\u00e1nchez, Crego DT: A. Yllana<\/p>\n\n\n\n<p><strong>Cambios en Mitre: <\/strong>64&#8242; G. Ramirez \u21c6 G. Diaz; 64&#8242; G. Mayenfisch \u21c6 D. Gonzalez; 76&#8242; C. Diaz \u21c6 B. Mieres; 89&#8242; A. Lamosa \u21c6 D. Romero.<\/p>\n\n\n\n<p><strong>Cambios en Deportivo Madryn: <\/strong>69&#8242; H. Zuliani \u21c6 N. Sanchez; 69&#8242; B. Magnago \u21c6 A. Lioi; 78&#8242; F. Deboli \u21c6 L. Marinucci; 89&#8242; L. Necul \u21c6 F. Ardiles.<\/p>\n\n\n\n<p><strong>Gol:<\/strong> A los 39&#8242; Santiago Rosales<\/p>\n\n\n\n<p><strong>\u00c1rbitro:<\/strong> Lucas Comesa\u00f1a<\/p>\n\n\n\n<p><strong>Estadio:<\/strong> Club Atl\u00e9tico Mitre<\/p>\n\n\n\n<p><\/p>\n","protected":false},"excerpt":{"rendered":"<p>El Aurinegro marc\u00f3 el gol en el final del partido y se impuso por 1-0 sobre el conjunto sure\u00f1o.<\/p>\n","protected":false},"author":2,"featured_media":53821,"comment_status":"open","ping_status":"open","sticky":false,"template":"","format":"standard","meta":{"om_disable_all_campaigns":false,"_monsterinsights_skip_tracking":false,"_monsterinsights_sitenote_active":false,"_monsterinsights_sitenote_note":"","_monsterinsights_sitenote_category":0,"_uf_show_specific_survey":0,"_uf_disable_surveys":false,"jetpack_post_was_ever_published":false,"_jetpack_newsletter_access":"","_jetpack_dont_email_post_to_subs":false,"_jetpack_newsletter_tier_id":0,"_jetpack_memberships_contains_paywalled_content":false,"_jetpack_memberships_contains_paid_content":false,"footnotes":"","jetpack_publicize_message":"","jetpack_publicize_feature_enabled":true,"jetpack_social_post_already_shared":true,"jetpack_social_options":{"image_generator_settings":{"template":"highway","default_image_id":0,"font":"","enabled":false},"version":2}},"categories":[6,4],"tags":[102,94],"class_list":["post-53816","post","type-post","status-publish","format-standard","has-post-thumbnail","hentry","category-deportes","category-destacadas","tag-club-atletico-mitre","tag-primera-nacional"],"aioseo_notices":[],"views":6,"jetpack_publicize_connections":[],"jetpack_featured_media_url":"https:\/\/i0.wp.com\/elterritorialweb.com.ar\/web\/wp-content\/uploads\/2023\/06\/WhatsApp-Image-2023-06-05-at-16.41.20-e1686014227352.jpeg?fit=1599%2C879&ssl=1","jetpack_sharing_enabled":true,"_links":{"self":[{"href":"https:\/\/elterritorialweb.com.ar\/web\/wp-json\/wp\/v2\/posts\/53816","targetHints":{"allow":["GET"]}}],"collection":[{"href":"https:\/\/elterritorialweb.com.ar\/web\/wp-json\/wp\/v2\/posts"}],"about":[{"href":"https:\/\/elterritorialweb.com.ar\/web\/wp-json\/wp\/v2\/types\/post"}],"author":[{"embeddable":true,"href":"https:\/\/elterritorialweb.com.ar\/web\/wp-json\/wp\/v2\/users\/2"}],"replies":[{"embeddable":true,"href":"https:\/\/elterritorialweb.com.ar\/web\/wp-json\/wp\/v2\/comments?post=53816"}],"version-history":[{"count":1,"href":"https:\/\/elterritorialweb.com.ar\/web\/wp-json\/wp\/v2\/posts\/53816\/revisions"}],"predecessor-version":[{"id":53823,"href":"https:\/\/elterritorialweb.com.ar\/web\/wp-json\/wp\/v2\/posts\/53816\/revisions\/53823"}],"wp:featuredmedia":[{"embeddable":true,"href":"https:\/\/elterritorialweb.com.ar\/web\/wp-json\/wp\/v2\/media\/53821"}],"wp:attachment":[{"href":"https:\/\/elterritorialweb.com.ar\/web\/wp-json\/wp\/v2\/media?parent=53816"}],"wp:term":[{"taxonomy":"category","embeddable":true,"href":"https:\/\/elterritorialweb.com.ar\/web\/wp-json\/wp\/v2\/categories?post=53816"},{"taxonomy":"post_tag","embeddable":true,"href":"https:\/\/elterritorialweb.com.ar\/web\/wp-json\/wp\/v2\/tags?post=53816"}],"curies":[{"name":"wp","href":"https:\/\/api.w.org\/{rel}","templated":true}]}}