{"id":53824,"date":"2023-06-06T01:48:07","date_gmt":"2023-06-06T01:48:07","guid":{"rendered":"http:\/\/elterritorialweb.com.ar\/web\/?p=53824"},"modified":"2023-06-06T01:48:09","modified_gmt":"2023-06-06T01:48:09","slug":"anuncian-bono-para-los-planes-de-emergencia-provinciales","status":"publish","type":"post","link":"https:\/\/elterritorialweb.com.ar\/web\/anuncian-bono-para-los-planes-de-emergencia-provinciales\/","title":{"rendered":"ANUNCIAN BONO PARA LOS PLANES DE EMERGENCIA PROVINCIALES"},"content":{"rendered":"\n<p>Su\u00e1rez destac\u00f3 que esta medida fue dispuesta oportunamente por el gobernador Gerardo Zamora, junto con el bono aguinaldo para la administraci\u00f3n p\u00fablica que se abonar\u00e1 en dos partes de $ 75 mil cada una.<br>En lo concerniente a los<strong> Planes de Emergencia<\/strong> -que llegan a m\u00e1s de 16 mil santiague\u00f1os- O&#8217;Mill precis\u00f3 que el<strong> bono<\/strong> se pagar\u00e1 en <strong>dos partes<\/strong> de<strong> $ 20 mil.<\/strong> La <strong>primera<\/strong> ser\u00e1 abonada el <strong>21 de junio<\/strong> y para la <strong>segunda<\/strong> se estableci\u00f3 el <strong>19 de julio<\/strong> como fecha tentativa.<br>Por su parte, Niccolai inform\u00f3 que las personas que poseen la <strong>Tarjeta Social Alimentaria<\/strong> \u2013son alrededor de 33.500- cobrar\u00e1n por \u00fanica vez un monto extraordinario de <strong>$ 40 mil<\/strong>, el <strong>23 de junio<\/strong> pr\u00f3ximo, donde estar\u00e1 incluida la asignaci\u00f3n correspondiente a cada mes.<\/p>\n","protected":false},"excerpt":{"rendered":"<p>En conferencia de prensa, el jefe de Gabinete, El\u00edas Su\u00e1rez, acompa\u00f1ado por los ministros de Desarrollo Social, \u00c1ngel Niccolai, y de Justicia Matilde O&#8217;Mill, dieron a conocer las fechas de pago de bonos extraordinarios por $ 40 mil para los beneficiarios de Planes de Emergencia y de Tarjetas Sociales Alimentarias de la provincia.<\/p>\n","protected":false},"author":2,"featured_media":53825,"comment_status":"open","ping_status":"open","sticky":false,"template":"","format":"standard","meta":{"om_disable_all_campaigns":false,"_monsterinsights_skip_tracking":false,"_monsterinsights_sitenote_active":false,"_monsterinsights_sitenote_note":"","_monsterinsights_sitenote_category":0,"_uf_show_specific_survey":0,"_uf_disable_surveys":false,"jetpack_post_was_ever_published":false,"_jetpack_newsletter_access":"","_jetpack_dont_email_post_to_subs":false,"_jetpack_newsletter_tier_id":0,"_jetpack_memberships_contains_paywalled_content":false,"_jetpack_memberships_contains_paid_content":false,"footnotes":"","jetpack_publicize_message":"","jetpack_publicize_feature_enabled":true,"jetpack_social_post_already_shared":true,"jetpack_social_options":{"image_generator_settings":{"template":"highway","default_image_id":0,"font":"","enabled":false},"version":2}},"categories":[4,2],"tags":[143,49,170],"class_list":["post-53824","post","type-post","status-publish","format-standard","has-post-thumbnail","hentry","category-destacadas","category-economia","tag-bono","tag-gobierno-de-santiago-del-estero","tag-planes-de-emergencia"],"aioseo_notices":[],"views":104,"jetpack_publicize_connections":[],"jetpack_featured_media_url":"https:\/\/i0.wp.com\/elterritorialweb.com.ar\/web\/wp-content\/uploads\/2023\/06\/WhatsApp-Image-2023-06-05-at-20.34.31.jpeg?fit=1600%2C1066&ssl=1","jetpack_sharing_enabled":true,"_links":{"self":[{"href":"https:\/\/elterritorialweb.com.ar\/web\/wp-json\/wp\/v2\/posts\/53824","targetHints":{"allow":["GET"]}}],"collection":[{"href":"https:\/\/elterritorialweb.com.ar\/web\/wp-json\/wp\/v2\/posts"}],"about":[{"href":"https:\/\/elterritorialweb.com.ar\/web\/wp-json\/wp\/v2\/types\/post"}],"author":[{"embeddable":true,"href":"https:\/\/elterritorialweb.com.ar\/web\/wp-json\/wp\/v2\/users\/2"}],"replies":[{"embeddable":true,"href":"https:\/\/elterritorialweb.com.ar\/web\/wp-json\/wp\/v2\/comments?post=53824"}],"version-history":[{"count":1,"href":"https:\/\/elterritorialweb.com.ar\/web\/wp-json\/wp\/v2\/posts\/53824\/revisions"}],"predecessor-version":[{"id":53826,"href":"https:\/\/elterritorialweb.com.ar\/web\/wp-json\/wp\/v2\/posts\/53824\/revisions\/53826"}],"wp:featuredmedia":[{"embeddable":true,"href":"https:\/\/elterritorialweb.com.ar\/web\/wp-json\/wp\/v2\/media\/53825"}],"wp:attachment":[{"href":"https:\/\/elterritorialweb.com.ar\/web\/wp-json\/wp\/v2\/media?parent=53824"}],"wp:term":[{"taxonomy":"category","embeddable":true,"href":"https:\/\/elterritorialweb.com.ar\/web\/wp-json\/wp\/v2\/categories?post=53824"},{"taxonomy":"post_tag","embeddable":true,"href":"https:\/\/elterritorialweb.com.ar\/web\/wp-json\/wp\/v2\/tags?post=53824"}],"curies":[{"name":"wp","href":"https:\/\/api.w.org\/{rel}","templated":true}]}}