{"id":53827,"date":"2023-06-06T02:34:51","date_gmt":"2023-06-06T02:34:51","guid":{"rendered":"http:\/\/elterritorialweb.com.ar\/web\/?p=53827"},"modified":"2023-06-06T02:38:57","modified_gmt":"2023-06-06T02:38:57","slug":"quimsa-presento-las-finales-de-la-liga-nacional","status":"publish","type":"post","link":"https:\/\/elterritorialweb.com.ar\/web\/quimsa-presento-las-finales-de-la-liga-nacional\/","title":{"rendered":"QUIMSA PRESENT\u00d3 LAS FINALES DE LA LIGA NACIONAL"},"content":{"rendered":"\n<p>El presidente Gerardo Montenegro, el jugador Mauro Cosolito, el tesorero de la AdC Andr\u00e9s Pelussi y el coach Leandro Ramella&nbsp;brindaron sus sensaciones antes del primer partido entre Fusionados y Xeneizes.<\/p>\n\n\n\n<p><strong>Gerardo Montenegro<\/strong>, presidente de Quimsa y de la Asociaci\u00f3n de Clubes dijo:\u00a0<em>\u00abagradezco a los medios que siempre acompa\u00f1an a La Liga en todo momento. El poder llegar por tercer a\u00f1o consecutivo es un gran orgullo para nuestra instituci\u00f3n, de mi parte como dirigente me queda felicitar a los jugadores y entrenadores por este logro\u00bb.<\/em><\/p>\n\n\n\n<p>Sobre las entradas y la capacidad resalt\u00f3:<em>&nbsp;\u00abentendimos que la cantidad de hinchas ser\u00e1 m\u00e1s de lo habitual, por eso junto a la comisi\u00f3n directiva decidimos el retiro de un sector de plateas y ampliarlo como tribuna popular\u00bb<\/em>.<\/p>\n\n\n\n<p>En tanto,\u00a0<strong>Mauro Cosolito<\/strong>, jugador y capit\u00e1n de Quimsa, afirm\u00f3:\u00a0<em>\u00abtenemos muchas ganas de jugar esta final, muy feliz por llegar por tercera temporada a esta definici\u00f3n. Sabemos que no se nos pudo dar las veces anteriores, pero con el grupo hicimos el esfuerzo para llegar aqu\u00ed y daremos lo mejor para la alegr\u00eda de la gente. Insistir, persistir y nunca bajar los brazos nos llevar\u00e1 a lo que tanto deseamos\u00bb.<\/em><\/p>\n\n\n\n<p>Por su parte, el coach&nbsp;<strong>Leandro Ramella<\/strong>&nbsp;remarc\u00f3:&nbsp;<em>\u00abhay dieciocho equipos que no pudieron llegar a esta final, por eso ya hay un m\u00e9rito importante. Desde que me sum\u00e9 al club encontr\u00e9 a jugadores concentrados y con un objetivo claro. Sabemos la calidad del rival que tenemos al frente, ser\u00e1 una serie larga y hay que ir partido a partido\u00bb.<\/em><\/p>\n\n\n\n<p><strong>Diego LoGrippo<\/strong>, Manager de la instituci\u00f3n fusionada dijo:\u00a0<em>\u00abd\u00eda a d\u00eda trabajamos para que el club pueda llegar a estas instancias y ser protagonistas a nivel nacional e internacional. Hay que resaltar el compromiso del plantel y del cuerpo t\u00e9cnico, nos llena de satisfacci\u00f3n llegar a una etapa as\u00ed y contar con un acompa\u00f1amiento permanente de la gente a todo momento\u00bb.<\/em><\/p>\n\n\n\n<p><strong>Andr\u00e9s Pelussi<\/strong>, dijo:&nbsp;<em>\u00abes un placer llegar a esta definici\u00f3n con dos grandes instituciones, sabemos que Quimsa estar\u00e1 repleto al igual que la Bombonerita con toda su historia\u00bb.&nbsp;&nbsp;<\/em><\/p>\n\n\n\n<p>La serie comenzar\u00e1 este martes desde las 21.00 horas en el estadio Ciudad y el segundo juego ser\u00e1 el jueves 22 horas. Se espera un gran marco de p\u00fablico para alentar al equipo en su quinta final de Liga Nacional.<\/p>\n","protected":false},"excerpt":{"rendered":"<p>Mediante una conferencia de prensa en el sector VIP del estadio Ciudad, la Asociaci\u00f3n Atl\u00e9tica Quimsa present\u00f3 la definici\u00f3n de la Liga Nacional 2022\/23.<\/p>\n","protected":false},"author":2,"featured_media":53828,"comment_status":"open","ping_status":"open","sticky":false,"template":"","format":"standard","meta":{"om_disable_all_campaigns":false,"_monsterinsights_skip_tracking":false,"_monsterinsights_sitenote_active":false,"_monsterinsights_sitenote_note":"","_monsterinsights_sitenote_category":0,"_uf_show_specific_survey":0,"_uf_disable_surveys":false,"jetpack_post_was_ever_published":false,"_jetpack_newsletter_access":"","_jetpack_dont_email_post_to_subs":false,"_jetpack_newsletter_tier_id":0,"_jetpack_memberships_contains_paywalled_content":false,"_jetpack_memberships_contains_paid_content":false,"footnotes":"","jetpack_publicize_message":"","jetpack_publicize_feature_enabled":true,"jetpack_social_post_already_shared":true,"jetpack_social_options":{"image_generator_settings":{"template":"highway","default_image_id":0,"font":"","enabled":false},"version":2}},"categories":[6,4],"tags":[171,107,106],"class_list":["post-53827","post","type-post","status-publish","format-standard","has-post-thumbnail","hentry","category-deportes","category-destacadas","tag-finales","tag-liga-nacional-de-basquet","tag-quimsa"],"aioseo_notices":[],"views":8,"jetpack_publicize_connections":[],"jetpack_featured_media_url":"https:\/\/i0.wp.com\/elterritorialweb.com.ar\/web\/wp-content\/uploads\/2023\/06\/quimsa-anuncio-final.jpg?fit=1920%2C1080&ssl=1","jetpack_sharing_enabled":true,"_links":{"self":[{"href":"https:\/\/elterritorialweb.com.ar\/web\/wp-json\/wp\/v2\/posts\/53827","targetHints":{"allow":["GET"]}}],"collection":[{"href":"https:\/\/elterritorialweb.com.ar\/web\/wp-json\/wp\/v2\/posts"}],"about":[{"href":"https:\/\/elterritorialweb.com.ar\/web\/wp-json\/wp\/v2\/types\/post"}],"author":[{"embeddable":true,"href":"https:\/\/elterritorialweb.com.ar\/web\/wp-json\/wp\/v2\/users\/2"}],"replies":[{"embeddable":true,"href":"https:\/\/elterritorialweb.com.ar\/web\/wp-json\/wp\/v2\/comments?post=53827"}],"version-history":[{"count":1,"href":"https:\/\/elterritorialweb.com.ar\/web\/wp-json\/wp\/v2\/posts\/53827\/revisions"}],"predecessor-version":[{"id":53829,"href":"https:\/\/elterritorialweb.com.ar\/web\/wp-json\/wp\/v2\/posts\/53827\/revisions\/53829"}],"wp:featuredmedia":[{"embeddable":true,"href":"https:\/\/elterritorialweb.com.ar\/web\/wp-json\/wp\/v2\/media\/53828"}],"wp:attachment":[{"href":"https:\/\/elterritorialweb.com.ar\/web\/wp-json\/wp\/v2\/media?parent=53827"}],"wp:term":[{"taxonomy":"category","embeddable":true,"href":"https:\/\/elterritorialweb.com.ar\/web\/wp-json\/wp\/v2\/categories?post=53827"},{"taxonomy":"post_tag","embeddable":true,"href":"https:\/\/elterritorialweb.com.ar\/web\/wp-json\/wp\/v2\/tags?post=53827"}],"curies":[{"name":"wp","href":"https:\/\/api.w.org\/{rel}","templated":true}]}}