{"id":53831,"date":"2023-06-06T13:31:24","date_gmt":"2023-06-06T13:31:24","guid":{"rendered":"http:\/\/elterritorialweb.com.ar\/web\/?p=53831"},"modified":"2023-06-06T13:31:27","modified_gmt":"2023-06-06T13:31:27","slug":"continuan-con-la-campana-de-castracion-en-clodomira","status":"publish","type":"post","link":"https:\/\/elterritorialweb.com.ar\/web\/continuan-con-la-campana-de-castracion-en-clodomira\/","title":{"rendered":"CONTIN\u00daAN CON LA CAMPA\u00d1A DE CASTRACI\u00d3N EN CLODOMIRA"},"content":{"rendered":"\n<p>La <strong>municipalidad de Clodomira<\/strong> en coordinaci\u00f3n con proteccionistas independientes realizar\u00e1 la campa\u00f1a de <strong>castraci\u00f3n municipal gratuita<\/strong> como medida sanitaria y de prevenci\u00f3n de la superpoblaci\u00f3n de animales. <\/p>\n\n\n\n<p>Desde la comuna informaron que todas <em>\u00ablas personas que deseen obtener el <strong>turno<\/strong> deben dirigirse a la <strong>Secretaria de Gobierno en la Municipalidad<\/strong>, el d\u00eda martes<strong> 6 de junio<\/strong> en horarios de <strong>08:00hs a 09:30hs<\/strong>\u00ab.<\/em><\/p>\n\n\n\n<p><em>\u00abEl <strong>programa<\/strong> abarca a <strong>perros y gatos (machos y hembras)<\/strong> a partir de los <strong>6 meses de edad<\/strong>. Solo animales hasta tama\u00f1o mediano. <strong>No se castran perras\/os de razas grandes<\/strong>\u00ab<\/em>.<\/p>\n\n\n\n<p><em>\u00abLos <strong>turnos<\/strong> son por orden de llegada y <strong>1 por persona<\/strong> (sin excepci\u00f3n), respetando el horario de inscripci\u00f3n\u00bb<\/em>.    <\/p>\n\n\n\n<p><em>\u00abLas castraciones estar\u00e1n a cargo de los Veterinarios Pablo Lencinas y Eduardo Peralta y duran aproximadamente dos horas\u00bb<\/em>, informaron desde la municialidad. <\/p>\n","protected":false},"excerpt":{"rendered":"<p>Desde este martes, comienzan las inscripciones para la castraciones en la ciudad de Clodomira.<\/p>\n","protected":false},"author":2,"featured_media":53832,"comment_status":"open","ping_status":"open","sticky":false,"template":"","format":"standard","meta":{"om_disable_all_campaigns":false,"_monsterinsights_skip_tracking":false,"_monsterinsights_sitenote_active":false,"_monsterinsights_sitenote_note":"","_monsterinsights_sitenote_category":0,"_uf_show_specific_survey":0,"_uf_disable_surveys":false,"jetpack_post_was_ever_published":false,"_jetpack_newsletter_access":"","_jetpack_dont_email_post_to_subs":false,"_jetpack_newsletter_tier_id":0,"_jetpack_memberships_contains_paywalled_content":false,"_jetpack_memberships_contains_paid_content":false,"footnotes":"","jetpack_publicize_message":"","jetpack_publicize_feature_enabled":true,"jetpack_social_post_already_shared":true,"jetpack_social_options":{"image_generator_settings":{"template":"highway","default_image_id":0,"font":"","enabled":false},"version":2}},"categories":[35],"tags":[173,172],"class_list":["post-53831","post","type-post","status-publish","format-standard","has-post-thumbnail","hentry","category-interior","tag-castraciones","tag-municipalidad-de-clodomira"],"aioseo_notices":[],"views":7,"jetpack_publicize_connections":[],"jetpack_featured_media_url":"https:\/\/i0.wp.com\/elterritorialweb.com.ar\/web\/wp-content\/uploads\/2023\/06\/castraciones-en-clodomira.jpg?fit=720%2C540&ssl=1","jetpack_sharing_enabled":true,"_links":{"self":[{"href":"https:\/\/elterritorialweb.com.ar\/web\/wp-json\/wp\/v2\/posts\/53831","targetHints":{"allow":["GET"]}}],"collection":[{"href":"https:\/\/elterritorialweb.com.ar\/web\/wp-json\/wp\/v2\/posts"}],"about":[{"href":"https:\/\/elterritorialweb.com.ar\/web\/wp-json\/wp\/v2\/types\/post"}],"author":[{"embeddable":true,"href":"https:\/\/elterritorialweb.com.ar\/web\/wp-json\/wp\/v2\/users\/2"}],"replies":[{"embeddable":true,"href":"https:\/\/elterritorialweb.com.ar\/web\/wp-json\/wp\/v2\/comments?post=53831"}],"version-history":[{"count":1,"href":"https:\/\/elterritorialweb.com.ar\/web\/wp-json\/wp\/v2\/posts\/53831\/revisions"}],"predecessor-version":[{"id":53833,"href":"https:\/\/elterritorialweb.com.ar\/web\/wp-json\/wp\/v2\/posts\/53831\/revisions\/53833"}],"wp:featuredmedia":[{"embeddable":true,"href":"https:\/\/elterritorialweb.com.ar\/web\/wp-json\/wp\/v2\/media\/53832"}],"wp:attachment":[{"href":"https:\/\/elterritorialweb.com.ar\/web\/wp-json\/wp\/v2\/media?parent=53831"}],"wp:term":[{"taxonomy":"category","embeddable":true,"href":"https:\/\/elterritorialweb.com.ar\/web\/wp-json\/wp\/v2\/categories?post=53831"},{"taxonomy":"post_tag","embeddable":true,"href":"https:\/\/elterritorialweb.com.ar\/web\/wp-json\/wp\/v2\/tags?post=53831"}],"curies":[{"name":"wp","href":"https:\/\/api.w.org\/{rel}","templated":true}]}}