{"id":53834,"date":"2023-06-06T13:46:38","date_gmt":"2023-06-06T13:46:38","guid":{"rendered":"http:\/\/elterritorialweb.com.ar\/web\/?p=53834"},"modified":"2023-06-06T13:46:41","modified_gmt":"2023-06-06T13:46:41","slug":"mas-de-150-ninos-de-los-telares-accedieron-al-programa-mis-primeros-1700-dias","status":"publish","type":"post","link":"https:\/\/elterritorialweb.com.ar\/web\/mas-de-150-ninos-de-los-telares-accedieron-al-programa-mis-primeros-1700-dias\/","title":{"rendered":"M\u00c1S DE 150 NI\u00d1OS DE LOS TELARES ACCEDIERON AL PROGRAMA MIS PRIMEROS 1700 D\u00cdAS"},"content":{"rendered":"\n<p>El Programa Provincial Mis Primeros 1700 D\u00edas fue presentado en el comedor infantil\u00a0 \u00abHuahuitas Cusi Cunas\u00bb (Ni\u00f1os Felices) de la ciudad de Los Telares, departamento Salavina, con beneficios para 150 ni\u00f1os de los barrios San Jos\u00e9, San Juan, San Francisco, San Cayetano, Santa Rita, Santa Elena y Se\u00f1or de los Milagros. Tambi\u00e9n de las localidades Anga, Ver\u00f3n, Alota, Campo de Cejas y parajes vecinos.<\/p>\n\n\n\n<p>Las palabras de bienvenida estuvieron a cargo de Nora Caro, referente del comedor, quien expres\u00f3 su satisfacci\u00f3n por recibir los beneficios de este programa para los ni\u00f1os de la zona.<\/p>\n\n\n\n<figure class=\"wp-block-image size-large\"><a href=\"https:\/\/i0.wp.com\/elterritorialweb.com.ar\/web\/wp-content\/uploads\/2023\/06\/telares.jpeg\"><img data-recalc-dims=\"1\" decoding=\"async\" width=\"640\" height=\"427\" data-src=\"https:\/\/i0.wp.com\/elterritorialweb.com.ar\/web\/wp-content\/uploads\/2023\/06\/telares.jpeg?resize=640%2C427\" alt=\"\" class=\"wp-image-53836 lazyload\" data-srcset=\"https:\/\/i0.wp.com\/elterritorialweb.com.ar\/web\/wp-content\/uploads\/2023\/06\/telares.jpeg?resize=1024%2C683&amp;ssl=1 1024w, https:\/\/i0.wp.com\/elterritorialweb.com.ar\/web\/wp-content\/uploads\/2023\/06\/telares.jpeg?resize=300%2C200&amp;ssl=1 300w, https:\/\/i0.wp.com\/elterritorialweb.com.ar\/web\/wp-content\/uploads\/2023\/06\/telares.jpeg?resize=768%2C512&amp;ssl=1 768w, https:\/\/i0.wp.com\/elterritorialweb.com.ar\/web\/wp-content\/uploads\/2023\/06\/telares.jpeg?resize=1536%2C1024&amp;ssl=1 1536w, https:\/\/i0.wp.com\/elterritorialweb.com.ar\/web\/wp-content\/uploads\/2023\/06\/telares.jpeg?w=1599&amp;ssl=1 1599w, https:\/\/i0.wp.com\/elterritorialweb.com.ar\/web\/wp-content\/uploads\/2023\/06\/telares.jpeg?w=1280 1280w\" data-sizes=\"(max-width: 640px) 100vw, 640px\" src=\"data:image\/svg+xml;base64,PHN2ZyB3aWR0aD0iMSIgaGVpZ2h0PSIxIiB4bWxucz0iaHR0cDovL3d3dy53My5vcmcvMjAwMC9zdmciPjwvc3ZnPg==\" style=\"--smush-placeholder-width: 640px; --smush-placeholder-aspect-ratio: 640\/427;\" \/><\/a><\/figure>\n\n\n\n<p>A su turno, la directora de Desarrollo Social dijo: \u00abDesde el ministerio nos comprometemos a hacer un seguimiento a los comedores infantiles para que los alimentos lleguen y cumplan la funci\u00f3n principal que es la alimentaci\u00f3n para los m\u00e1s peque\u00f1os\u00bb.<\/p>\n\n\n\n<p>Por su parte, Coria resalt\u00f3 que el programa ofrece alimentos muy&nbsp; nutricionales y proteicos. \u201cPor eso les pido que se acerquen a empadronarse ya que&nbsp; a estos productos los tendr\u00e1n los primeros 15 d\u00edas de cada mes y en conjunto con el equipo de profesionales vamos a volver para darle continuidad&nbsp; y cumplir con&nbsp; el objetivo\u00bb, dijo.<\/p>\n\n\n\n<p><\/p>\n","protected":false},"excerpt":{"rendered":"<p>El lanzamiento estuvo a cargo del referente del programa, Benjam\u00edn Coria, y de la directora de Desarrollo Social, Zulema Sirena, quienes fueron recibidos por la intendente Nora Rold\u00e1n y el equipo de nutricionistas que capacitaron a las madres y mujeres embarazadas sobre la elaboraci\u00f3n y beneficios de los alimentos.<\/p>\n","protected":false},"author":2,"featured_media":53835,"comment_status":"open","ping_status":"open","sticky":false,"template":"","format":"standard","meta":{"om_disable_all_campaigns":false,"_monsterinsights_skip_tracking":false,"_monsterinsights_sitenote_active":false,"_monsterinsights_sitenote_note":"","_monsterinsights_sitenote_category":0,"_uf_show_specific_survey":0,"_uf_disable_surveys":false,"jetpack_post_was_ever_published":false,"_jetpack_newsletter_access":"","_jetpack_dont_email_post_to_subs":false,"_jetpack_newsletter_tier_id":0,"_jetpack_memberships_contains_paywalled_content":false,"_jetpack_memberships_contains_paid_content":false,"footnotes":"","jetpack_publicize_message":"","jetpack_publicize_feature_enabled":true,"jetpack_social_post_already_shared":true,"jetpack_social_options":{"image_generator_settings":{"template":"highway","default_image_id":0,"font":"","enabled":false},"version":2}},"categories":[21],"tags":[49,175,174],"class_list":["post-53834","post","type-post","status-publish","format-standard","has-post-thumbnail","hentry","category-locales","tag-gobierno-de-santiago-del-estero","tag-los-telares","tag-programa-mis-primeros-1700-dias"],"aioseo_notices":[],"views":10,"jetpack_publicize_connections":[],"jetpack_featured_media_url":"https:\/\/i0.wp.com\/elterritorialweb.com.ar\/web\/wp-content\/uploads\/2023\/06\/telares-1.jpeg?fit=1599%2C1066&ssl=1","jetpack_sharing_enabled":true,"_links":{"self":[{"href":"https:\/\/elterritorialweb.com.ar\/web\/wp-json\/wp\/v2\/posts\/53834","targetHints":{"allow":["GET"]}}],"collection":[{"href":"https:\/\/elterritorialweb.com.ar\/web\/wp-json\/wp\/v2\/posts"}],"about":[{"href":"https:\/\/elterritorialweb.com.ar\/web\/wp-json\/wp\/v2\/types\/post"}],"author":[{"embeddable":true,"href":"https:\/\/elterritorialweb.com.ar\/web\/wp-json\/wp\/v2\/users\/2"}],"replies":[{"embeddable":true,"href":"https:\/\/elterritorialweb.com.ar\/web\/wp-json\/wp\/v2\/comments?post=53834"}],"version-history":[{"count":1,"href":"https:\/\/elterritorialweb.com.ar\/web\/wp-json\/wp\/v2\/posts\/53834\/revisions"}],"predecessor-version":[{"id":53837,"href":"https:\/\/elterritorialweb.com.ar\/web\/wp-json\/wp\/v2\/posts\/53834\/revisions\/53837"}],"wp:featuredmedia":[{"embeddable":true,"href":"https:\/\/elterritorialweb.com.ar\/web\/wp-json\/wp\/v2\/media\/53835"}],"wp:attachment":[{"href":"https:\/\/elterritorialweb.com.ar\/web\/wp-json\/wp\/v2\/media?parent=53834"}],"wp:term":[{"taxonomy":"category","embeddable":true,"href":"https:\/\/elterritorialweb.com.ar\/web\/wp-json\/wp\/v2\/categories?post=53834"},{"taxonomy":"post_tag","embeddable":true,"href":"https:\/\/elterritorialweb.com.ar\/web\/wp-json\/wp\/v2\/tags?post=53834"}],"curies":[{"name":"wp","href":"https:\/\/api.w.org\/{rel}","templated":true}]}}