{"id":53838,"date":"2023-06-06T15:31:19","date_gmt":"2023-06-06T15:31:19","guid":{"rendered":"http:\/\/elterritorialweb.com.ar\/web\/?p=53838"},"modified":"2023-06-06T15:31:37","modified_gmt":"2023-06-06T15:31:37","slug":"macri-critico-a-larreta-por-schiaretti-y-agudiza-la-interna-en-juntos-por-el-cambio","status":"publish","type":"post","link":"https:\/\/elterritorialweb.com.ar\/web\/macri-critico-a-larreta-por-schiaretti-y-agudiza-la-interna-en-juntos-por-el-cambio\/","title":{"rendered":"MACRI CRITIC\u00d3 A LARRETA POR SCHIARETTI Y AGUDIZA LA INTERNA EN JUNTOS POR EL CAMBIO"},"content":{"rendered":"\n<p>El expresidente\u00a0<strong>Mauricio Macri cruz\u00f3 al jefe de Gobierno porte\u00f1o, Horacio Rodr\u00edguez Larreta, por su intenci\u00f3n de sumar al gobernador de C\u00f3rdoba, Juan Schiaretti, a Juntos por el Cambio<\/strong>, aunque\u00a0en el pasado intent\u00f3 sumarlo al frente opositor\u00a0sin \u00e9xito.<\/p>\n\n\n\n<figure class=\"wp-block-image size-large\"><a href=\"https:\/\/i0.wp.com\/elterritorialweb.com.ar\/web\/wp-content\/uploads\/2023\/06\/image-2.png\"><img data-recalc-dims=\"1\" decoding=\"async\" width=\"640\" height=\"480\" data-src=\"https:\/\/i0.wp.com\/elterritorialweb.com.ar\/web\/wp-content\/uploads\/2023\/06\/image-2.png?resize=640%2C480\" alt=\"\" class=\"wp-image-53839 lazyload\" data-srcset=\"https:\/\/i0.wp.com\/elterritorialweb.com.ar\/web\/wp-content\/uploads\/2023\/06\/image-2.png?resize=1024%2C768&amp;ssl=1 1024w, https:\/\/i0.wp.com\/elterritorialweb.com.ar\/web\/wp-content\/uploads\/2023\/06\/image-2.png?resize=300%2C225&amp;ssl=1 300w, https:\/\/i0.wp.com\/elterritorialweb.com.ar\/web\/wp-content\/uploads\/2023\/06\/image-2.png?resize=768%2C576&amp;ssl=1 768w, https:\/\/i0.wp.com\/elterritorialweb.com.ar\/web\/wp-content\/uploads\/2023\/06\/image-2.png?w=1200&amp;ssl=1 1200w\" data-sizes=\"(max-width: 640px) 100vw, 640px\" src=\"data:image\/svg+xml;base64,PHN2ZyB3aWR0aD0iMSIgaGVpZ2h0PSIxIiB4bWxucz0iaHR0cDovL3d3dy53My5vcmcvMjAwMC9zdmciPjwvc3ZnPg==\" style=\"--smush-placeholder-width: 640px; --smush-placeholder-aspect-ratio: 640\/480;\" \/><\/a><\/figure>\n\n\n\n<p>El l\u00edder del PRO asegur\u00f3 que no entiende \u00ablas decisiones que viene tomando\u00bb el precandidato a presidente por Juntos por el Cambio: \u00abO tenemos un compromiso con el cambio profundo, r\u00e1pido, con coraje, o no tiene sentido volver al poder\u00bb.<\/p>\n\n\n\n<p><strong>\u00abLas cosas tienen un tiempo y no podemos poner en crisis esto que hemos armado, no se act\u00faa de manera improvisada, unilateralmente, la verdad que no est\u00e1 bien\u00bb<\/strong>, y que la propuesta \u00abpone en crisis a todo el sistema de la coalici\u00f3n\u00bb, agreg\u00f3 Macri.<\/p>\n\n\n\n<p>Luego, en declaraciones con radio Mitre de C\u00f3rdoba, redobl\u00f3 la apuesta al asegurar que \u00abno se puede traicionar el cambio\u00bb y que \u00abno se le puede faltar el respeto as\u00ed\u00bb a los dirigentes de C\u00f3rdoba.<\/p>\n\n\n\n<p>El exmandatario se encuentra en C\u00f3rdoba, donde se mostrar\u00e1 con el candidato a gobernador del PRO, Luis Juez, quien ya expres\u00f3 estar en contra de la llegada de Schiaretti al espacio opositor.<\/p>\n","protected":false},"excerpt":{"rendered":"<p>El expresidente critic\u00f3 al jefe de Gobierno porte\u00f1o, y precandidato presidencial por Juntos por el Cambio, por su intento de sumar a Juan Schiaretti al espacio. \u00abNo entiendo las decisiones que viene tomando\u00bb, manifest\u00f3.<\/p>\n","protected":false},"author":2,"featured_media":53839,"comment_status":"open","ping_status":"open","sticky":false,"template":"","format":"standard","meta":{"om_disable_all_campaigns":false,"_monsterinsights_skip_tracking":false,"_monsterinsights_sitenote_active":false,"_monsterinsights_sitenote_note":"","_monsterinsights_sitenote_category":0,"_uf_show_specific_survey":0,"_uf_disable_surveys":false,"jetpack_post_was_ever_published":false,"_jetpack_newsletter_access":"","_jetpack_dont_email_post_to_subs":false,"_jetpack_newsletter_tier_id":0,"_jetpack_memberships_contains_paywalled_content":false,"_jetpack_memberships_contains_paid_content":false,"footnotes":"","jetpack_publicize_message":"","jetpack_publicize_feature_enabled":true,"jetpack_social_post_already_shared":true,"jetpack_social_options":{"image_generator_settings":{"template":"highway","default_image_id":0,"font":"","enabled":false},"version":2}},"categories":[4,18],"tags":[177,179,178,176],"class_list":["post-53838","post","type-post","status-publish","format-standard","has-post-thumbnail","hentry","category-destacadas","category-politica","tag-horacio-rodriguez-larreta","tag-internas","tag-juntos-por-el-cambio","tag-mauricio-macri"],"aioseo_notices":[],"views":11,"jetpack_publicize_connections":[],"jetpack_featured_media_url":"https:\/\/i0.wp.com\/elterritorialweb.com.ar\/web\/wp-content\/uploads\/2023\/06\/image-2.png?fit=1200%2C900&ssl=1","jetpack_sharing_enabled":true,"_links":{"self":[{"href":"https:\/\/elterritorialweb.com.ar\/web\/wp-json\/wp\/v2\/posts\/53838","targetHints":{"allow":["GET"]}}],"collection":[{"href":"https:\/\/elterritorialweb.com.ar\/web\/wp-json\/wp\/v2\/posts"}],"about":[{"href":"https:\/\/elterritorialweb.com.ar\/web\/wp-json\/wp\/v2\/types\/post"}],"author":[{"embeddable":true,"href":"https:\/\/elterritorialweb.com.ar\/web\/wp-json\/wp\/v2\/users\/2"}],"replies":[{"embeddable":true,"href":"https:\/\/elterritorialweb.com.ar\/web\/wp-json\/wp\/v2\/comments?post=53838"}],"version-history":[{"count":1,"href":"https:\/\/elterritorialweb.com.ar\/web\/wp-json\/wp\/v2\/posts\/53838\/revisions"}],"predecessor-version":[{"id":53840,"href":"https:\/\/elterritorialweb.com.ar\/web\/wp-json\/wp\/v2\/posts\/53838\/revisions\/53840"}],"wp:featuredmedia":[{"embeddable":true,"href":"https:\/\/elterritorialweb.com.ar\/web\/wp-json\/wp\/v2\/media\/53839"}],"wp:attachment":[{"href":"https:\/\/elterritorialweb.com.ar\/web\/wp-json\/wp\/v2\/media?parent=53838"}],"wp:term":[{"taxonomy":"category","embeddable":true,"href":"https:\/\/elterritorialweb.com.ar\/web\/wp-json\/wp\/v2\/categories?post=53838"},{"taxonomy":"post_tag","embeddable":true,"href":"https:\/\/elterritorialweb.com.ar\/web\/wp-json\/wp\/v2\/tags?post=53838"}],"curies":[{"name":"wp","href":"https:\/\/api.w.org\/{rel}","templated":true}]}}