{"id":53861,"date":"2023-06-06T22:54:43","date_gmt":"2023-06-06T22:54:43","guid":{"rendered":"http:\/\/elterritorialweb.com.ar\/web\/?p=53861"},"modified":"2023-06-06T22:54:46","modified_gmt":"2023-06-06T22:54:46","slug":"fernandez-desde-el-primer-dia-de-mandato-hablo-de-la-necesidad-de-tener-un-estado-que-funcione-con-transparencia","status":"publish","type":"post","link":"https:\/\/elterritorialweb.com.ar\/web\/fernandez-desde-el-primer-dia-de-mandato-hablo-de-la-necesidad-de-tener-un-estado-que-funcione-con-transparencia\/","title":{"rendered":"FERN\u00c1NDEZ: \u00abDESDE EL PRIMER D\u00cdA DE MANDATO HABLO DE LA NECESIDAD DE TENER UN ESTADO QUE FUNCIONE CON TRANSPARENCIA\u00bb"},"content":{"rendered":"\n<p>\u201cDesde el primer d\u00eda de mandato hablo de la necesidad de tener un Estado eficiente, que funcione con transparencia, y que los funcionarios tengan la integridad \u00e9tica necesaria\u201d, expres\u00f3 el mandatario, y asegur\u00f3 que \u201choy no hay espacio para la corrupci\u00f3n. No es algo tolerable. Todos los que estamos ac\u00e1 somos funcionarios p\u00fablicos debemos servir al pueblo\u201d.<\/p>\n\n\n\n<p>El jefe de Estado se\u00f1al\u00f3 que \u201clos sistemas preventivos son los m\u00e1s importantes, y hemos implementado muchos, como el sistema de compras que dio la m\u00e1s absoluta transparencia y por el cual terminamos siendo el Gobierno que m\u00e1s obras p\u00fablicas licit\u00f3\u201d.<\/p>\n\n\n\n<figure class=\"wp-block-image size-large\"><a href=\"https:\/\/i0.wp.com\/elterritorialweb.com.ar\/web\/wp-content\/uploads\/2023\/06\/AFMB2.jpg\"><img data-recalc-dims=\"1\" decoding=\"async\" width=\"640\" height=\"426\" data-src=\"https:\/\/i0.wp.com\/elterritorialweb.com.ar\/web\/wp-content\/uploads\/2023\/06\/AFMB2.jpg?resize=640%2C426\" alt=\"\" class=\"wp-image-53863 lazyload\" data-srcset=\"https:\/\/i0.wp.com\/elterritorialweb.com.ar\/web\/wp-content\/uploads\/2023\/06\/AFMB2.jpg?resize=1024%2C682&amp;ssl=1 1024w, https:\/\/i0.wp.com\/elterritorialweb.com.ar\/web\/wp-content\/uploads\/2023\/06\/AFMB2.jpg?resize=300%2C200&amp;ssl=1 300w, https:\/\/i0.wp.com\/elterritorialweb.com.ar\/web\/wp-content\/uploads\/2023\/06\/AFMB2.jpg?resize=768%2C512&amp;ssl=1 768w, https:\/\/i0.wp.com\/elterritorialweb.com.ar\/web\/wp-content\/uploads\/2023\/06\/AFMB2.jpg?resize=1536%2C1024&amp;ssl=1 1536w, https:\/\/i0.wp.com\/elterritorialweb.com.ar\/web\/wp-content\/uploads\/2023\/06\/AFMB2.jpg?w=1940&amp;ssl=1 1940w, https:\/\/i0.wp.com\/elterritorialweb.com.ar\/web\/wp-content\/uploads\/2023\/06\/AFMB2.jpg?w=1280 1280w\" data-sizes=\"(max-width: 640px) 100vw, 640px\" src=\"data:image\/svg+xml;base64,PHN2ZyB3aWR0aD0iMSIgaGVpZ2h0PSIxIiB4bWxucz0iaHR0cDovL3d3dy53My5vcmcvMjAwMC9zdmciPjwvc3ZnPg==\" style=\"--smush-placeholder-width: 640px; --smush-placeholder-aspect-ratio: 640\/426;\" \/><\/a><\/figure>\n\n\n\n<p>\u201cEso que ocurre en nuestro Gobierno debe ser una regla permanente para el futuro de la Argentina\u201d, y en este sentido agreg\u00f3: \u201cNo enriquecimos a nuestras familias, no le entregamos obras a nuestros amigos, e hicimos muchas cosas por la calidad \u00e9tica\u201d, afirm\u00f3 el presidente acompa\u00f1ado por el jefe de Gabinete, Agust\u00edn Rossi; las titulares de la Oficina Anticorrupci\u00f3n, Ver\u00f3nica G\u00f3mez; y de la Agencia de Acceso a la Informaci\u00f3n P\u00fablica, Beatriz de Anchorena; la s\u00edndica General Adjunta de la Naci\u00f3n, Irma Miranda; y la secretaria de Gesti\u00f3n y Empleo P\u00fablico, Ana Castellani.<\/p>\n\n\n\n<p>Creada en junio de 2021, la Mesa Nacional de Integridad y Transparencia es un espacio interinstitucional para coordinar estrategias de asistencia, seguimiento y evaluaci\u00f3n de pol\u00edticas p\u00fablicas con el objetivo de dotar de una dimensi\u00f3n de transparencia para consolidar una gesti\u00f3n m\u00e1s eficaz.<\/p>\n\n\n\n<p>Por su parte, Rossi destac\u00f3 que \u201cla articulaci\u00f3n permanente entre las distintas agencias y la decisi\u00f3n pol\u00edtica fuerte del Estado nacional de transparentar la gesti\u00f3n en su integralidad\u201d. Y a\u00f1adi\u00f3: \u201cEso hace m\u00e1s eficiente la gesti\u00f3n, pero tambi\u00e9n transmite mayores certezas al conjunto de la ciudadan\u00eda de que los recursos p\u00fablicos y la agenda p\u00fablica est\u00e1n siendo administradas adecuadamente\u201d.<\/p>\n\n\n\n<figure class=\"wp-block-image size-large\"><a href=\"https:\/\/i0.wp.com\/elterritorialweb.com.ar\/web\/wp-content\/uploads\/2023\/06\/AFMB3.jpg\"><img data-recalc-dims=\"1\" decoding=\"async\" width=\"640\" height=\"426\" data-src=\"https:\/\/i0.wp.com\/elterritorialweb.com.ar\/web\/wp-content\/uploads\/2023\/06\/AFMB3.jpg?resize=640%2C426\" alt=\"\" class=\"wp-image-53864 lazyload\" data-srcset=\"https:\/\/i0.wp.com\/elterritorialweb.com.ar\/web\/wp-content\/uploads\/2023\/06\/AFMB3.jpg?resize=1024%2C682&amp;ssl=1 1024w, https:\/\/i0.wp.com\/elterritorialweb.com.ar\/web\/wp-content\/uploads\/2023\/06\/AFMB3.jpg?resize=300%2C200&amp;ssl=1 300w, https:\/\/i0.wp.com\/elterritorialweb.com.ar\/web\/wp-content\/uploads\/2023\/06\/AFMB3.jpg?resize=768%2C512&amp;ssl=1 768w, https:\/\/i0.wp.com\/elterritorialweb.com.ar\/web\/wp-content\/uploads\/2023\/06\/AFMB3.jpg?resize=1536%2C1024&amp;ssl=1 1536w, https:\/\/i0.wp.com\/elterritorialweb.com.ar\/web\/wp-content\/uploads\/2023\/06\/AFMB3.jpg?w=1940&amp;ssl=1 1940w, https:\/\/i0.wp.com\/elterritorialweb.com.ar\/web\/wp-content\/uploads\/2023\/06\/AFMB3.jpg?w=1280 1280w\" data-sizes=\"(max-width: 640px) 100vw, 640px\" src=\"data:image\/svg+xml;base64,PHN2ZyB3aWR0aD0iMSIgaGVpZ2h0PSIxIiB4bWxucz0iaHR0cDovL3d3dy53My5vcmcvMjAwMC9zdmciPjwvc3ZnPg==\" style=\"--smush-placeholder-width: 640px; --smush-placeholder-aspect-ratio: 640\/426;\" \/><\/a><\/figure>\n\n\n\n<p>En el mismo sentido, la secretaria Ana Castellani asegur\u00f3 que \u201ceste evento busca poner en valor un trabajo mancomunado de distintas \u00e1reas de la administraci\u00f3n p\u00fablica nacional para garantizar la integridad y la transparencia\u201d, y a su vez \u201cmuestra la capacidad que tiene el Estado de mejorar la calidad de sus pol\u00edticas p\u00fablicas y la confianza ciudadana\u201d.<\/p>\n\n\n\n<p>Conformada por la Secretar\u00eda de Gesti\u00f3n y Empleo P\u00fablico de la Jefatura de Gabinete de Ministros, la Oficina Anticorrupci\u00f3n, la Sindicatura General de la Naci\u00f3n, y la Agencia de Acceso a la Informaci\u00f3n P\u00fablica, la Mesa tiene como funciones articular la implementaci\u00f3n, seguimiento y evaluaci\u00f3n de pol\u00edticas relativas a la \u00e9tica en la Administraci\u00f3n P\u00fablica Nacional.<\/p>\n","protected":false},"excerpt":{"rendered":"<p>El presidente Alberto Fern\u00e1ndez particip\u00f3 este mediod\u00eda, en el Museo del Bicentenario, de la presentaci\u00f3n de la Mesa Nacional de Integridad y Transparencia, un espacio de articulaci\u00f3n de pol\u00edticas relativas a la \u00e9tica en la Administraci\u00f3n P\u00fablica Nacional.<\/p>\n","protected":false},"author":2,"featured_media":53862,"comment_status":"open","ping_status":"open","sticky":false,"template":"","format":"standard","meta":{"om_disable_all_campaigns":false,"_monsterinsights_skip_tracking":false,"_monsterinsights_sitenote_active":false,"_monsterinsights_sitenote_note":"","_monsterinsights_sitenote_category":0,"_uf_show_specific_survey":0,"_uf_disable_surveys":false,"jetpack_post_was_ever_published":false,"_jetpack_newsletter_access":"","_jetpack_dont_email_post_to_subs":false,"_jetpack_newsletter_tier_id":0,"_jetpack_memberships_contains_paywalled_content":false,"_jetpack_memberships_contains_paid_content":false,"footnotes":"","jetpack_publicize_message":"","jetpack_publicize_feature_enabled":true,"jetpack_social_post_already_shared":true,"jetpack_social_options":{"image_generator_settings":{"template":"highway","default_image_id":0,"font":"","enabled":false},"version":2}},"categories":[4,18],"tags":[88],"class_list":["post-53861","post","type-post","status-publish","format-standard","has-post-thumbnail","hentry","category-destacadas","category-politica","tag-alberto-fernandez"],"aioseo_notices":[],"views":7,"jetpack_publicize_connections":[],"jetpack_featured_media_url":"https:\/\/i0.wp.com\/elterritorialweb.com.ar\/web\/wp-content\/uploads\/2023\/06\/AFMB4.jpg?fit=1940%2C1293&ssl=1","jetpack_sharing_enabled":true,"_links":{"self":[{"href":"https:\/\/elterritorialweb.com.ar\/web\/wp-json\/wp\/v2\/posts\/53861","targetHints":{"allow":["GET"]}}],"collection":[{"href":"https:\/\/elterritorialweb.com.ar\/web\/wp-json\/wp\/v2\/posts"}],"about":[{"href":"https:\/\/elterritorialweb.com.ar\/web\/wp-json\/wp\/v2\/types\/post"}],"author":[{"embeddable":true,"href":"https:\/\/elterritorialweb.com.ar\/web\/wp-json\/wp\/v2\/users\/2"}],"replies":[{"embeddable":true,"href":"https:\/\/elterritorialweb.com.ar\/web\/wp-json\/wp\/v2\/comments?post=53861"}],"version-history":[{"count":1,"href":"https:\/\/elterritorialweb.com.ar\/web\/wp-json\/wp\/v2\/posts\/53861\/revisions"}],"predecessor-version":[{"id":53865,"href":"https:\/\/elterritorialweb.com.ar\/web\/wp-json\/wp\/v2\/posts\/53861\/revisions\/53865"}],"wp:featuredmedia":[{"embeddable":true,"href":"https:\/\/elterritorialweb.com.ar\/web\/wp-json\/wp\/v2\/media\/53862"}],"wp:attachment":[{"href":"https:\/\/elterritorialweb.com.ar\/web\/wp-json\/wp\/v2\/media?parent=53861"}],"wp:term":[{"taxonomy":"category","embeddable":true,"href":"https:\/\/elterritorialweb.com.ar\/web\/wp-json\/wp\/v2\/categories?post=53861"},{"taxonomy":"post_tag","embeddable":true,"href":"https:\/\/elterritorialweb.com.ar\/web\/wp-json\/wp\/v2\/tags?post=53861"}],"curies":[{"name":"wp","href":"https:\/\/api.w.org\/{rel}","templated":true}]}}