{"id":53874,"date":"2023-06-07T02:16:05","date_gmt":"2023-06-07T02:16:05","guid":{"rendered":"http:\/\/elterritorialweb.com.ar\/web\/?p=53874"},"modified":"2023-06-07T03:12:48","modified_gmt":"2023-06-07T03:12:48","slug":"periodistas-de-bolivia-chile-paraguay-y-uruguay-visitan-santiago-del-estero","status":"publish","type":"post","link":"https:\/\/elterritorialweb.com.ar\/web\/periodistas-de-bolivia-chile-paraguay-y-uruguay-visitan-santiago-del-estero\/","title":{"rendered":"PERIODISTAS DE BOLIVIA, CHILE, PARAGUAY Y URUGUAY VISITAN SANTIAGO DEL ESTERO"},"content":{"rendered":"\n<p>Este martes, fueron recibidos por el Subsecretario de Turismo, Prof. Nelson Bravo, los periodistas Lourdes Pintos B\u00e1ez, de \u201cLa Naci\u00f3n\u201d de Paraguay; Nicol\u00e1s Mart\u00edn Tabarez Merli, de \u201cEl Observador\u00bb de Uruguay; Antonio Erick Ortegas P\u00e9rez, de \u201cP\u00e1gina 7\u201d de Bolivia y Caterinna Vianey Giovannini Del R\u00edo, del Diario \u201cEl Mercurio\u201d de Chile, quien les dio la bienvenida y los invit\u00f3 a disfrutar de las bondades de las Termas de R\u00edo Hondo, y de la cultura santiague\u00f1a.<\/p>\n\n\n\n<p>Adem\u00e1s, les cont\u00f3 sobre los eventos que se desarrollan en la provincia, tanto deportivo como culturales y acad\u00e9micos. Y las diversas actividades y propuestas que tiene la provincia, donde el turismo y el deporte son pol\u00edticas de Estado, implementadas por el gobernador Zamora.<\/p>\n\n\n\n<figure class=\"wp-block-image size-large\"><a href=\"https:\/\/i0.wp.com\/elterritorialweb.com.ar\/web\/wp-content\/uploads\/2023\/06\/VISITA-DE-PERIODISTAS.jpg\"><img data-recalc-dims=\"1\" decoding=\"async\" width=\"640\" height=\"480\" data-src=\"https:\/\/i0.wp.com\/elterritorialweb.com.ar\/web\/wp-content\/uploads\/2023\/06\/VISITA-DE-PERIODISTAS.jpg?resize=640%2C480\" alt=\"\" class=\"wp-image-53876 lazyload\" data-srcset=\"https:\/\/i0.wp.com\/elterritorialweb.com.ar\/web\/wp-content\/uploads\/2023\/06\/VISITA-DE-PERIODISTAS.jpg?resize=1024%2C768&amp;ssl=1 1024w, https:\/\/i0.wp.com\/elterritorialweb.com.ar\/web\/wp-content\/uploads\/2023\/06\/VISITA-DE-PERIODISTAS.jpg?resize=300%2C225&amp;ssl=1 300w, https:\/\/i0.wp.com\/elterritorialweb.com.ar\/web\/wp-content\/uploads\/2023\/06\/VISITA-DE-PERIODISTAS.jpg?resize=768%2C576&amp;ssl=1 768w, https:\/\/i0.wp.com\/elterritorialweb.com.ar\/web\/wp-content\/uploads\/2023\/06\/VISITA-DE-PERIODISTAS.jpg?resize=1536%2C1152&amp;ssl=1 1536w, https:\/\/i0.wp.com\/elterritorialweb.com.ar\/web\/wp-content\/uploads\/2023\/06\/VISITA-DE-PERIODISTAS.jpg?w=1600&amp;ssl=1 1600w, https:\/\/i0.wp.com\/elterritorialweb.com.ar\/web\/wp-content\/uploads\/2023\/06\/VISITA-DE-PERIODISTAS.jpg?w=1280 1280w\" data-sizes=\"(max-width: 640px) 100vw, 640px\" src=\"data:image\/svg+xml;base64,PHN2ZyB3aWR0aD0iMSIgaGVpZ2h0PSIxIiB4bWxucz0iaHR0cDovL3d3dy53My5vcmcvMjAwMC9zdmciPjwvc3ZnPg==\" style=\"--smush-placeholder-width: 640px; --smush-placeholder-aspect-ratio: 640\/480;\" \/><\/a><\/figure>\n\n\n\n<p>Su visita, continuar\u00e1 hoy y hasta el jueves 8, donde vivir\u00e1n diferentes experiencias en la ciudad termal, el spa m\u00e1s grande de Latinoam\u00e9rica.<\/p>\n","protected":false},"excerpt":{"rendered":"<p>Periodistas de distintos diarios sudamericanos, visitan la Madre de Ciudades y disfrutan de las bondades de los santiague\u00f1os.   <\/p>\n","protected":false},"author":2,"featured_media":53875,"comment_status":"open","ping_status":"open","sticky":false,"template":"","format":"standard","meta":{"om_disable_all_campaigns":false,"_monsterinsights_skip_tracking":false,"_monsterinsights_sitenote_active":false,"_monsterinsights_sitenote_note":"","_monsterinsights_sitenote_category":0,"_uf_show_specific_survey":0,"_uf_disable_surveys":false,"jetpack_post_was_ever_published":false,"_jetpack_newsletter_access":"","_jetpack_dont_email_post_to_subs":false,"_jetpack_newsletter_tier_id":0,"_jetpack_memberships_contains_paywalled_content":false,"_jetpack_memberships_contains_paid_content":false,"footnotes":"","jetpack_publicize_message":"","jetpack_publicize_feature_enabled":true,"jetpack_social_post_already_shared":true,"jetpack_social_options":{"image_generator_settings":{"template":"highway","default_image_id":0,"font":"","enabled":false},"version":2}},"categories":[29],"tags":[189,190,191],"class_list":["post-53874","post","type-post","status-publish","format-standard","has-post-thumbnail","hentry","category-turismo","tag-nelson-bravo","tag-periodistas","tag-visita"],"aioseo_notices":[],"views":13,"jetpack_publicize_connections":[],"jetpack_featured_media_url":"https:\/\/i0.wp.com\/elterritorialweb.com.ar\/web\/wp-content\/uploads\/2023\/06\/VISITA-DE-PERIODISTAS-1.jpg?fit=1280%2C960&ssl=1","jetpack_sharing_enabled":true,"_links":{"self":[{"href":"https:\/\/elterritorialweb.com.ar\/web\/wp-json\/wp\/v2\/posts\/53874","targetHints":{"allow":["GET"]}}],"collection":[{"href":"https:\/\/elterritorialweb.com.ar\/web\/wp-json\/wp\/v2\/posts"}],"about":[{"href":"https:\/\/elterritorialweb.com.ar\/web\/wp-json\/wp\/v2\/types\/post"}],"author":[{"embeddable":true,"href":"https:\/\/elterritorialweb.com.ar\/web\/wp-json\/wp\/v2\/users\/2"}],"replies":[{"embeddable":true,"href":"https:\/\/elterritorialweb.com.ar\/web\/wp-json\/wp\/v2\/comments?post=53874"}],"version-history":[{"count":2,"href":"https:\/\/elterritorialweb.com.ar\/web\/wp-json\/wp\/v2\/posts\/53874\/revisions"}],"predecessor-version":[{"id":53884,"href":"https:\/\/elterritorialweb.com.ar\/web\/wp-json\/wp\/v2\/posts\/53874\/revisions\/53884"}],"wp:featuredmedia":[{"embeddable":true,"href":"https:\/\/elterritorialweb.com.ar\/web\/wp-json\/wp\/v2\/media\/53875"}],"wp:attachment":[{"href":"https:\/\/elterritorialweb.com.ar\/web\/wp-json\/wp\/v2\/media?parent=53874"}],"wp:term":[{"taxonomy":"category","embeddable":true,"href":"https:\/\/elterritorialweb.com.ar\/web\/wp-json\/wp\/v2\/categories?post=53874"},{"taxonomy":"post_tag","embeddable":true,"href":"https:\/\/elterritorialweb.com.ar\/web\/wp-json\/wp\/v2\/tags?post=53874"}],"curies":[{"name":"wp","href":"https:\/\/api.w.org\/{rel}","templated":true}]}}