{"id":53885,"date":"2023-06-07T04:24:13","date_gmt":"2023-06-07T04:24:13","guid":{"rendered":"http:\/\/elterritorialweb.com.ar\/web\/?p=53885"},"modified":"2023-06-07T04:24:15","modified_gmt":"2023-06-07T04:24:15","slug":"boca-le-gano-a-colo-colo-y-esta-en-octavos-de-la-libertadores","status":"publish","type":"post","link":"https:\/\/elterritorialweb.com.ar\/web\/boca-le-gano-a-colo-colo-y-esta-en-octavos-de-la-libertadores\/","title":{"rendered":"BOCA LE GAN\u00d3 A COLO COLO Y ESTA EN OCTAVOS DE LA LIBERTADORES"},"content":{"rendered":"\n<p><strong>Boca le gan\u00f3 1-0 a Colo Colo en la Bombonera y clasific\u00f3 a los octavos de final<\/strong>\u00a0de la Copa Libertadores de Am\u00e9rica, cuando todav\u00eda falta una fecha para la finalizaci\u00f3n del Grupo F, del que sigue siendo el \u00fanico puntero, con 10 unidades.<\/p>\n\n\n\n<p>El \u00fanico gol del partido fue convertido por\u00a0<strong>Marcelo Weigandt<\/strong>, a los 10 minutos del segundo tiempo. Con esta victoria, el equipo xeneize se convirti\u00f3 en el\u00a0<strong>primer equipo argentino en pasar a la siguiente fase<\/strong>\u00a0del certamen continental de clubes. En la pr\u00f3xima fecha, jugar\u00e1 frente a Monagas como local, el 29 de junio pr\u00f3ximo.<\/p>\n\n\n\n<figure class=\"wp-block-image size-full is-resized\"><a href=\"https:\/\/i0.wp.com\/elterritorialweb.com.ar\/web\/wp-content\/uploads\/2023\/06\/boca-colo-colo-1.jpg\"><img data-recalc-dims=\"1\" decoding=\"async\" data-src=\"https:\/\/i0.wp.com\/elterritorialweb.com.ar\/web\/wp-content\/uploads\/2023\/06\/boca-colo-colo-1.jpg?resize=640%2C502\" alt=\"\" class=\"wp-image-53887 lazyload\" width=\"640\" height=\"502\" data-srcset=\"https:\/\/i0.wp.com\/elterritorialweb.com.ar\/web\/wp-content\/uploads\/2023\/06\/boca-colo-colo-1.jpg?w=680&amp;ssl=1 680w, https:\/\/i0.wp.com\/elterritorialweb.com.ar\/web\/wp-content\/uploads\/2023\/06\/boca-colo-colo-1.jpg?resize=300%2C235&amp;ssl=1 300w\" data-sizes=\"(max-width: 640px) 100vw, 640px\" src=\"data:image\/svg+xml;base64,PHN2ZyB3aWR0aD0iMSIgaGVpZ2h0PSIxIiB4bWxucz0iaHR0cDovL3d3dy53My5vcmcvMjAwMC9zdmciPjwvc3ZnPg==\" style=\"--smush-placeholder-width: 640px; --smush-placeholder-aspect-ratio: 640\/502;\" \/><\/a><\/figure>\n\n\n\n<p>Colo Colo puso a Boca contra su propio campo durante los primeros 45 minutos, que sumado a los errores defensivos, casi le cuestan una derrota parcial. El local tuvo algunas oportunidades pero en el final de la primera etapa.<\/p>\n\n\n\n<p>En el mejor momento de Boca, apretando m\u00e1s en campo rival y con opciones claras para concretar su gol, Weigandt tuvo su oportunidad de gol y no la desaprovech\u00f3: el lateral derecho lleg\u00f3 solo por su sector, aprovech\u00f3 una pelota que qued\u00f3 boyando en la puerta del \u00e1rea y&nbsp;<strong>sac\u00f3 un derechazo impresionante<\/strong>&nbsp;que se clav\u00f3 en el arco defendido por Brayan Cort\u00e9s. Un verdadero golazo.<\/p>\n\n\n\n<figure class=\"wp-block-image size-large\"><a href=\"https:\/\/i0.wp.com\/elterritorialweb.com.ar\/web\/wp-content\/uploads\/2023\/06\/boca-colo-colo-2.jpg\"><img data-recalc-dims=\"1\" decoding=\"async\" width=\"640\" height=\"397\" data-src=\"https:\/\/i0.wp.com\/elterritorialweb.com.ar\/web\/wp-content\/uploads\/2023\/06\/boca-colo-colo-2.jpg?resize=640%2C397\" alt=\"\" class=\"wp-image-53888 lazyload\" data-srcset=\"https:\/\/i0.wp.com\/elterritorialweb.com.ar\/web\/wp-content\/uploads\/2023\/06\/boca-colo-colo-2.jpg?resize=1024%2C635&amp;ssl=1 1024w, https:\/\/i0.wp.com\/elterritorialweb.com.ar\/web\/wp-content\/uploads\/2023\/06\/boca-colo-colo-2.jpg?resize=300%2C186&amp;ssl=1 300w, https:\/\/i0.wp.com\/elterritorialweb.com.ar\/web\/wp-content\/uploads\/2023\/06\/boca-colo-colo-2.jpg?resize=768%2C476&amp;ssl=1 768w, https:\/\/i0.wp.com\/elterritorialweb.com.ar\/web\/wp-content\/uploads\/2023\/06\/boca-colo-colo-2.jpg?w=1500&amp;ssl=1 1500w, https:\/\/i0.wp.com\/elterritorialweb.com.ar\/web\/wp-content\/uploads\/2023\/06\/boca-colo-colo-2.jpg?w=1280 1280w\" data-sizes=\"(max-width: 640px) 100vw, 640px\" src=\"data:image\/svg+xml;base64,PHN2ZyB3aWR0aD0iMSIgaGVpZ2h0PSIxIiB4bWxucz0iaHR0cDovL3d3dy53My5vcmcvMjAwMC9zdmciPjwvc3ZnPg==\" style=\"--smush-placeholder-width: 640px; --smush-placeholder-aspect-ratio: 640\/397;\" \/><\/a><\/figure>\n\n\n\n<p>La mala noticia para Jorge Almir\u00f3n fueron las lesiones de Luca Langoni, cuando apenas se llevaban jugados 15 minutos del partido, el uruguayo Miguel Merentiel, el peruano Luis Adv\u00edncula y el colombiano Frank Fabra. Los \u00faltimos dos debieron permanecer en cancha porque Boca ya hab\u00eda agotado todos los cambios.<\/p>\n\n\n\n<p>Con este resultado, Boca sigue siendo el \u00fanico l\u00edder de su zona, con 10 puntos. Deportivo Pereira de Colombia est\u00e1 segundo, con 7 puntos. Detr\u00e1s aparecen Monagas de Venezuela y el Cacique de Chile, ambos con 5 unidades.<\/p>\n\n\n\n<figure class=\"wp-block-embed is-type-rich is-provider-gestor-del-servicio wp-block-embed-gestor-del-servicio wp-embed-aspect-16-9 wp-has-aspect-ratio\"><div class=\"wp-block-embed__wrapper\">\n<iframe title=\"\u00a1EL XENEIZE SUPER\u00d3 AL CACIQUE EN LA BOMBONERA Y SE METI\u00d3 EN OCTAVOS! | Boca 1-0 Colo-Colo | RESUMEN\" width=\"640\" height=\"360\" data-src=\"https:\/\/www.youtube.com\/embed\/uTSHEIEhUCk?feature=oembed\" frameborder=\"0\" allow=\"accelerometer; autoplay; clipboard-write; encrypted-media; gyroscope; picture-in-picture; web-share\" referrerpolicy=\"strict-origin-when-cross-origin\" allowfullscreen src=\"data:image\/svg+xml;base64,PHN2ZyB3aWR0aD0iMSIgaGVpZ2h0PSIxIiB4bWxucz0iaHR0cDovL3d3dy53My5vcmcvMjAwMC9zdmciPjwvc3ZnPg==\" class=\"lazyload\" data-load-mode=\"1\"><\/iframe>\n<\/div><\/figure>\n","protected":false},"excerpt":{"rendered":"<p>Con un golazo del Chelo Weigandt desde afuera del \u00e1rea, el xeneize se impuso 1-0 en la Bombonera y es el primer equipo argentino en clasificar a la siguiente fase<\/p>\n","protected":false},"author":2,"featured_media":53889,"comment_status":"open","ping_status":"open","sticky":false,"template":"","format":"standard","meta":{"om_disable_all_campaigns":false,"_monsterinsights_skip_tracking":false,"_monsterinsights_sitenote_active":false,"_monsterinsights_sitenote_note":"","_monsterinsights_sitenote_category":0,"_uf_show_specific_survey":0,"_uf_disable_surveys":false,"jetpack_post_was_ever_published":false,"_jetpack_newsletter_access":"","_jetpack_dont_email_post_to_subs":false,"_jetpack_newsletter_tier_id":0,"_jetpack_memberships_contains_paywalled_content":false,"_jetpack_memberships_contains_paid_content":false,"footnotes":"","jetpack_publicize_message":"","jetpack_publicize_feature_enabled":true,"jetpack_social_post_already_shared":true,"jetpack_social_options":{"image_generator_settings":{"template":"highway","default_image_id":0,"font":"","enabled":false},"version":2}},"categories":[6,4],"tags":[103,196,195,194],"class_list":["post-53885","post","type-post","status-publish","format-standard","has-post-thumbnail","hentry","category-deportes","category-destacadas","tag-boca-juniors","tag-bombonera","tag-colo-colo","tag-copa-libertadores"],"aioseo_notices":[],"views":13,"jetpack_publicize_connections":[],"jetpack_featured_media_url":"https:\/\/i0.wp.com\/elterritorialweb.com.ar\/web\/wp-content\/uploads\/2023\/06\/boca-colo-colo-scaled.jpg?fit=2560%2C1809&ssl=1","jetpack_sharing_enabled":true,"_links":{"self":[{"href":"https:\/\/elterritorialweb.com.ar\/web\/wp-json\/wp\/v2\/posts\/53885","targetHints":{"allow":["GET"]}}],"collection":[{"href":"https:\/\/elterritorialweb.com.ar\/web\/wp-json\/wp\/v2\/posts"}],"about":[{"href":"https:\/\/elterritorialweb.com.ar\/web\/wp-json\/wp\/v2\/types\/post"}],"author":[{"embeddable":true,"href":"https:\/\/elterritorialweb.com.ar\/web\/wp-json\/wp\/v2\/users\/2"}],"replies":[{"embeddable":true,"href":"https:\/\/elterritorialweb.com.ar\/web\/wp-json\/wp\/v2\/comments?post=53885"}],"version-history":[{"count":1,"href":"https:\/\/elterritorialweb.com.ar\/web\/wp-json\/wp\/v2\/posts\/53885\/revisions"}],"predecessor-version":[{"id":53890,"href":"https:\/\/elterritorialweb.com.ar\/web\/wp-json\/wp\/v2\/posts\/53885\/revisions\/53890"}],"wp:featuredmedia":[{"embeddable":true,"href":"https:\/\/elterritorialweb.com.ar\/web\/wp-json\/wp\/v2\/media\/53889"}],"wp:attachment":[{"href":"https:\/\/elterritorialweb.com.ar\/web\/wp-json\/wp\/v2\/media?parent=53885"}],"wp:term":[{"taxonomy":"category","embeddable":true,"href":"https:\/\/elterritorialweb.com.ar\/web\/wp-json\/wp\/v2\/categories?post=53885"},{"taxonomy":"post_tag","embeddable":true,"href":"https:\/\/elterritorialweb.com.ar\/web\/wp-json\/wp\/v2\/tags?post=53885"}],"curies":[{"name":"wp","href":"https:\/\/api.w.org\/{rel}","templated":true}]}}