{"id":53937,"date":"2023-06-08T13:26:10","date_gmt":"2023-06-08T13:26:10","guid":{"rendered":"http:\/\/elterritorialweb.com.ar\/web\/?p=53937"},"modified":"2023-06-08T13:38:52","modified_gmt":"2023-06-08T13:38:52","slug":"sur-de-pino-solanas-en-el-ciclo-de-cine-en-casa-del-bicentenario","status":"publish","type":"post","link":"https:\/\/elterritorialweb.com.ar\/web\/sur-de-pino-solanas-en-el-ciclo-de-cine-en-casa-del-bicentenario\/","title":{"rendered":"\u00abSUR\u00bb DE PINO SOLANAS EN EL CICLO DE CINE EN CASA DEL BICENTENARIO"},"content":{"rendered":"\n<p>Con la proyecci\u00f3n de una de las m\u00e1s importantes pel\u00edculas de Fernando \u2018Pino\u2019 Solanas, \u2018Sur\u2019 (1988) contin\u00faa el Ciclo de Cine Debate en Casa del Bicentenario en el Parque Aguirre, actividad organizada por la Direcci\u00f3n de Cultura municipal.<\/p>\n\n\n\n<p>La pel\u00edcula, ambientada durante el final de la dictadura c\u00edvico militar en 1983, narra la historia de un preso pol\u00edtico al momento de su liberaci\u00f3n luego de estar cinco a\u00f1os detenido y el derrotero para reencontrarse con su mujer. Se trata de una nueva apuesta de Solanas por lo surreal y po\u00e9tico, con un fuerte anclaje en la dura realidad que atraves\u00f3 el pa\u00eds. \u00a0<\/p>\n\n\n\n<p>Sus\u00fa Pecoraro, Miguel \u00c1ngel Sol\u00e1, Lito Cruz y Ulises Dumont son algunos de los grandes actores que protagonizan el film.<\/p>\n\n\n\n<p>Solanas recibi\u00f3 el premio a Mejor Director en el Festival de Cannes por la direcci\u00f3n de \u2018Sur\u2019, siendo el \u00fanico argentino en haber obtenido tama\u00f1o reconocimiento. La m\u00fasica, compuesta por Astor Piazzolla, incluye reconocidos tangos interpretados por Roberto Goyeneche.<\/p>\n\n\n\n<p>Cabe destacar que esta primera etapa del ciclo est\u00e1 destinada a films que nos ayudan a reflexionar sobre los 40 a\u00f1os de democracia en Argentina.<\/p>\n\n\n\n<p>Toda la actividad es moderada y curada por Maximiliano Rodr\u00edguez.<\/p>\n\n\n\n<figure class=\"wp-block-image size-full\"><a href=\"https:\/\/i0.wp.com\/elterritorialweb.com.ar\/web\/wp-content\/uploads\/2023\/06\/ciclo-de-cine-sur.jpg\"><img data-recalc-dims=\"1\" decoding=\"async\" width=\"640\" height=\"680\" data-src=\"https:\/\/i0.wp.com\/elterritorialweb.com.ar\/web\/wp-content\/uploads\/2023\/06\/ciclo-de-cine-sur.jpg?resize=640%2C680\" alt=\"\" class=\"wp-image-53940 lazyload\" data-srcset=\"https:\/\/i0.wp.com\/elterritorialweb.com.ar\/web\/wp-content\/uploads\/2023\/06\/ciclo-de-cine-sur.jpg?w=720&amp;ssl=1 720w, https:\/\/i0.wp.com\/elterritorialweb.com.ar\/web\/wp-content\/uploads\/2023\/06\/ciclo-de-cine-sur.jpg?resize=282%2C300&amp;ssl=1 282w\" data-sizes=\"(max-width: 640px) 100vw, 640px\" src=\"data:image\/svg+xml;base64,PHN2ZyB3aWR0aD0iMSIgaGVpZ2h0PSIxIiB4bWxucz0iaHR0cDovL3d3dy53My5vcmcvMjAwMC9zdmciPjwvc3ZnPg==\" style=\"--smush-placeholder-width: 640px; --smush-placeholder-aspect-ratio: 640\/680;\" \/><\/a><\/figure>\n","protected":false},"excerpt":{"rendered":"<p>Ser\u00e1 el s\u00e1bado 10 a las 18 con entrada libre, gratuita y abierta a toda la comunidad.<\/p>\n","protected":false},"author":2,"featured_media":53938,"comment_status":"open","ping_status":"open","sticky":false,"template":"","format":"standard","meta":{"om_disable_all_campaigns":false,"_monsterinsights_skip_tracking":false,"_monsterinsights_sitenote_active":false,"_monsterinsights_sitenote_note":"","_monsterinsights_sitenote_category":0,"_uf_show_specific_survey":0,"_uf_disable_surveys":false,"jetpack_post_was_ever_published":false,"_jetpack_newsletter_access":"","_jetpack_dont_email_post_to_subs":false,"_jetpack_newsletter_tier_id":0,"_jetpack_memberships_contains_paywalled_content":false,"_jetpack_memberships_contains_paid_content":false,"footnotes":"","jetpack_publicize_message":"","jetpack_publicize_feature_enabled":true,"jetpack_social_post_already_shared":true,"jetpack_social_options":{"image_generator_settings":{"template":"highway","default_image_id":0,"font":"","enabled":false},"version":2}},"categories":[20],"tags":[134,205],"class_list":["post-53937","post","type-post","status-publish","format-standard","has-post-thumbnail","hentry","category-especysociales","tag-casa-del-bicentenario","tag-ciclo-de-cine"],"aioseo_notices":[],"views":10,"jetpack_publicize_connections":[],"jetpack_featured_media_url":"https:\/\/i0.wp.com\/elterritorialweb.com.ar\/web\/wp-content\/uploads\/2023\/06\/SUR-PINO-SOLANAS1.jpeg?fit=1366%2C968&ssl=1","jetpack_sharing_enabled":true,"_links":{"self":[{"href":"https:\/\/elterritorialweb.com.ar\/web\/wp-json\/wp\/v2\/posts\/53937","targetHints":{"allow":["GET"]}}],"collection":[{"href":"https:\/\/elterritorialweb.com.ar\/web\/wp-json\/wp\/v2\/posts"}],"about":[{"href":"https:\/\/elterritorialweb.com.ar\/web\/wp-json\/wp\/v2\/types\/post"}],"author":[{"embeddable":true,"href":"https:\/\/elterritorialweb.com.ar\/web\/wp-json\/wp\/v2\/users\/2"}],"replies":[{"embeddable":true,"href":"https:\/\/elterritorialweb.com.ar\/web\/wp-json\/wp\/v2\/comments?post=53937"}],"version-history":[{"count":1,"href":"https:\/\/elterritorialweb.com.ar\/web\/wp-json\/wp\/v2\/posts\/53937\/revisions"}],"predecessor-version":[{"id":53941,"href":"https:\/\/elterritorialweb.com.ar\/web\/wp-json\/wp\/v2\/posts\/53937\/revisions\/53941"}],"wp:featuredmedia":[{"embeddable":true,"href":"https:\/\/elterritorialweb.com.ar\/web\/wp-json\/wp\/v2\/media\/53938"}],"wp:attachment":[{"href":"https:\/\/elterritorialweb.com.ar\/web\/wp-json\/wp\/v2\/media?parent=53937"}],"wp:term":[{"taxonomy":"category","embeddable":true,"href":"https:\/\/elterritorialweb.com.ar\/web\/wp-json\/wp\/v2\/categories?post=53937"},{"taxonomy":"post_tag","embeddable":true,"href":"https:\/\/elterritorialweb.com.ar\/web\/wp-json\/wp\/v2\/tags?post=53937"}],"curies":[{"name":"wp","href":"https:\/\/api.w.org\/{rel}","templated":true}]}}