{"id":53942,"date":"2023-06-08T21:39:58","date_gmt":"2023-06-08T21:39:58","guid":{"rendered":"http:\/\/elterritorialweb.com.ar\/web\/?p=53942"},"modified":"2023-06-09T01:08:24","modified_gmt":"2023-06-09T01:08:24","slug":"estudiantes-y-periodistas-se-unieron-en-un-conversatorio-en-frias","status":"publish","type":"post","link":"https:\/\/elterritorialweb.com.ar\/web\/estudiantes-y-periodistas-se-unieron-en-un-conversatorio-en-frias\/","title":{"rendered":"ESTUDIANTES Y PERIODISTAS SE UNIERON EN UN CONVERSATORIO EN FR\u00cdAS"},"content":{"rendered":"\n<p>En el marco del <strong>D\u00eda del Periodista<\/strong>, desde las c\u00e1tedras de tercer a\u00f1o de la <strong>Tecnicatura en Comunicaci\u00f3n Social de la ENS Rep\u00fablica del Ecuador <\/strong>de la ciudad de Fr\u00edas,  junto a trabajadores\/as de los medios locales, se unieron para reflexionar sobre <strong>qu\u00e9 es el periodismo, sus pr\u00e1cticas y condiciones en general en la ciudad y en la regi\u00f3n. <\/strong><\/p>\n\n\n\n<p>Tambi\u00e9n trataron las diversas posibilidades que van encontrando para contar sobre las realidades, los mundos y sus gentes.<\/p>\n\n\n\n<figure class=\"wp-block-image size-large is-resized\"><a href=\"https:\/\/i0.wp.com\/elterritorialweb.com.ar\/web\/wp-content\/uploads\/2023\/06\/IMG-20230608-WA0029.jpg\"><img data-recalc-dims=\"1\" decoding=\"async\" data-src=\"https:\/\/i0.wp.com\/elterritorialweb.com.ar\/web\/wp-content\/uploads\/2023\/06\/IMG-20230608-WA0029.jpg?resize=640%2C479\" alt=\"\" class=\"wp-image-53944 lazyload\" width=\"640\" height=\"479\" data-srcset=\"https:\/\/i0.wp.com\/elterritorialweb.com.ar\/web\/wp-content\/uploads\/2023\/06\/IMG-20230608-WA0029.jpg?resize=300%2C225&amp;ssl=1 300w, https:\/\/i0.wp.com\/elterritorialweb.com.ar\/web\/wp-content\/uploads\/2023\/06\/IMG-20230608-WA0029.jpg?resize=768%2C576&amp;ssl=1 768w\" data-sizes=\"(max-width: 640px) 100vw, 640px\" src=\"data:image\/svg+xml;base64,PHN2ZyB3aWR0aD0iMSIgaGVpZ2h0PSIxIiB4bWxucz0iaHR0cDovL3d3dy53My5vcmcvMjAwMC9zdmciPjwvc3ZnPg==\" style=\"--smush-placeholder-width: 640px; --smush-placeholder-aspect-ratio: 640\/479;\" \/><\/a><\/figure>\n\n\n\n<p>Desde la carrera en Comunicaci\u00f3n Social expresaron<em>: \u00abconf\u00edamos en los trabajos colectivos y articulados, con los pies sobre nuestro territorio y desde las voces de quienes hacen a nuestra comunidad\u00bb.<\/em><\/p>\n\n\n\n<p>Estuvieron presente en la mesa panel como invitados, <strong>Eber Dolores <\/strong>(T\u00e9cnico en Comunicaci\u00f3n Social)<strong>, Daniel Cerezo<\/strong> (Periodista), <strong>Laura Gonz\u00e1lez <\/strong>(conductora), <strong>Claudio Cerezo<\/strong>, (Periodista), <strong>Jorge Castillo<\/strong> (T\u00e9cnico en Comunicaci\u00f3n Social) y <strong>Marta Torres<\/strong> (estudiante de la Tecnicatura y Comunicadora local).<\/p>\n\n\n\n<p>Para finalizar se entregaron certificados a los invitados por participar a la convocatoria  agradeci\u00e9ndoles a todos por su presencia y haber compartido sus experiencias en la profesi\u00f3n.<br><br><\/p>\n","protected":false},"excerpt":{"rendered":"<p>En el d\u00eda del periodista se realiz\u00f3 un conversatorio organizado por alumnos\/as del tercer a\u00f1o de la Tecnicatura en Comunicaci\u00f3n Social.<\/p>\n","protected":false},"author":2,"featured_media":53943,"comment_status":"open","ping_status":"open","sticky":false,"template":"","format":"standard","meta":{"om_disable_all_campaigns":false,"_monsterinsights_skip_tracking":false,"_monsterinsights_sitenote_active":false,"_monsterinsights_sitenote_note":"","_monsterinsights_sitenote_category":0,"_uf_show_specific_survey":0,"_uf_disable_surveys":false,"jetpack_post_was_ever_published":false,"_jetpack_newsletter_access":"","_jetpack_dont_email_post_to_subs":false,"_jetpack_newsletter_tier_id":0,"_jetpack_memberships_contains_paywalled_content":false,"_jetpack_memberships_contains_paid_content":false,"footnotes":"","jetpack_publicize_message":"","jetpack_publicize_feature_enabled":true,"jetpack_social_post_already_shared":true,"jetpack_social_options":{"image_generator_settings":{"template":"highway","default_image_id":0,"font":"","enabled":false},"version":2}},"categories":[19,35],"tags":[180,84,206],"class_list":["post-53942","post","type-post","status-publish","format-standard","has-post-thumbnail","hentry","category-educacion","category-interior","tag-escuela-normal-superior-republica-del-ecuador","tag-frias","tag-tecnicatura-en-comunicacion-social"],"aioseo_notices":[],"views":58,"jetpack_publicize_connections":[],"jetpack_featured_media_url":"https:\/\/i0.wp.com\/elterritorialweb.com.ar\/web\/wp-content\/uploads\/2023\/06\/IMG-20230608-WA0028.jpg?fit=1032%2C580&ssl=1","jetpack_sharing_enabled":true,"_links":{"self":[{"href":"https:\/\/elterritorialweb.com.ar\/web\/wp-json\/wp\/v2\/posts\/53942","targetHints":{"allow":["GET"]}}],"collection":[{"href":"https:\/\/elterritorialweb.com.ar\/web\/wp-json\/wp\/v2\/posts"}],"about":[{"href":"https:\/\/elterritorialweb.com.ar\/web\/wp-json\/wp\/v2\/types\/post"}],"author":[{"embeddable":true,"href":"https:\/\/elterritorialweb.com.ar\/web\/wp-json\/wp\/v2\/users\/2"}],"replies":[{"embeddable":true,"href":"https:\/\/elterritorialweb.com.ar\/web\/wp-json\/wp\/v2\/comments?post=53942"}],"version-history":[{"count":3,"href":"https:\/\/elterritorialweb.com.ar\/web\/wp-json\/wp\/v2\/posts\/53942\/revisions"}],"predecessor-version":[{"id":53953,"href":"https:\/\/elterritorialweb.com.ar\/web\/wp-json\/wp\/v2\/posts\/53942\/revisions\/53953"}],"wp:featuredmedia":[{"embeddable":true,"href":"https:\/\/elterritorialweb.com.ar\/web\/wp-json\/wp\/v2\/media\/53943"}],"wp:attachment":[{"href":"https:\/\/elterritorialweb.com.ar\/web\/wp-json\/wp\/v2\/media?parent=53942"}],"wp:term":[{"taxonomy":"category","embeddable":true,"href":"https:\/\/elterritorialweb.com.ar\/web\/wp-json\/wp\/v2\/categories?post=53942"},{"taxonomy":"post_tag","embeddable":true,"href":"https:\/\/elterritorialweb.com.ar\/web\/wp-json\/wp\/v2\/tags?post=53942"}],"curies":[{"name":"wp","href":"https:\/\/api.w.org\/{rel}","templated":true}]}}