{"id":53954,"date":"2023-06-09T01:22:27","date_gmt":"2023-06-09T01:22:27","guid":{"rendered":"http:\/\/elterritorialweb.com.ar\/web\/?p=53954"},"modified":"2023-06-09T01:22:29","modified_gmt":"2023-06-09T01:22:29","slug":"invitan-a-celebrar-el-dia-nacional-del-juego-con-propuestas-ludicas-y-recreativas-en-el-parque-sur","status":"publish","type":"post","link":"https:\/\/elterritorialweb.com.ar\/web\/invitan-a-celebrar-el-dia-nacional-del-juego-con-propuestas-ludicas-y-recreativas-en-el-parque-sur\/","title":{"rendered":"INVITAN A CELEBRAR EL \u201cD\u00cdA NACIONAL DEL JUEGO\u00bb CON PROPUESTAS L\u00daDICAS Y RECREATIVAS EN EL PARQUE SUR"},"content":{"rendered":"\n<p>Tambi\u00e9n estar\u00e1 el stand de Eco Canje donde los vecinos podr\u00e1n dejar 10 botellas de pl\u00e1stico a cambio de un plantin y contribuir con la forestaci\u00f3n de la ciudad.<\/p>\n\n\n\n<p>Del anuncio participaron la titular de la Subnaf, Claudia Ju\u00e1rez; la representante de la Secretar\u00eda Nacional de Ni\u00f1ez, Adolescencia y Familia (Senaf) del programa Primeros A\u00f1os, Mar\u00eda Teresa Vega, y el director de Derechos Humanos Municipal, Luis Daniel S\u00e1nchez.<\/p>\n\n\n\n<p>Ju\u00e1rez destac\u00f3 el valor de este encuentro al considerar que \u201ces importante jugar y valorizar este derecho donde la familia debe acompa\u00f1ar a los chicos en este d\u00eda\u201d.<\/p>\n\n\n\n<p>Por su parte, Vega explic\u00f3 que la jornada \u201cest\u00e1 pensada desde la articulaci\u00f3n que se viene generando desde el a\u00f1o pasado, donde Naci\u00f3n, provincia y municipio ponen como agenda la generaci\u00f3n de espacios de jugar por jugar\u201d.<\/p>\n\n\n\n<p>Por su parte, S\u00e1nchez adelant\u00f3 que habr\u00e1 actividades recreativas y l\u00fadicas con el objetivo primordial de convocar a la familia a \u201ceste espacio de construcci\u00f3n de las infancias\u201d.<a><\/a><\/p>\n\n\n\n<p><strong>\u00a0<\/strong><\/p>\n","protected":false},"excerpt":{"rendered":"<p>La Subsecretar\u00eda de la Ni\u00f1ez, Adolescencia y Familia invit\u00f3 a celebrar el \u00abD\u00eda Nacional del Juego\u00bb este s\u00e1bado 10 de junio a partir de las 15 en el Parque Sur, con una jornada de juegos, m\u00fasica en vivo y feria de emprendedores.<\/p>\n","protected":false},"author":2,"featured_media":53955,"comment_status":"open","ping_status":"open","sticky":false,"template":"","format":"standard","meta":{"om_disable_all_campaigns":false,"_monsterinsights_skip_tracking":false,"_monsterinsights_sitenote_active":false,"_monsterinsights_sitenote_note":"","_monsterinsights_sitenote_category":0,"_uf_show_specific_survey":0,"_uf_disable_surveys":false,"jetpack_post_was_ever_published":false,"_jetpack_newsletter_access":"","_jetpack_dont_email_post_to_subs":false,"_jetpack_newsletter_tier_id":0,"_jetpack_memberships_contains_paywalled_content":false,"_jetpack_memberships_contains_paid_content":false,"footnotes":"","jetpack_publicize_message":"","jetpack_publicize_feature_enabled":true,"jetpack_social_post_already_shared":true,"jetpack_social_options":{"image_generator_settings":{"template":"highway","default_image_id":0,"font":"","enabled":false},"version":2}},"categories":[21],"tags":[208,207],"class_list":["post-53954","post","type-post","status-publish","format-standard","has-post-thumbnail","hentry","category-locales","tag-subnaf","tag-subsecretaria-de-la-ninez"],"aioseo_notices":[],"views":11,"jetpack_publicize_connections":[],"jetpack_featured_media_url":"https:\/\/i0.wp.com\/elterritorialweb.com.ar\/web\/wp-content\/uploads\/2023\/06\/subnaf.jpeg?fit=1600%2C1066&ssl=1","jetpack_sharing_enabled":true,"_links":{"self":[{"href":"https:\/\/elterritorialweb.com.ar\/web\/wp-json\/wp\/v2\/posts\/53954","targetHints":{"allow":["GET"]}}],"collection":[{"href":"https:\/\/elterritorialweb.com.ar\/web\/wp-json\/wp\/v2\/posts"}],"about":[{"href":"https:\/\/elterritorialweb.com.ar\/web\/wp-json\/wp\/v2\/types\/post"}],"author":[{"embeddable":true,"href":"https:\/\/elterritorialweb.com.ar\/web\/wp-json\/wp\/v2\/users\/2"}],"replies":[{"embeddable":true,"href":"https:\/\/elterritorialweb.com.ar\/web\/wp-json\/wp\/v2\/comments?post=53954"}],"version-history":[{"count":1,"href":"https:\/\/elterritorialweb.com.ar\/web\/wp-json\/wp\/v2\/posts\/53954\/revisions"}],"predecessor-version":[{"id":53956,"href":"https:\/\/elterritorialweb.com.ar\/web\/wp-json\/wp\/v2\/posts\/53954\/revisions\/53956"}],"wp:featuredmedia":[{"embeddable":true,"href":"https:\/\/elterritorialweb.com.ar\/web\/wp-json\/wp\/v2\/media\/53955"}],"wp:attachment":[{"href":"https:\/\/elterritorialweb.com.ar\/web\/wp-json\/wp\/v2\/media?parent=53954"}],"wp:term":[{"taxonomy":"category","embeddable":true,"href":"https:\/\/elterritorialweb.com.ar\/web\/wp-json\/wp\/v2\/categories?post=53954"},{"taxonomy":"post_tag","embeddable":true,"href":"https:\/\/elterritorialweb.com.ar\/web\/wp-json\/wp\/v2\/tags?post=53954"}],"curies":[{"name":"wp","href":"https:\/\/api.w.org\/{rel}","templated":true}]}}