{"id":53964,"date":"2023-06-09T02:13:12","date_gmt":"2023-06-09T02:13:12","guid":{"rendered":"http:\/\/elterritorialweb.com.ar\/web\/?p=53964"},"modified":"2023-06-09T02:13:15","modified_gmt":"2023-06-09T02:13:15","slug":"estudiantes-del-departamento-copo-visitaron-casa-de-gobierno","status":"publish","type":"post","link":"https:\/\/elterritorialweb.com.ar\/web\/estudiantes-del-departamento-copo-visitaron-casa-de-gobierno\/","title":{"rendered":"ESTUDIANTES DEL DEPARTAMENTO COPO VISITARON CASA DE GOBIERNO"},"content":{"rendered":"\n<p>La delegaci\u00f3n estuvo guiada por el responsable del programa, Silvio Villalba y acompa\u00f1ada por las autoridades de ambos establecimientos, quienes hicieron hincapi\u00e9 en la importancia del programa \u201cConociendo Mi Provincia\u00bb, \u201cporque permite a los alumnos del interior realizar un viaje de manera gratuita en su \u00faltimo a\u00f1o de estudio del nivel secundario y as\u00ed compartir una experiencia inolvidable entre compa\u00f1eros y tambi\u00e9n con los docentes\u201d.<br>Zamora agradeci\u00f3 \u00abel esfuerzo que realizan los docentes para acompa\u00f1ar a los chicos y cumplir los objetivos propuestos por el programa, que son conocer los lugares m\u00e1s destacados de las ciudades Capital y Las Termas y de Villa La Punta y que a trav\u00e9s de este recorrido en conjunto conozcan la historia de nuestra provincia\u00bb.<\/p>\n","protected":false},"excerpt":{"rendered":"<p>En el marco del Programa \u00bb Conociendo Mi Provincia\u00bb, el gobernador Gerardo Zamora, recibi\u00f3 la visita de 50 estudiantes pertenecientes al Agrupamiento N\u00b086.063, de la localidad de El Ceibal, y del Agrupamiento N\u00b0 86.057, de La Candelaria y de Villa Matoque, todos ubicados en el departamento Copo.<\/p>\n","protected":false},"author":2,"featured_media":53965,"comment_status":"open","ping_status":"open","sticky":false,"template":"","format":"standard","meta":{"om_disable_all_campaigns":false,"_monsterinsights_skip_tracking":false,"_monsterinsights_sitenote_active":false,"_monsterinsights_sitenote_note":"","_monsterinsights_sitenote_category":0,"_uf_show_specific_survey":0,"_uf_disable_surveys":false,"jetpack_post_was_ever_published":false,"_jetpack_newsletter_access":"","_jetpack_dont_email_post_to_subs":false,"_jetpack_newsletter_tier_id":0,"_jetpack_memberships_contains_paywalled_content":false,"_jetpack_memberships_contains_paid_content":false,"footnotes":"","jetpack_publicize_message":"","jetpack_publicize_feature_enabled":true,"jetpack_social_post_already_shared":true,"jetpack_social_options":{"image_generator_settings":{"template":"highway","default_image_id":0,"font":"","enabled":false},"version":2}},"categories":[21],"tags":[202,59,49],"class_list":["post-53964","post","type-post","status-publish","format-standard","has-post-thumbnail","hentry","category-locales","tag-casa-de-gobierno","tag-gerardo-zamora","tag-gobierno-de-santiago-del-estero"],"aioseo_notices":[],"views":9,"jetpack_publicize_connections":[],"jetpack_featured_media_url":"https:\/\/i0.wp.com\/elterritorialweb.com.ar\/web\/wp-content\/uploads\/2023\/06\/WhatsApp-Image-2023-06-08-at-15.27.32.jpeg?fit=1600%2C1066&ssl=1","jetpack_sharing_enabled":true,"_links":{"self":[{"href":"https:\/\/elterritorialweb.com.ar\/web\/wp-json\/wp\/v2\/posts\/53964","targetHints":{"allow":["GET"]}}],"collection":[{"href":"https:\/\/elterritorialweb.com.ar\/web\/wp-json\/wp\/v2\/posts"}],"about":[{"href":"https:\/\/elterritorialweb.com.ar\/web\/wp-json\/wp\/v2\/types\/post"}],"author":[{"embeddable":true,"href":"https:\/\/elterritorialweb.com.ar\/web\/wp-json\/wp\/v2\/users\/2"}],"replies":[{"embeddable":true,"href":"https:\/\/elterritorialweb.com.ar\/web\/wp-json\/wp\/v2\/comments?post=53964"}],"version-history":[{"count":1,"href":"https:\/\/elterritorialweb.com.ar\/web\/wp-json\/wp\/v2\/posts\/53964\/revisions"}],"predecessor-version":[{"id":53966,"href":"https:\/\/elterritorialweb.com.ar\/web\/wp-json\/wp\/v2\/posts\/53964\/revisions\/53966"}],"wp:featuredmedia":[{"embeddable":true,"href":"https:\/\/elterritorialweb.com.ar\/web\/wp-json\/wp\/v2\/media\/53965"}],"wp:attachment":[{"href":"https:\/\/elterritorialweb.com.ar\/web\/wp-json\/wp\/v2\/media?parent=53964"}],"wp:term":[{"taxonomy":"category","embeddable":true,"href":"https:\/\/elterritorialweb.com.ar\/web\/wp-json\/wp\/v2\/categories?post=53964"},{"taxonomy":"post_tag","embeddable":true,"href":"https:\/\/elterritorialweb.com.ar\/web\/wp-json\/wp\/v2\/tags?post=53964"}],"curies":[{"name":"wp","href":"https:\/\/api.w.org\/{rel}","templated":true}]}}