{"id":53967,"date":"2023-06-09T02:23:14","date_gmt":"2023-06-09T02:23:14","guid":{"rendered":"http:\/\/elterritorialweb.com.ar\/web\/?p=53967"},"modified":"2023-06-09T02:28:10","modified_gmt":"2023-06-09T02:28:10","slug":"pago-de-aguinaldo-para-la-administracion-publica-provincial","status":"publish","type":"post","link":"https:\/\/elterritorialweb.com.ar\/web\/pago-de-aguinaldo-para-la-administracion-publica-provincial\/","title":{"rendered":"PAGO DE AGUINALDO PARA LA ADMINISTRACI\u00d3N P\u00daBLICA PROVINCIAL"},"content":{"rendered":"\n<p>El Ministerio de Econom\u00eda de la provincia informa que el pr\u00f3ximo <strong>viernes 16 de junio<\/strong> estar\u00e1 disponible en los cajeros del Banco Santiago la <strong>primera cuota<\/strong> del <strong>sueldo anual complementario<\/strong> para todo el personal de la administraci\u00f3n p\u00fablica de Santiago del Estero.<\/p>\n\n\n\n<p>Cabe recordar que el pasado 27 de abril, durante su discurso anual, el gobernador<strong>\u00a0Gerardo Zamora<\/strong>\u00a0inform\u00f3 el cronograma de pagos, en el que incluy\u00f3 el bono de $150.000 que los empleados p\u00fablicos recibir\u00e1n en dos cuotas.<\/p>\n\n\n\n<p>La primera parte ya fue abonada este martes 6 de junio, mientras que los restantes $75.000 ser\u00e1n depositados el pr\u00f3ximo 20 de julio.<\/p>\n","protected":false},"excerpt":{"rendered":"<p>Mediante un comunicado de prensa, la cartera de econom\u00eda de la provincia, informo la fecha del pago de  aguinaldo. <\/p>\n","protected":false},"author":2,"featured_media":53968,"comment_status":"open","ping_status":"open","sticky":false,"template":"","format":"standard","meta":{"om_disable_all_campaigns":false,"_monsterinsights_skip_tracking":false,"_monsterinsights_sitenote_active":false,"_monsterinsights_sitenote_note":"","_monsterinsights_sitenote_category":0,"_uf_show_specific_survey":0,"_uf_disable_surveys":false,"jetpack_post_was_ever_published":false,"_jetpack_newsletter_access":"","_jetpack_dont_email_post_to_subs":false,"_jetpack_newsletter_tier_id":0,"_jetpack_memberships_contains_paywalled_content":false,"_jetpack_memberships_contains_paid_content":false,"footnotes":"","jetpack_publicize_message":"","jetpack_publicize_feature_enabled":true,"jetpack_social_post_already_shared":true,"jetpack_social_options":{"image_generator_settings":{"template":"highway","default_image_id":0,"font":"","enabled":false},"version":2}},"categories":[4,2],"tags":[65,210,211],"class_list":["post-53967","post","type-post","status-publish","format-standard","has-post-thumbnail","hentry","category-destacadas","category-economia","tag-administracion-publica-de-santiago-del-estero","tag-aguinaldo","tag-sueldos"],"aioseo_notices":[],"views":16,"jetpack_publicize_connections":[],"jetpack_featured_media_url":"https:\/\/i0.wp.com\/elterritorialweb.com.ar\/web\/wp-content\/uploads\/2023\/06\/pago-aguinaldo.jpg?fit=1100%2C618&ssl=1","jetpack_sharing_enabled":true,"_links":{"self":[{"href":"https:\/\/elterritorialweb.com.ar\/web\/wp-json\/wp\/v2\/posts\/53967","targetHints":{"allow":["GET"]}}],"collection":[{"href":"https:\/\/elterritorialweb.com.ar\/web\/wp-json\/wp\/v2\/posts"}],"about":[{"href":"https:\/\/elterritorialweb.com.ar\/web\/wp-json\/wp\/v2\/types\/post"}],"author":[{"embeddable":true,"href":"https:\/\/elterritorialweb.com.ar\/web\/wp-json\/wp\/v2\/users\/2"}],"replies":[{"embeddable":true,"href":"https:\/\/elterritorialweb.com.ar\/web\/wp-json\/wp\/v2\/comments?post=53967"}],"version-history":[{"count":1,"href":"https:\/\/elterritorialweb.com.ar\/web\/wp-json\/wp\/v2\/posts\/53967\/revisions"}],"predecessor-version":[{"id":53969,"href":"https:\/\/elterritorialweb.com.ar\/web\/wp-json\/wp\/v2\/posts\/53967\/revisions\/53969"}],"wp:featuredmedia":[{"embeddable":true,"href":"https:\/\/elterritorialweb.com.ar\/web\/wp-json\/wp\/v2\/media\/53968"}],"wp:attachment":[{"href":"https:\/\/elterritorialweb.com.ar\/web\/wp-json\/wp\/v2\/media?parent=53967"}],"wp:term":[{"taxonomy":"category","embeddable":true,"href":"https:\/\/elterritorialweb.com.ar\/web\/wp-json\/wp\/v2\/categories?post=53967"},{"taxonomy":"post_tag","embeddable":true,"href":"https:\/\/elterritorialweb.com.ar\/web\/wp-json\/wp\/v2\/tags?post=53967"}],"curies":[{"name":"wp","href":"https:\/\/api.w.org\/{rel}","templated":true}]}}