{"id":53970,"date":"2023-06-09T03:02:19","date_gmt":"2023-06-09T03:02:19","guid":{"rendered":"http:\/\/elterritorialweb.com.ar\/web\/?p=53970"},"modified":"2023-06-09T03:02:22","modified_gmt":"2023-06-09T03:02:22","slug":"monsenior-terrenal-estrena-mirando-el-dolor-desde-adentro-en-su-10-aniversario","status":"publish","type":"post","link":"https:\/\/elterritorialweb.com.ar\/web\/monsenior-terrenal-estrena-mirando-el-dolor-desde-adentro-en-su-10-aniversario\/","title":{"rendered":"[MONSENIOR TERRENAL] ESTRENA \u00abMIRANDO EL DOLOR DESDE ADENTRO\u00bb EN SU 10\u00b0 ANIVERSARIO"},"content":{"rendered":"\n<p><strong>Monsenior Terrenal<\/strong>&nbsp;celebra una d\u00e9cada del lanzamiento de su primer disco,<strong>&nbsp;\u201cMirando el dolor desde adentro\u201d<\/strong>, y prepara un concierto \u00fanico e irrepetible: tocar\u00e1 las 14 canciones que conforman el \u00e1lbum, en orden correlativo.<\/p>\n\n\n\n<p>Ser\u00e1 la primera vez que en la ciudad se realice el registro audiovisual (con p\u00fablico) completamente en vivo del show de rock de un artista independiente de nuestra ciudad.<\/p>\n\n\n\n<p>La cita para formar parte de esta experiencia es el s\u00e1bado 10 de junio a las 22 horas en un m\u00edtico lugar de la cultura como lo es el&nbsp;<strong>Teatro La Casa&nbsp;<\/strong>(Pasaje San Lorenzo 2723, Santiago del Estero capital).<\/p>\n\n\n\n<p><strong>El disco:<\/strong><br>\u201cMirando el dolor desde adentro\u201d se caracteriza por ser un \u00e1lbum ecl\u00e9ctico donde el m\u00fasico muestra su ductilidad a la hora de componer canciones ya que abarca gran variedad de estilos: pop, rock, punk, alternativo, dark y hasta post rock, entre otros.<\/p>\n\n\n\n<p><strong>Antecedentes:<\/strong><br>Monsenior Terrenal es un artista independiente que se desempe\u00f1a desde 2001 como baterista de la banda de rock juan terrenal (C\u00f3rdoba) y de forma paralela, tiene su carrera solista, como as\u00ed tambi\u00e9n la de productor art\u00edstico\/musical y sesionista en vivo de diversos proyectos.<\/p>\n\n\n\n<p><strong>Artista invitado:<\/strong><br>Monsenior Terrenal convoc\u00f3 a formar parte del festejo del 10\u00b0 aniversario de \u201cmirando el dolor desde adentro\u201d al talento emergente del rap\/trap local: Venin Jud, de apenas 19 a\u00f1os que, se presentar\u00e1 por primera vez en vivo. Cantar\u00e1 canciones que forman parte de su primer EP \u201croad trip\u201d que consta de 5 tracks, todos compuestos, producidos y mezclados por \u00e9l y su \u00faltimo single &nbsp;&#8216;suerte&#8217; una mezcla de trap\/R&amp;B.<\/p>\n\n\n\n<p><strong>Las entradas est\u00e1n en venta por MP al IG @monseniorterrenal<\/strong><\/p>\n","protected":false},"excerpt":{"rendered":"<p>[monsenior terrenal] celebra una d\u00e9cada del lanzamiento de su primer disco, \u201cMirando el dolor desde adentro\u201d, y prepara un concierto \u00fanico e irrepetible: tocar\u00e1 las 14 canciones que conforman el \u00e1lbum, en orden correlativo.<\/p>\n","protected":false},"author":2,"featured_media":53971,"comment_status":"open","ping_status":"open","sticky":false,"template":"","format":"standard","meta":{"om_disable_all_campaigns":false,"_monsterinsights_skip_tracking":false,"_monsterinsights_sitenote_active":false,"_monsterinsights_sitenote_note":"","_monsterinsights_sitenote_category":0,"_uf_show_specific_survey":0,"_uf_disable_surveys":false,"jetpack_post_was_ever_published":false,"_jetpack_newsletter_access":"","_jetpack_dont_email_post_to_subs":false,"_jetpack_newsletter_tier_id":0,"_jetpack_memberships_contains_paywalled_content":false,"_jetpack_memberships_contains_paid_content":false,"footnotes":"","jetpack_publicize_message":"","jetpack_publicize_feature_enabled":true,"jetpack_social_post_already_shared":true,"jetpack_social_options":{"image_generator_settings":{"template":"highway","default_image_id":0,"font":"","enabled":false},"version":2}},"categories":[20],"tags":[126],"class_list":["post-53970","post","type-post","status-publish","format-standard","has-post-thumbnail","hentry","category-especysociales","tag-monsenior-terrenal"],"aioseo_notices":[],"views":14,"jetpack_publicize_connections":[],"jetpack_featured_media_url":"https:\/\/i0.wp.com\/elterritorialweb.com.ar\/web\/wp-content\/uploads\/2023\/06\/WhatsApp-Image-2023-05-30-at-20.27.04.jpeg?fit=1500%2C1000&ssl=1","jetpack_sharing_enabled":true,"_links":{"self":[{"href":"https:\/\/elterritorialweb.com.ar\/web\/wp-json\/wp\/v2\/posts\/53970","targetHints":{"allow":["GET"]}}],"collection":[{"href":"https:\/\/elterritorialweb.com.ar\/web\/wp-json\/wp\/v2\/posts"}],"about":[{"href":"https:\/\/elterritorialweb.com.ar\/web\/wp-json\/wp\/v2\/types\/post"}],"author":[{"embeddable":true,"href":"https:\/\/elterritorialweb.com.ar\/web\/wp-json\/wp\/v2\/users\/2"}],"replies":[{"embeddable":true,"href":"https:\/\/elterritorialweb.com.ar\/web\/wp-json\/wp\/v2\/comments?post=53970"}],"version-history":[{"count":1,"href":"https:\/\/elterritorialweb.com.ar\/web\/wp-json\/wp\/v2\/posts\/53970\/revisions"}],"predecessor-version":[{"id":53972,"href":"https:\/\/elterritorialweb.com.ar\/web\/wp-json\/wp\/v2\/posts\/53970\/revisions\/53972"}],"wp:featuredmedia":[{"embeddable":true,"href":"https:\/\/elterritorialweb.com.ar\/web\/wp-json\/wp\/v2\/media\/53971"}],"wp:attachment":[{"href":"https:\/\/elterritorialweb.com.ar\/web\/wp-json\/wp\/v2\/media?parent=53970"}],"wp:term":[{"taxonomy":"category","embeddable":true,"href":"https:\/\/elterritorialweb.com.ar\/web\/wp-json\/wp\/v2\/categories?post=53970"},{"taxonomy":"post_tag","embeddable":true,"href":"https:\/\/elterritorialweb.com.ar\/web\/wp-json\/wp\/v2\/tags?post=53970"}],"curies":[{"name":"wp","href":"https:\/\/api.w.org\/{rel}","templated":true}]}}