{"id":53973,"date":"2023-06-09T03:37:13","date_gmt":"2023-06-09T03:37:13","guid":{"rendered":"http:\/\/elterritorialweb.com.ar\/web\/?p=53973"},"modified":"2023-06-09T04:15:06","modified_gmt":"2023-06-09T04:15:06","slug":"se-abre-la-inscripcion-online-de-docentes-para-cobertura-de-cargos","status":"publish","type":"post","link":"https:\/\/elterritorialweb.com.ar\/web\/se-abre-la-inscripcion-online-de-docentes-para-cobertura-de-cargos\/","title":{"rendered":"SE ABRE LA INSCRIPCI\u00d3N ONLINE DE DOCENTES PARA COBERTURA DE CARGOS"},"content":{"rendered":"\n<p>Los requisitos para efectuar la misma son los previstos en el Art. 7 de la Ley N\u00ba 6.976 y su modificatoria Ley N\u00ba 7.369 \u201cR\u00e9gimen de Valoraci\u00f3n De T\u00edtulos y Antecedentes para la Docencia de Santiago del Estero\u201d y las pautas previstas en la Resoluci\u00f3n N\u00b0 994\/2023 del Consejo General de Educaci\u00f3n, que a continuaci\u00f3n se detallan:<br>Deber\u00e1n ingresar al portal del CGE www.cgesantiago.gob.ar y seleccionar el icono SICOBCE. El sistema le asignar\u00e1 el Piso y la Junta de Calificaciones y Clasificaciones donde ser\u00e1 clasificado (turno), al solo efecto de la organizaci\u00f3n interna de las mismas.<br>El tr\u00e1mite es no presencial, en ning\u00fan caso el docente deber\u00e1 concurrir a las Juntas de Calificaciones y Clasificaciones.<br>Para inscripciones por primera vez (sin legajo en juntas), el docente deber\u00e1 completar la solicitud de inscripci\u00f3n en el Sistema Sicobce, el cual le asignar\u00e1 un turno al solo efecto de la organizaci\u00f3n interna de las juntas, y cumplir con los requisitos que exige el Art. 7\u00b0 inc. a) de la Ley N\u00b0 6.976y su modificatoria 7.369, a saber: Carpeta espiral o tres solapas; 5 folios; fotocopia D.N.I. ambos lados; certificado de residencia; foja de servicio (si la tuviere) de los \u00e1mbitos privados y\/o municipales; fotocopia de t\u00edtulo (debidamente autenticado por la autoridad educativa); constancia de t\u00edtulo en tr\u00e1mite original (con sus respectivas firmas y sellos); fotocopia de certificados de capacitaciones (autenticados \u00fanicamente por autoridad educativa).<br>Los docentes con inscripci\u00f3n en junta (Re-inscripciones anuales) deber\u00e1n completar la solicitud de inscripci\u00f3n en el Sistema Sicobce, el cual le asignar\u00e1 un turno al solo efecto de la organizaci\u00f3n interna de Juntas; si agregan a su legajo una nueva titulaci\u00f3n, solo deber\u00e1 remitir constancia de la nueva titulaci\u00f3n -Art. 7\u00b0 inc. b) de la Ley N\u00b0 6.976y su modificatoria Ley N\u00ba 7.369.<br>Los antecedentes de capacitaci\u00f3n a presentar ser\u00e1n los emitidos con fecha l\u00edmite hasta el 31 de Mayo de 2023.<br>Solo se considerar\u00e1n para su valoraci\u00f3n las certificaciones que cuenten con resoluci\u00f3n de aprobaci\u00f3n del Ministerio de Educaci\u00f3n, Ciencia y Tecnolog\u00eda de la Provincia y\/o Ministerio de Educaci\u00f3n de la Naci\u00f3n, de conformidad a la ley 6.976 y su mod. N\u00ba 7.369.<br>La documentaci\u00f3n a presentar deber\u00e1 ser autenticada por autoridad educativa.<br>En todos los casos, el docente deber\u00e1 enviar la documentaci\u00f3n en sobre cerrado, el cual deber\u00e1 estar rotulado, indicando datos personales: apellido y nombre, DNI, celular, e-mail y pegado el turno impreso emitido por el Sicobce.<br>Los docentes deber\u00e1n remitir la documentaci\u00f3n y certificaciones, a trav\u00e9s de los Centros de Recepci\u00f3n de Capital, Banda e interior habilitados a tal fin, a partir del d\u00eda 12\/06\/23 hasta el lunes 17\/07\/23 inclusive, en el horario de 8.00 a 12 hs. (recordar que el turno asignado es al solo efecto de la organizaci\u00f3n interna de las Juntas), a los siguientes lugares: Para los docentes domiciliados en los Departamentos Capital y Banda se recepcionar\u00e1 la documentaci\u00f3n en la sede del Consejo General de Educaci\u00f3n, sito en av. Belgrano (S) N\u00ba 1940 de la ciudad de Santiago del Estero.<br>Para los docentes del interior de la provincia la documentaci\u00f3n ser\u00e1 recepcionada por los siguientes centros habilitados:<\/p>\n\n\n\n<ol class=\"wp-block-list\">\n<li>A\u00d1ATUYA, DPTO. TABOADA: CIC &#8211; Centro Integrador Comunitario;<\/li>\n\n\n\n<li>ATAMISQUI, DPTO. ATAMISQUI: Edificio Municipal;<\/li>\n\n\n\n<li>BANDERA, DPTO. BELGRANO: Direcci\u00f3n de Derechos Humanos (Anexo Municipal);<\/li>\n\n\n\n<li>BREA POZO, DPTO. SAN MART\u00cdN: Edificio Municipal;<\/li>\n\n\n\n<li>CAMPO GALLO, DPTO. ALBERDI: Punto Digital &#8211; Edificio Municipal;<\/li>\n\n\n\n<li>COLONIA DORA, DPTO. AVELLANEDA: Calle Maip\u00fa Esq. Moreno;<\/li>\n\n\n\n<li>FR\u00cdAS, DPTO. CHOYA: Casa de la Cultura<\/li>\n\n\n\n<li>GARZA, DPTO. SARMIENTO: Comisi\u00f3n Municipal;<\/li>\n\n\n\n<li>LOS JUR\u00cdES, DPTO. TABOADA: Centro Integrador Comunitario;<\/li>\n\n\n\n<li>LOS TELARES, DPTO. SALAVINA: Edificio Municipal;<\/li>\n\n\n\n<li>OJO DE AGUA, DPTO. OJO DE AGUA: Biblioteca Julio Bastamente (Calle 27 de abril 98);<\/li>\n\n\n\n<li>PAMPA DE LOS GUANACOS, DPTO. COPO: Edificio Municipal;<\/li>\n\n\n\n<li>PINTO, DPTO. AGUIRRE. Biblioteca Municipal \u201cManuel Belgrano\u201d;<\/li>\n\n\n\n<li>POZO HONDO, DPTO. JIM\u00c9NEZ: Oficina de Educaci\u00f3n Municipal, Municipalidad de Pozo Hondo;<\/li>\n\n\n\n<li>QUIMIL\u00cd, DPTO. MORENO: Escuela Municipal de Artes y Oficios (Calle Independencia y Obispo Yanes);<\/li>\n\n\n\n<li>SAN PEDRO DE GUASAY\u00c1N, DPTO. GUASAY\u00c1N: Subsecretar\u00eda de la Mujer (Av. 27 de Abril y Urquiza);<\/li>\n\n\n\n<li>SELVA, DPTO. RIVADAVIA: Juzgado de Faltas (Av. Jos\u00e9 Belletti) y Agencia de Desarrollo Regional Selva (9 de Julio s\/n) ;<\/li>\n\n\n\n<li>SUMAMPA, DPTO. QUEBRACHOS: Edificio Municipal, Planta Baja;<\/li>\n\n\n\n<li>SUNCHO CORRAL, DPTO. IBARRA: Edificio Municipal;<\/li>\n\n\n\n<li>TINTINA, DPTO. MORENO: Edificio Municipal -1\u00b0 Piso;<\/li>\n\n\n\n<li>NUEVA ESPERANZA, DPTO. PELLEGRINI: CETYC (Hospital Viejo);<\/li>\n\n\n\n<li>MONTE QUEMADO, DPTO. COPO: Edificio de Centro Cultural y Secretar\u00eda de Educaci\u00f3n y Cultura Municipalidad de Monte Quemado.<\/li>\n\n\n\n<li>BELTR\u00c1N, DPTO. ROBLES: Sede UNSE. (Avda. 27 de Abril Esq. Moreno);<\/li>\n\n\n\n<li>CLODOMIRA, DPTO. BANDA: Punto Digital (Avenida Mitre y Rep\u00fablica);<\/li>\n\n\n\n<li>FERN\u00c1NDEZ, DPTO. ROBLES: Municipalidad de Fern\u00e1ndez. Oficina de Cultura y Educaci\u00f3n;<\/li>\n\n\n\n<li>LA CA\u00d1ADA, DPTO. FIGUEROA: Punto Digital (Calle San Mart\u00edn al costado de la Comisi\u00f3n Municipal);<\/li>\n\n\n\n<li>BANDERA BAJADA, DPTO. FIGUEROA: Edificio Comisi\u00f3n Municipal.<\/li>\n\n\n\n<li>LUGONES, DPTO. SARMIENTO: Edificio Comisi\u00f3n Municipal;<\/li>\n\n\n\n<li>LAS DELICIAS, DPTO. PELLEGRINI: Edificio Comisi\u00f3n Municipal;<\/li>\n\n\n\n<li>SANTO DOMINGO, DPTO. PELLEGRINI: Edificio Comisi\u00f3n Municipal;<\/li>\n\n\n\n<li>EL MOJ\u00d3N, DPTO. PELLEGRINI: Edificio de Comisi\u00f3n Municipal;<\/li>\n\n\n\n<li>LORETO, DPTO. LORETO: Oficina de Secretar\u00eda de Educaci\u00f3n. Edificio Municipal;<\/li>\n\n\n\n<li>TERMAS DE R\u00cdO HONDO, DPTO. R\u00cdO HONDO: Centro Cultural \u00abGeneral San Mart\u00edn\u00bb- Punto Digital.<\/li>\n\n\n\n<li>SANTO DOMINGO, LOS ROMANOS &#8211; Comisi\u00f3n Municipal Los Romanos<br>El docente deber\u00e1 remitir la documentaci\u00f3n dentro de las 48 horas de haber cerrado y finalizado su inscripci\u00f3n en el sistema Sicobce en la forma indicada m\u00e1s arriba.<br>Para mayor informaci\u00f3n ingresar a www.cgesantiago.gob.ar.<br>La inscripci\u00f3n y presentaci\u00f3n del legajo es de exclusiva responsabilidad del docente.<\/li>\n<\/ol>\n","protected":false},"excerpt":{"rendered":"<p>El Consejo General de Educaci\u00f3n, a trav\u00e9s de las Juntas de Calificaciones y Clasificaciones de los Niveles Inicial, Primario y Modalidades, Secundario y Superior, informa a la docencia en general que a partir de las 00 horas del lunes 12 de junio y hasta las 23.59 del vernes 14 de julio de 2023, se llevar\u00e1n a cabo las Inscripciones online para el Listado de Orden de M\u00e9rito Ordinario 2024, a trav\u00e9s del sistema Sicobce y de manera no presencial.<\/p>\n","protected":false},"author":2,"featured_media":50760,"comment_status":"open","ping_status":"open","sticky":false,"template":"","format":"standard","meta":{"om_disable_all_campaigns":false,"_monsterinsights_skip_tracking":false,"_monsterinsights_sitenote_active":false,"_monsterinsights_sitenote_note":"","_monsterinsights_sitenote_category":0,"_uf_show_specific_survey":0,"_uf_disable_surveys":false,"jetpack_post_was_ever_published":false,"_jetpack_newsletter_access":"","_jetpack_dont_email_post_to_subs":false,"_jetpack_newsletter_tier_id":0,"_jetpack_memberships_contains_paywalled_content":false,"_jetpack_memberships_contains_paid_content":false,"footnotes":"","jetpack_publicize_message":"","jetpack_publicize_feature_enabled":true,"jetpack_social_post_already_shared":true,"jetpack_social_options":{"image_generator_settings":{"template":"highway","default_image_id":0,"font":"","enabled":false},"version":2}},"categories":[19],"tags":[214,212,213],"class_list":["post-53973","post","type-post","status-publish","format-standard","has-post-thumbnail","hentry","category-educacion","tag-cobertura-de-cargos","tag-consejo-general-de-educacion","tag-junta-de-calificaciones-y-clasificaciones"],"aioseo_notices":[],"views":7,"jetpack_publicize_connections":[],"jetpack_featured_media_url":"https:\/\/i0.wp.com\/elterritorialweb.com.ar\/web\/wp-content\/uploads\/2023\/03\/WhatsApp-Image-2023-03-18-at-04.40.47.jpeg?fit=1011%2C693&ssl=1","jetpack_sharing_enabled":true,"_links":{"self":[{"href":"https:\/\/elterritorialweb.com.ar\/web\/wp-json\/wp\/v2\/posts\/53973","targetHints":{"allow":["GET"]}}],"collection":[{"href":"https:\/\/elterritorialweb.com.ar\/web\/wp-json\/wp\/v2\/posts"}],"about":[{"href":"https:\/\/elterritorialweb.com.ar\/web\/wp-json\/wp\/v2\/types\/post"}],"author":[{"embeddable":true,"href":"https:\/\/elterritorialweb.com.ar\/web\/wp-json\/wp\/v2\/users\/2"}],"replies":[{"embeddable":true,"href":"https:\/\/elterritorialweb.com.ar\/web\/wp-json\/wp\/v2\/comments?post=53973"}],"version-history":[{"count":1,"href":"https:\/\/elterritorialweb.com.ar\/web\/wp-json\/wp\/v2\/posts\/53973\/revisions"}],"predecessor-version":[{"id":53974,"href":"https:\/\/elterritorialweb.com.ar\/web\/wp-json\/wp\/v2\/posts\/53973\/revisions\/53974"}],"wp:featuredmedia":[{"embeddable":true,"href":"https:\/\/elterritorialweb.com.ar\/web\/wp-json\/wp\/v2\/media\/50760"}],"wp:attachment":[{"href":"https:\/\/elterritorialweb.com.ar\/web\/wp-json\/wp\/v2\/media?parent=53973"}],"wp:term":[{"taxonomy":"category","embeddable":true,"href":"https:\/\/elterritorialweb.com.ar\/web\/wp-json\/wp\/v2\/categories?post=53973"},{"taxonomy":"post_tag","embeddable":true,"href":"https:\/\/elterritorialweb.com.ar\/web\/wp-json\/wp\/v2\/tags?post=53973"}],"curies":[{"name":"wp","href":"https:\/\/api.w.org\/{rel}","templated":true}]}}