{"id":53986,"date":"2023-06-09T21:36:04","date_gmt":"2023-06-09T21:36:04","guid":{"rendered":"http:\/\/elterritorialweb.com.ar\/web\/?p=53986"},"modified":"2023-06-09T21:36:07","modified_gmt":"2023-06-09T21:36:07","slug":"zamora-recibio-a-autoridades-de-la-camara-nacional-electoral-y-de-la-television-publica","status":"publish","type":"post","link":"https:\/\/elterritorialweb.com.ar\/web\/zamora-recibio-a-autoridades-de-la-camara-nacional-electoral-y-de-la-television-publica\/","title":{"rendered":"ZAMORA RECIBI\u00d3 A AUTORIDADES DE LA C\u00c1MARA NACIONAL ELECTORAL Y DE LA TELEVISI\u00d3N P\u00daBLICA"},"content":{"rendered":"\n<p>El vicepresidente de la C\u00e1mara Nacional Electoral, Santiago Corcuera, y el director ejecutivo de Televisi\u00f3n P\u00fablica, Claudio Mart\u00ednez, se reunieron con gobernador Gerardo Zamora, en el marco de los preparativos para el DebatePresidencial2023 que se realizar\u00e1 en Santiago del Estero en octubre pr\u00f3ximo.<\/p>\n\n\n\n<p>El mandatario particip\u00f3 del encuentro junto con el jefe de Gabinete de Ministros, El\u00edas Su\u00e1rez.<\/p>\n","protected":false},"excerpt":{"rendered":"<p>El encuentro se realiz\u00f3 en casa de gobierno.<\/p>\n","protected":false},"author":2,"featured_media":53987,"comment_status":"open","ping_status":"open","sticky":false,"template":"","format":"standard","meta":{"om_disable_all_campaigns":false,"_monsterinsights_skip_tracking":false,"_monsterinsights_sitenote_active":false,"_monsterinsights_sitenote_note":"","_monsterinsights_sitenote_category":0,"_uf_show_specific_survey":0,"_uf_disable_surveys":false,"jetpack_post_was_ever_published":false,"_jetpack_newsletter_access":"","_jetpack_dont_email_post_to_subs":false,"_jetpack_newsletter_tier_id":0,"_jetpack_memberships_contains_paywalled_content":false,"_jetpack_memberships_contains_paid_content":false,"footnotes":"","jetpack_publicize_message":"","jetpack_publicize_feature_enabled":true,"jetpack_social_post_already_shared":true,"jetpack_social_options":{"image_generator_settings":{"template":"highway","default_image_id":0,"font":"","enabled":false},"version":2}},"categories":[4,21],"tags":[215,59,49,216],"class_list":["post-53986","post","type-post","status-publish","format-standard","has-post-thumbnail","hentry","category-destacadas","category-locales","tag-camara-nacional-electoral","tag-gerardo-zamora","tag-gobierno-de-santiago-del-estero","tag-television-publica"],"aioseo_notices":[],"views":10,"jetpack_publicize_connections":[],"jetpack_featured_media_url":"https:\/\/i0.wp.com\/elterritorialweb.com.ar\/web\/wp-content\/uploads\/2023\/06\/IMG-20230609-WA0048.jpg?fit=1600%2C1066&ssl=1","jetpack_sharing_enabled":true,"_links":{"self":[{"href":"https:\/\/elterritorialweb.com.ar\/web\/wp-json\/wp\/v2\/posts\/53986","targetHints":{"allow":["GET"]}}],"collection":[{"href":"https:\/\/elterritorialweb.com.ar\/web\/wp-json\/wp\/v2\/posts"}],"about":[{"href":"https:\/\/elterritorialweb.com.ar\/web\/wp-json\/wp\/v2\/types\/post"}],"author":[{"embeddable":true,"href":"https:\/\/elterritorialweb.com.ar\/web\/wp-json\/wp\/v2\/users\/2"}],"replies":[{"embeddable":true,"href":"https:\/\/elterritorialweb.com.ar\/web\/wp-json\/wp\/v2\/comments?post=53986"}],"version-history":[{"count":1,"href":"https:\/\/elterritorialweb.com.ar\/web\/wp-json\/wp\/v2\/posts\/53986\/revisions"}],"predecessor-version":[{"id":53988,"href":"https:\/\/elterritorialweb.com.ar\/web\/wp-json\/wp\/v2\/posts\/53986\/revisions\/53988"}],"wp:featuredmedia":[{"embeddable":true,"href":"https:\/\/elterritorialweb.com.ar\/web\/wp-json\/wp\/v2\/media\/53987"}],"wp:attachment":[{"href":"https:\/\/elterritorialweb.com.ar\/web\/wp-json\/wp\/v2\/media?parent=53986"}],"wp:term":[{"taxonomy":"category","embeddable":true,"href":"https:\/\/elterritorialweb.com.ar\/web\/wp-json\/wp\/v2\/categories?post=53986"},{"taxonomy":"post_tag","embeddable":true,"href":"https:\/\/elterritorialweb.com.ar\/web\/wp-json\/wp\/v2\/tags?post=53986"}],"curies":[{"name":"wp","href":"https:\/\/api.w.org\/{rel}","templated":true}]}}