{"id":53989,"date":"2023-06-09T21:48:25","date_gmt":"2023-06-09T21:48:25","guid":{"rendered":"http:\/\/elterritorialweb.com.ar\/web\/?p=53989"},"modified":"2023-06-09T21:48:28","modified_gmt":"2023-06-09T21:48:28","slug":"zamora-participo-de-la-apertura-del-33-congreso-de-la-confederacion-de-combatientes-de-malvinas","status":"publish","type":"post","link":"https:\/\/elterritorialweb.com.ar\/web\/zamora-participo-de-la-apertura-del-33-congreso-de-la-confederacion-de-combatientes-de-malvinas\/","title":{"rendered":"ZAMORA PARTICIP\u00d3 DE LA APERTURA DEL 33\u00b0 CONGRESO DE LA CONFEDERACI\u00d3N DE COMBATIENTES DE MALVINAS"},"content":{"rendered":"\n<p>Con la presencia de veteranos de distintos puntos del pa\u00eds, se realiz\u00f3 este viernes el acto de apertura del 33\u00b0 Congreso de la Confederaci\u00f3n de Combatientes de Malvinas, encabezado por el gobernador Gerardo Zamora y el vicegobernador Carlos Silva Neder, junto con los presidentes de la Confederaci\u00f3n Combatientes de Malvinas, Ram\u00f3n Robles; de la Comisi\u00f3n Nacional de Ex Combatientes en Canciller\u00eda, Adolfo Schweighofer, y del Centro de Ex Soldados Combatientes de Santiago del Estero, David D\u00edaz.<\/p>\n\n\n\n<p>Tambi\u00e9n estuvieron la ministra de Justicia y DD.HH, Matilde O\u2019Mill, y la intendente de la Capital, Norma Fuentes.<\/p>\n\n\n\n<figure class=\"wp-block-image size-large\"><a href=\"https:\/\/i0.wp.com\/elterritorialweb.com.ar\/web\/wp-content\/uploads\/2023\/06\/IMG-20230609-WA0010.jpg\"><img data-recalc-dims=\"1\" decoding=\"async\" width=\"640\" height=\"426\" data-src=\"https:\/\/i0.wp.com\/elterritorialweb.com.ar\/web\/wp-content\/uploads\/2023\/06\/IMG-20230609-WA0010.jpg?resize=640%2C426\" alt=\"\" class=\"wp-image-53991 lazyload\" data-srcset=\"https:\/\/i0.wp.com\/elterritorialweb.com.ar\/web\/wp-content\/uploads\/2023\/06\/IMG-20230609-WA0010.jpg?resize=1024%2C682&amp;ssl=1 1024w, https:\/\/i0.wp.com\/elterritorialweb.com.ar\/web\/wp-content\/uploads\/2023\/06\/IMG-20230609-WA0010.jpg?resize=300%2C200&amp;ssl=1 300w, https:\/\/i0.wp.com\/elterritorialweb.com.ar\/web\/wp-content\/uploads\/2023\/06\/IMG-20230609-WA0010.jpg?resize=768%2C512&amp;ssl=1 768w, https:\/\/i0.wp.com\/elterritorialweb.com.ar\/web\/wp-content\/uploads\/2023\/06\/IMG-20230609-WA0010.jpg?resize=1536%2C1023&amp;ssl=1 1536w, https:\/\/i0.wp.com\/elterritorialweb.com.ar\/web\/wp-content\/uploads\/2023\/06\/IMG-20230609-WA0010.jpg?w=1600&amp;ssl=1 1600w, https:\/\/i0.wp.com\/elterritorialweb.com.ar\/web\/wp-content\/uploads\/2023\/06\/IMG-20230609-WA0010.jpg?w=1280 1280w\" data-sizes=\"(max-width: 640px) 100vw, 640px\" src=\"data:image\/svg+xml;base64,PHN2ZyB3aWR0aD0iMSIgaGVpZ2h0PSIxIiB4bWxucz0iaHR0cDovL3d3dy53My5vcmcvMjAwMC9zdmciPjwvc3ZnPg==\" style=\"--smush-placeholder-width: 640px; --smush-placeholder-aspect-ratio: 640\/426;\" \/><\/a><\/figure>\n\n\n\n<p>Luego de la bienvenida de David D\u00edaz, el titular de la confederaci\u00f3n agradeci\u00f3 la presencia de Zamora en este evento. \u201cEs estos 33 congresos realizados es la primera vez que un gobernador nos acompa\u00f1a, es realmente algo que no nos pas\u00f3 nunca\u201d, destac\u00f3.<\/p>\n\n\n\n<p>Por su parte, el mandatario realz\u00f3 la figura de quienes ofrendaron sus vidas en defensa de la soberan\u00eda en el Atl\u00e1ntico Sur. \u201cNosotros \u2013se\u00f1al\u00f3- tenemos 14 santiague\u00f1os que quedaron en Malvinas; nos sentimos muy comprometidos, no solo con los derechos, el acompa\u00f1amiento y la situaci\u00f3n de nuestros veteranos de Malvinas, que por mucho tiempo fue ignorada\u201d.<\/p>\n\n\n\n<p><\/p>\n","protected":false},"excerpt":{"rendered":"<p>La ceremonia se desarroll\u00f3 en el Sal\u00f3n Auditorio del Complejo Juan Felipe Ibarra. <\/p>\n","protected":false},"author":2,"featured_media":53990,"comment_status":"open","ping_status":"open","sticky":false,"template":"","format":"standard","meta":{"om_disable_all_campaigns":false,"_monsterinsights_skip_tracking":false,"_monsterinsights_sitenote_active":false,"_monsterinsights_sitenote_note":"","_monsterinsights_sitenote_category":0,"_uf_show_specific_survey":0,"_uf_disable_surveys":false,"jetpack_post_was_ever_published":false,"_jetpack_newsletter_access":"","_jetpack_dont_email_post_to_subs":false,"_jetpack_newsletter_tier_id":0,"_jetpack_memberships_contains_paywalled_content":false,"_jetpack_memberships_contains_paid_content":false,"footnotes":"","jetpack_publicize_message":"","jetpack_publicize_feature_enabled":true,"jetpack_social_post_already_shared":true,"jetpack_social_options":{"image_generator_settings":{"template":"highway","default_image_id":0,"font":"","enabled":false},"version":2}},"categories":[4,21],"tags":[217,59,49],"class_list":["post-53989","post","type-post","status-publish","format-standard","has-post-thumbnail","hentry","category-destacadas","category-locales","tag-congreso-confederacion-combatientes-de-malvinas","tag-gerardo-zamora","tag-gobierno-de-santiago-del-estero"],"aioseo_notices":[],"views":11,"jetpack_publicize_connections":[],"jetpack_featured_media_url":"https:\/\/i0.wp.com\/elterritorialweb.com.ar\/web\/wp-content\/uploads\/2023\/06\/IMG-20230609-WA0011.jpg?fit=1600%2C1066&ssl=1","jetpack_sharing_enabled":true,"_links":{"self":[{"href":"https:\/\/elterritorialweb.com.ar\/web\/wp-json\/wp\/v2\/posts\/53989","targetHints":{"allow":["GET"]}}],"collection":[{"href":"https:\/\/elterritorialweb.com.ar\/web\/wp-json\/wp\/v2\/posts"}],"about":[{"href":"https:\/\/elterritorialweb.com.ar\/web\/wp-json\/wp\/v2\/types\/post"}],"author":[{"embeddable":true,"href":"https:\/\/elterritorialweb.com.ar\/web\/wp-json\/wp\/v2\/users\/2"}],"replies":[{"embeddable":true,"href":"https:\/\/elterritorialweb.com.ar\/web\/wp-json\/wp\/v2\/comments?post=53989"}],"version-history":[{"count":1,"href":"https:\/\/elterritorialweb.com.ar\/web\/wp-json\/wp\/v2\/posts\/53989\/revisions"}],"predecessor-version":[{"id":53992,"href":"https:\/\/elterritorialweb.com.ar\/web\/wp-json\/wp\/v2\/posts\/53989\/revisions\/53992"}],"wp:featuredmedia":[{"embeddable":true,"href":"https:\/\/elterritorialweb.com.ar\/web\/wp-json\/wp\/v2\/media\/53990"}],"wp:attachment":[{"href":"https:\/\/elterritorialweb.com.ar\/web\/wp-json\/wp\/v2\/media?parent=53989"}],"wp:term":[{"taxonomy":"category","embeddable":true,"href":"https:\/\/elterritorialweb.com.ar\/web\/wp-json\/wp\/v2\/categories?post=53989"},{"taxonomy":"post_tag","embeddable":true,"href":"https:\/\/elterritorialweb.com.ar\/web\/wp-json\/wp\/v2\/tags?post=53989"}],"curies":[{"name":"wp","href":"https:\/\/api.w.org\/{rel}","templated":true}]}}