{"id":53994,"date":"2023-06-09T21:58:31","date_gmt":"2023-06-09T21:58:31","guid":{"rendered":"http:\/\/elterritorialweb.com.ar\/web\/?p=53994"},"modified":"2023-06-09T21:58:35","modified_gmt":"2023-06-09T21:58:35","slug":"nediani-realizo-el-lanzamiento-de-una-nueva-edicion-del-promover-igualdad","status":"publish","type":"post","link":"https:\/\/elterritorialweb.com.ar\/web\/nediani-realizo-el-lanzamiento-de-una-nueva-edicion-del-promover-igualdad\/","title":{"rendered":"NEDIANI REALIZ\u00d3 EL LANZAMIENTO DE UNA NUEVA EDICI\u00d3N DEL PROMOVER IGUALDAD"},"content":{"rendered":"\n<p>En este sentido, el jefe comunal estuvo acompa\u00f1ado por la secretaria de Gobierno, Victoria Torres; la subsecretaria de Educaci\u00f3n y Cultura, Alejandra Far\u00edas; la encargada de la Oficina de Empleo, Carla Reinoso; la diputada Provincial, Mariana Morales y dem\u00e1s funcionarios, autoridades y presentes, realiz\u00f3 el anuncio formal de una nueva edici\u00f3n del mencionado programa, el cual tendr\u00e1 como beneficiarios a 17 personas, entre nuevos ingresos y renovaciones de entrenamiento laboral en las diferentes \u00e1reas municipales.<br>Dicho programa, tiene como objetivo asistir a personas con discapacidad en el desarrollo de su proyecto ocupacional, a trav\u00e9s de su inclusi\u00f3n en actividades que le permitan mejorar sus competencias, habilidades y destrezas laborales, insertarse en empleos de calidad y\/o desarrollar emprendimientos productivos independientes.<br>Los entrenamientos tienen una duraci\u00f3n de 6, 8 o 12 meses en los cuales los beneficiaron reciben su remuneraci\u00f3n correspondiente, hasta la culminaci\u00f3n del mismo, compatible con sus pensiones. La adhesi\u00f3n al mismo exige como requisito el certificado del CUD (Certificado \u00danico de Discapacidad).<br>Durante la realizaci\u00f3n y duraci\u00f3n de los entrenamientos en las dependencias municipales, los beneficiarios contaran con la cobertura de seguro de accidentes personales a cargo del municipio por medio de la compa\u00f1\u00eda Hamburgo S.A.<br>Cabe destacar, que desde el 2016, el municipio de la ciudad de La Banda fue el primero en llevar a cabo este bajo las pol\u00edticas de inclusi\u00f3n, comenzando con 4 beneficiarios en el \u00e1rea de desarrollo social, siendo as\u00ed su desarrollo ininterrumpido hasta la fecha, pasando por distintas secretar\u00edas del municipio como Gobierno, Educaci\u00f3n y Desarrollo Humano. Hasta la fecha, son m\u00e1s de 400 beneficiarios, con un programa de 45 proyectos en el sector p\u00fablico, dando as\u00ed oportunidad de inclusi\u00f3n a las personas con discapacidad para su mejor calidad de vida.<\/p>\n\n\n\n<figure class=\"wp-block-image size-large\"><a href=\"https:\/\/i0.wp.com\/elterritorialweb.com.ar\/web\/wp-content\/uploads\/2023\/06\/IMG-20230609-WA0038.jpg\"><img data-recalc-dims=\"1\" decoding=\"async\" width=\"640\" height=\"426\" data-src=\"https:\/\/i0.wp.com\/elterritorialweb.com.ar\/web\/wp-content\/uploads\/2023\/06\/IMG-20230609-WA0038.jpg?resize=640%2C426\" alt=\"\" class=\"wp-image-53997 lazyload\" data-srcset=\"https:\/\/i0.wp.com\/elterritorialweb.com.ar\/web\/wp-content\/uploads\/2023\/06\/IMG-20230609-WA0038.jpg?resize=1024%2C682&amp;ssl=1 1024w, https:\/\/i0.wp.com\/elterritorialweb.com.ar\/web\/wp-content\/uploads\/2023\/06\/IMG-20230609-WA0038.jpg?resize=300%2C200&amp;ssl=1 300w, https:\/\/i0.wp.com\/elterritorialweb.com.ar\/web\/wp-content\/uploads\/2023\/06\/IMG-20230609-WA0038.jpg?resize=768%2C512&amp;ssl=1 768w, https:\/\/i0.wp.com\/elterritorialweb.com.ar\/web\/wp-content\/uploads\/2023\/06\/IMG-20230609-WA0038.jpg?resize=1536%2C1023&amp;ssl=1 1536w, https:\/\/i0.wp.com\/elterritorialweb.com.ar\/web\/wp-content\/uploads\/2023\/06\/IMG-20230609-WA0038.jpg?w=1600&amp;ssl=1 1600w, https:\/\/i0.wp.com\/elterritorialweb.com.ar\/web\/wp-content\/uploads\/2023\/06\/IMG-20230609-WA0038.jpg?w=1280 1280w\" data-sizes=\"(max-width: 640px) 100vw, 640px\" src=\"data:image\/svg+xml;base64,PHN2ZyB3aWR0aD0iMSIgaGVpZ2h0PSIxIiB4bWxucz0iaHR0cDovL3d3dy53My5vcmcvMjAwMC9zdmciPjwvc3ZnPg==\" style=\"--smush-placeholder-width: 640px; --smush-placeholder-aspect-ratio: 640\/426;\" \/><\/a><\/figure>\n\n\n\n<p>Por su parte, Nediani expres\u00f3: \u201cLos beneficiarios han presentado su curr\u00edculum, han sido evaluados para ver los perfiles que tienen cada uno de ellos para ser distribuidas dentro de la administraci\u00f3n p\u00fablica. En ese sentido, quiero agradecer a la encargada de la Oficina, por el gran trabajo que viene haciendo y a todo el equipo de Empleo, agradecerle a la secretaria de gobierno del cual depende de esta oficina y de todo el equipo de trabajo\u201d.<br>\u201cHoy hay diecisiete nuevas personas que van a ingresar al mercado y entrenamiento laboral, para llegar a este punto, hay mucha gente en el municipio que trabaja, que proyecta, que planifica y que luego hace la presentaci\u00f3n a nivel nacional para hoy gozar de estos beneficios. Agradecido a todos ellos y, por supuesto, seguimos convocando desde la oficina de empleo, que es una oficina que verdaderamente puede asesorar a todas las personas, mujeres y hombres, para ver cu\u00e1les son los requisitos para poder ingresar y acceder a este tipo de oportunidades\u201d, finaliz\u00f3 Nediani.<\/p>\n","protected":false},"excerpt":{"rendered":"<p>El intendente de la ciudad de La Banda, Roger Nediani realiz\u00f3 el lanzamiento de una nueva edici\u00f3n del Programa Promover Igualdad de Empleo, en las instalaciones de la Oficina de Empleo, el cual beneficia a personas con discapacidad brind\u00e1ndoles inserci\u00f3n laboral.<\/p>\n","protected":false},"author":2,"featured_media":53995,"comment_status":"open","ping_status":"open","sticky":false,"template":"","format":"standard","meta":{"om_disable_all_campaigns":false,"_monsterinsights_skip_tracking":false,"_monsterinsights_sitenote_active":false,"_monsterinsights_sitenote_note":"","_monsterinsights_sitenote_category":0,"_uf_show_specific_survey":0,"_uf_disable_surveys":false,"jetpack_post_was_ever_published":false,"_jetpack_newsletter_access":"","_jetpack_dont_email_post_to_subs":false,"_jetpack_newsletter_tier_id":0,"_jetpack_memberships_contains_paywalled_content":false,"_jetpack_memberships_contains_paid_content":false,"footnotes":"","jetpack_publicize_message":"","jetpack_publicize_feature_enabled":true,"jetpack_social_post_already_shared":true,"jetpack_social_options":{"image_generator_settings":{"template":"highway","default_image_id":0,"font":"","enabled":false},"version":2}},"categories":[9],"tags":[71,218,51],"class_list":["post-53994","post","type-post","status-publish","format-standard","has-post-thumbnail","hentry","category-banda","tag-municipalidad-de-la-banda","tag-programa-promover-igualdad","tag-roger-nediani"],"aioseo_notices":[],"views":12,"jetpack_publicize_connections":[],"jetpack_featured_media_url":"https:\/\/i0.wp.com\/elterritorialweb.com.ar\/web\/wp-content\/uploads\/2023\/06\/IMG-20230609-WA0039.jpg?fit=1600%2C1028&ssl=1","jetpack_sharing_enabled":true,"_links":{"self":[{"href":"https:\/\/elterritorialweb.com.ar\/web\/wp-json\/wp\/v2\/posts\/53994","targetHints":{"allow":["GET"]}}],"collection":[{"href":"https:\/\/elterritorialweb.com.ar\/web\/wp-json\/wp\/v2\/posts"}],"about":[{"href":"https:\/\/elterritorialweb.com.ar\/web\/wp-json\/wp\/v2\/types\/post"}],"author":[{"embeddable":true,"href":"https:\/\/elterritorialweb.com.ar\/web\/wp-json\/wp\/v2\/users\/2"}],"replies":[{"embeddable":true,"href":"https:\/\/elterritorialweb.com.ar\/web\/wp-json\/wp\/v2\/comments?post=53994"}],"version-history":[{"count":1,"href":"https:\/\/elterritorialweb.com.ar\/web\/wp-json\/wp\/v2\/posts\/53994\/revisions"}],"predecessor-version":[{"id":53998,"href":"https:\/\/elterritorialweb.com.ar\/web\/wp-json\/wp\/v2\/posts\/53994\/revisions\/53998"}],"wp:featuredmedia":[{"embeddable":true,"href":"https:\/\/elterritorialweb.com.ar\/web\/wp-json\/wp\/v2\/media\/53995"}],"wp:attachment":[{"href":"https:\/\/elterritorialweb.com.ar\/web\/wp-json\/wp\/v2\/media?parent=53994"}],"wp:term":[{"taxonomy":"category","embeddable":true,"href":"https:\/\/elterritorialweb.com.ar\/web\/wp-json\/wp\/v2\/categories?post=53994"},{"taxonomy":"post_tag","embeddable":true,"href":"https:\/\/elterritorialweb.com.ar\/web\/wp-json\/wp\/v2\/tags?post=53994"}],"curies":[{"name":"wp","href":"https:\/\/api.w.org\/{rel}","templated":true}]}}