{"id":54005,"date":"2023-06-09T23:23:26","date_gmt":"2023-06-09T23:23:26","guid":{"rendered":"http:\/\/elterritorialweb.com.ar\/web\/?p=54005"},"modified":"2023-06-09T23:30:06","modified_gmt":"2023-06-09T23:30:06","slug":"el-cine-renzi-presentara-el-pre-estreno-de-the-flash","status":"publish","type":"post","link":"https:\/\/elterritorialweb.com.ar\/web\/el-cine-renzi-presentara-el-pre-estreno-de-the-flash\/","title":{"rendered":"EL CINE RENZI PRESENTAR\u00c1 EL PRE ESTRENO DE \u00abTHE FLASH\u00bb"},"content":{"rendered":"\n<p>\u201cThe Flash\u201d est\u00e1 dirigida por Andy Muschietti a partir de un gui\u00f3n de Christina Hodson y est\u00e1 protagonizada por Ezra Miller como Barry Allen \/ Flash, junto a Ron Livingston, Michael Keaton, Kiersey Clemons, Michael Shannon, Antje Traue, Sasha Calle y Ben Affleck.<br>El desarrollo de una pel\u00edcula basada en Flash comenz\u00f3 en 2004, con varios escritores y directores adjuntos al proyecto hasta 2014. Luego, la pel\u00edcula se volvi\u00f3 a desarrollar como parte del DCEU, con Miller elegido como el personaje principal. Varios directores se unieron a la pel\u00edcula durante los a\u00f1os siguientes, con Seth Grahame-Smith, Rick Famuyiwa y el d\u00fao de John Francis Daley y Jonathan Goldstein dejando el proyecto debido a diferencias creativas. Muschietti y Hodson se unieron a la pel\u00edcula en julio de 2019 y la preproducci\u00f3n comenz\u00f3 en enero de 2020. La pel\u00edcula est\u00e1 influenciada por la historia del c\u00f3mic Flashpoint, que presenta a varios personajes de DC Comics, incluidos Affleck y Keaton, repitiendo sus respectivas versiones de Batman. El rodaje tuvo lugar de abril a octubre de 2021 en Warner Bros. Studios, Leavesden y en locaciones de todo el Reino Unido. Flash viaja a trav\u00e9s del tiempo para evitar el asesinato de su madre, pero sin saberlo provoca cambios que resultan en la creaci\u00f3n de un multiverso.<br>Las entradas anticipadas pueden ser adquiridas en el cine sito en Avenida Besares 151 o en la p\u00e1gina web <a href=\"https:\/\/cinerenzi.com\">https:\/\/cinerenzi.com<\/a>.<\/p>\n","protected":false},"excerpt":{"rendered":"<p>El Cine Renzi, dependiente de la Secretar\u00eda de Comunicaci\u00f3n, presentar\u00e1 el pre estreno de la pel\u00edcula estadounidense de superh\u00e9roes basada en el personaje hom\u00f3nimo de DC Comics \u201cThe Flash\u201d del g\u00e9nero de ciencia ficci\u00f3n, acci\u00f3n y aventura, el mi\u00e9rcoles 14 de junio en el horario de las 17, 21.15 y 23.45<\/p>\n","protected":false},"author":2,"featured_media":54009,"comment_status":"open","ping_status":"open","sticky":false,"template":"","format":"standard","meta":{"om_disable_all_campaigns":false,"_monsterinsights_skip_tracking":false,"_monsterinsights_sitenote_active":false,"_monsterinsights_sitenote_note":"","_monsterinsights_sitenote_category":0,"_uf_show_specific_survey":0,"_uf_disable_surveys":false,"jetpack_post_was_ever_published":false,"_jetpack_newsletter_access":"","_jetpack_dont_email_post_to_subs":false,"_jetpack_newsletter_tier_id":0,"_jetpack_memberships_contains_paywalled_content":false,"_jetpack_memberships_contains_paid_content":false,"footnotes":"","jetpack_publicize_message":"","jetpack_publicize_feature_enabled":true,"jetpack_social_post_already_shared":true,"jetpack_social_options":{"image_generator_settings":{"template":"highway","default_image_id":0,"font":"","enabled":false},"version":2}},"categories":[9,20],"tags":[77,78,79],"class_list":["post-54005","post","type-post","status-publish","format-standard","has-post-thumbnail","hentry","category-banda","category-especysociales","tag-cine-renzi","tag-estrenos","tag-peliculas"],"aioseo_notices":[],"views":16,"jetpack_publicize_connections":[],"jetpack_featured_media_url":"https:\/\/i0.wp.com\/elterritorialweb.com.ar\/web\/wp-content\/uploads\/2023\/06\/flash-1.jpeg?fit=1366%2C854&ssl=1","jetpack_sharing_enabled":true,"_links":{"self":[{"href":"https:\/\/elterritorialweb.com.ar\/web\/wp-json\/wp\/v2\/posts\/54005","targetHints":{"allow":["GET"]}}],"collection":[{"href":"https:\/\/elterritorialweb.com.ar\/web\/wp-json\/wp\/v2\/posts"}],"about":[{"href":"https:\/\/elterritorialweb.com.ar\/web\/wp-json\/wp\/v2\/types\/post"}],"author":[{"embeddable":true,"href":"https:\/\/elterritorialweb.com.ar\/web\/wp-json\/wp\/v2\/users\/2"}],"replies":[{"embeddable":true,"href":"https:\/\/elterritorialweb.com.ar\/web\/wp-json\/wp\/v2\/comments?post=54005"}],"version-history":[{"count":1,"href":"https:\/\/elterritorialweb.com.ar\/web\/wp-json\/wp\/v2\/posts\/54005\/revisions"}],"predecessor-version":[{"id":54008,"href":"https:\/\/elterritorialweb.com.ar\/web\/wp-json\/wp\/v2\/posts\/54005\/revisions\/54008"}],"wp:featuredmedia":[{"embeddable":true,"href":"https:\/\/elterritorialweb.com.ar\/web\/wp-json\/wp\/v2\/media\/54009"}],"wp:attachment":[{"href":"https:\/\/elterritorialweb.com.ar\/web\/wp-json\/wp\/v2\/media?parent=54005"}],"wp:term":[{"taxonomy":"category","embeddable":true,"href":"https:\/\/elterritorialweb.com.ar\/web\/wp-json\/wp\/v2\/categories?post=54005"},{"taxonomy":"post_tag","embeddable":true,"href":"https:\/\/elterritorialweb.com.ar\/web\/wp-json\/wp\/v2\/tags?post=54005"}],"curies":[{"name":"wp","href":"https:\/\/api.w.org\/{rel}","templated":true}]}}