{"id":54021,"date":"2023-06-11T18:51:13","date_gmt":"2023-06-11T18:51:13","guid":{"rendered":"http:\/\/elterritorialweb.com.ar\/web\/?p=54021"},"modified":"2023-06-11T18:51:15","modified_gmt":"2023-06-11T18:51:15","slug":"fuentes-participo-del-acto-oficial-por-el-dia-de-la-ingenieria","status":"publish","type":"post","link":"https:\/\/elterritorialweb.com.ar\/web\/fuentes-participo-del-acto-oficial-por-el-dia-de-la-ingenieria\/","title":{"rendered":"FUENTES PARTICIP\u00d3 DEL ACTO OFICIAL POR EL D\u00cdA DE LA INGENIER\u00cdA"},"content":{"rendered":"\n<p>Durante el encuentro, se realiz\u00f3 un sentido homenaje al fallecido Ing. Hidr\u00e1ulico, Jos\u00e9 domingo Barrientos, y se entreg\u00f3 un reconocimiento por sus bodas de oro como profesional al Ing. Carlos Nazer, que estuvo a cargo de la intendente Fuentes.<\/p>\n\n\n\n<p>Al acto asistieron adem\u00e1s el presidente del Concejo Deliberante, Humberto Santill\u00e1n; funcionarios del gabinete municipal, los rectores de la Unse, Ing. H\u00e9ctor Paz, y de la Ucse, Ing. Luis Lucena, socios de la instituci\u00f3n y familiares de profesionales que llevan 35 a\u00f1os de matriculados que tambi\u00e9n fueron reconocidos.<\/p>\n\n\n\n<p>Al momento de los discursos, las autoridades recordaron que el 6 de junio de 1870 egres\u00f3, del Departamento de Ciencias Exactas de la Universidad de Buenos Aires, el primer ingeniero civil de Argentina,Luis Augusto Huergo, y a la primera ingeniera mujer graduada de Argentina, Elisa Bachofen.<\/p>\n\n\n\n<p>Adem\u00e1s se record\u00f3 que este 2023 se cumplir\u00e1n en agosto pr\u00f3ximo los 100 de la creaci\u00f3n del Consejo Profesional de Ingenier\u00eda y Arquitectura de Santiago del Estero porque lo que representa una fecha especial.<\/p>\n","protected":false},"excerpt":{"rendered":"<p>Con motivo de haberse celebrado, el D\u00eda de la Ingenier\u00eda, la intendente de la Capital, Ing. Norma Fuentes, particip\u00f3 del acto oficial realizado por el Consejo Profesional de Ingenier\u00eda y Arquitectura de Santiago del Estero, que fue encabezado por su presidente, Ing. Ram\u00f3n P\u00e9rez, acompa\u00f1ado por la comisi\u00f3n directiva de la entidad.<\/p>\n","protected":false},"author":2,"featured_media":54022,"comment_status":"open","ping_status":"open","sticky":false,"template":"","format":"standard","meta":{"om_disable_all_campaigns":false,"_monsterinsights_skip_tracking":false,"_monsterinsights_sitenote_active":false,"_monsterinsights_sitenote_note":"","_monsterinsights_sitenote_category":0,"_uf_show_specific_survey":0,"_uf_disable_surveys":false,"jetpack_post_was_ever_published":false,"_jetpack_newsletter_access":"","_jetpack_dont_email_post_to_subs":false,"_jetpack_newsletter_tier_id":0,"_jetpack_memberships_contains_paywalled_content":false,"_jetpack_memberships_contains_paid_content":false,"footnotes":"","jetpack_publicize_message":"","jetpack_publicize_feature_enabled":true,"jetpack_social_post_already_shared":true,"jetpack_social_options":{"image_generator_settings":{"template":"highway","default_image_id":0,"font":"","enabled":false},"version":2}},"categories":[21],"tags":[227,73,116],"class_list":["post-54021","post","type-post","status-publish","format-standard","has-post-thumbnail","hentry","category-locales","tag-consejo-profesional-de-ingenieria-y-arquitectura-de-santiago-del-estero","tag-municipalidad-de-la-capital","tag-norma-fuentes"],"aioseo_notices":[],"views":9,"jetpack_publicize_connections":[],"jetpack_featured_media_url":"https:\/\/i0.wp.com\/elterritorialweb.com.ar\/web\/wp-content\/uploads\/2023\/06\/fuentes-dia-ingenieria.jpeg?fit=1280%2C760&ssl=1","jetpack_sharing_enabled":true,"_links":{"self":[{"href":"https:\/\/elterritorialweb.com.ar\/web\/wp-json\/wp\/v2\/posts\/54021","targetHints":{"allow":["GET"]}}],"collection":[{"href":"https:\/\/elterritorialweb.com.ar\/web\/wp-json\/wp\/v2\/posts"}],"about":[{"href":"https:\/\/elterritorialweb.com.ar\/web\/wp-json\/wp\/v2\/types\/post"}],"author":[{"embeddable":true,"href":"https:\/\/elterritorialweb.com.ar\/web\/wp-json\/wp\/v2\/users\/2"}],"replies":[{"embeddable":true,"href":"https:\/\/elterritorialweb.com.ar\/web\/wp-json\/wp\/v2\/comments?post=54021"}],"version-history":[{"count":1,"href":"https:\/\/elterritorialweb.com.ar\/web\/wp-json\/wp\/v2\/posts\/54021\/revisions"}],"predecessor-version":[{"id":54023,"href":"https:\/\/elterritorialweb.com.ar\/web\/wp-json\/wp\/v2\/posts\/54021\/revisions\/54023"}],"wp:featuredmedia":[{"embeddable":true,"href":"https:\/\/elterritorialweb.com.ar\/web\/wp-json\/wp\/v2\/media\/54022"}],"wp:attachment":[{"href":"https:\/\/elterritorialweb.com.ar\/web\/wp-json\/wp\/v2\/media?parent=54021"}],"wp:term":[{"taxonomy":"category","embeddable":true,"href":"https:\/\/elterritorialweb.com.ar\/web\/wp-json\/wp\/v2\/categories?post=54021"},{"taxonomy":"post_tag","embeddable":true,"href":"https:\/\/elterritorialweb.com.ar\/web\/wp-json\/wp\/v2\/tags?post=54021"}],"curies":[{"name":"wp","href":"https:\/\/api.w.org\/{rel}","templated":true}]}}