{"id":54027,"date":"2023-06-11T19:17:18","date_gmt":"2023-06-11T19:17:18","guid":{"rendered":"http:\/\/elterritorialweb.com.ar\/web\/?p=54027"},"modified":"2023-06-11T19:17:21","modified_gmt":"2023-06-11T19:17:21","slug":"se-disputo-la-capicor-en-el-circuito-de-las-termas","status":"publish","type":"post","link":"https:\/\/elterritorialweb.com.ar\/web\/se-disputo-la-capicor-en-el-circuito-de-las-termas\/","title":{"rendered":"SE DISPUT\u00d3 LA CAPICOR EN EL CIRCUITO DE LAS TERMAS"},"content":{"rendered":"\n<p>La Capicor re\u00fane alrededor de 100 autos de seis categor\u00edas que recorrer\u00e1n la pista m\u00e1s importante de Latinoam\u00e9rica y que competir\u00e1n por el premio \u00ab15 A\u00f1os del Aut\u00f3dromo Termas de R\u00edo Hondo\u00bb.<br>Los m\u00e1s veloces de la jornada fueron: \u00c1ngel Fern\u00e1ndez en Monomarca 1.4; Gerardo Schenatti en Clase Promocional; Agust\u00edn Campagnucci en Clase A; Gerardo Cerquetti en Clase 3 y Oscar Guti\u00e9rrez en Turismo Hist\u00f3rico.<\/p>\n\n\n\n<figure class=\"wp-block-image size-large\"><a href=\"https:\/\/i0.wp.com\/elterritorialweb.com.ar\/web\/wp-content\/uploads\/2023\/06\/WhatsApp-Image-2023-06-10-at-19.24.11.jpeg\"><img data-recalc-dims=\"1\" decoding=\"async\" width=\"640\" height=\"427\" data-src=\"https:\/\/i0.wp.com\/elterritorialweb.com.ar\/web\/wp-content\/uploads\/2023\/06\/WhatsApp-Image-2023-06-10-at-19.24.11.jpeg?resize=640%2C427\" alt=\"\" class=\"wp-image-54028 lazyload\" data-srcset=\"https:\/\/i0.wp.com\/elterritorialweb.com.ar\/web\/wp-content\/uploads\/2023\/06\/WhatsApp-Image-2023-06-10-at-19.24.11.jpeg?resize=1024%2C683&amp;ssl=1 1024w, https:\/\/i0.wp.com\/elterritorialweb.com.ar\/web\/wp-content\/uploads\/2023\/06\/WhatsApp-Image-2023-06-10-at-19.24.11.jpeg?resize=300%2C200&amp;ssl=1 300w, https:\/\/i0.wp.com\/elterritorialweb.com.ar\/web\/wp-content\/uploads\/2023\/06\/WhatsApp-Image-2023-06-10-at-19.24.11.jpeg?resize=768%2C512&amp;ssl=1 768w, https:\/\/i0.wp.com\/elterritorialweb.com.ar\/web\/wp-content\/uploads\/2023\/06\/WhatsApp-Image-2023-06-10-at-19.24.11.jpeg?resize=1536%2C1024&amp;ssl=1 1536w, https:\/\/i0.wp.com\/elterritorialweb.com.ar\/web\/wp-content\/uploads\/2023\/06\/WhatsApp-Image-2023-06-10-at-19.24.11.jpeg?w=1599&amp;ssl=1 1599w, https:\/\/i0.wp.com\/elterritorialweb.com.ar\/web\/wp-content\/uploads\/2023\/06\/WhatsApp-Image-2023-06-10-at-19.24.11.jpeg?w=1280 1280w\" data-sizes=\"(max-width: 640px) 100vw, 640px\" src=\"data:image\/svg+xml;base64,PHN2ZyB3aWR0aD0iMSIgaGVpZ2h0PSIxIiB4bWxucz0iaHR0cDovL3d3dy53My5vcmcvMjAwMC9zdmciPjwvc3ZnPg==\" style=\"--smush-placeholder-width: 640px; --smush-placeholder-aspect-ratio: 640\/427;\" \/><\/a><\/figure>\n\n\n\n<p>La entrada para este evento es libre y gratuita por puerta 1 para ingresar al sector de tribunas premium.<br>Este domingo las actividades iniciar\u00e1n a las 8 con las \u00faltimas rondas de clasificaci\u00f3n y a partir de las 14 comenzar\u00e1n las finales.<\/p>\n","protected":false},"excerpt":{"rendered":"<p>Con m\u00e1s de 100 autos en pista, se desarrollaron las pruebas comunitarias, de entrenamiento y clasificaci\u00f3n correspondientes a la tercera fecha de la Capicor (Categor\u00edas Asociadas de Pistas Cordobesas) que se disputa este fin de semana en el Circuito Internacional de Las Termas de R\u00edo Hondo.<\/p>\n","protected":false},"author":2,"featured_media":54029,"comment_status":"open","ping_status":"open","sticky":false,"template":"","format":"standard","meta":{"om_disable_all_campaigns":false,"_monsterinsights_skip_tracking":false,"_monsterinsights_sitenote_active":false,"_monsterinsights_sitenote_note":"","_monsterinsights_sitenote_category":0,"_uf_show_specific_survey":0,"_uf_disable_surveys":false,"jetpack_post_was_ever_published":false,"_jetpack_newsletter_access":"","_jetpack_dont_email_post_to_subs":false,"_jetpack_newsletter_tier_id":0,"_jetpack_memberships_contains_paywalled_content":false,"_jetpack_memberships_contains_paid_content":false,"footnotes":"","jetpack_publicize_message":"","jetpack_publicize_feature_enabled":true,"jetpack_social_post_already_shared":true,"jetpack_social_options":{"image_generator_settings":{"template":"highway","default_image_id":0,"font":"","enabled":false},"version":2}},"categories":[6],"tags":[228],"class_list":["post-54027","post","type-post","status-publish","format-standard","has-post-thumbnail","hentry","category-deportes","tag-autodromo-internacional-termas-de-rio-hondo"],"aioseo_notices":[],"views":7,"jetpack_publicize_connections":[],"jetpack_featured_media_url":"https:\/\/i0.wp.com\/elterritorialweb.com.ar\/web\/wp-content\/uploads\/2023\/06\/WhatsApp-Image-2023-06-10-at-19.24.12.jpeg?fit=1599%2C1066&ssl=1","jetpack_sharing_enabled":true,"_links":{"self":[{"href":"https:\/\/elterritorialweb.com.ar\/web\/wp-json\/wp\/v2\/posts\/54027","targetHints":{"allow":["GET"]}}],"collection":[{"href":"https:\/\/elterritorialweb.com.ar\/web\/wp-json\/wp\/v2\/posts"}],"about":[{"href":"https:\/\/elterritorialweb.com.ar\/web\/wp-json\/wp\/v2\/types\/post"}],"author":[{"embeddable":true,"href":"https:\/\/elterritorialweb.com.ar\/web\/wp-json\/wp\/v2\/users\/2"}],"replies":[{"embeddable":true,"href":"https:\/\/elterritorialweb.com.ar\/web\/wp-json\/wp\/v2\/comments?post=54027"}],"version-history":[{"count":1,"href":"https:\/\/elterritorialweb.com.ar\/web\/wp-json\/wp\/v2\/posts\/54027\/revisions"}],"predecessor-version":[{"id":54030,"href":"https:\/\/elterritorialweb.com.ar\/web\/wp-json\/wp\/v2\/posts\/54027\/revisions\/54030"}],"wp:featuredmedia":[{"embeddable":true,"href":"https:\/\/elterritorialweb.com.ar\/web\/wp-json\/wp\/v2\/media\/54029"}],"wp:attachment":[{"href":"https:\/\/elterritorialweb.com.ar\/web\/wp-json\/wp\/v2\/media?parent=54027"}],"wp:term":[{"taxonomy":"category","embeddable":true,"href":"https:\/\/elterritorialweb.com.ar\/web\/wp-json\/wp\/v2\/categories?post=54027"},{"taxonomy":"post_tag","embeddable":true,"href":"https:\/\/elterritorialweb.com.ar\/web\/wp-json\/wp\/v2\/tags?post=54027"}],"curies":[{"name":"wp","href":"https:\/\/api.w.org\/{rel}","templated":true}]}}