{"id":54035,"date":"2023-06-11T19:32:25","date_gmt":"2023-06-11T19:32:25","guid":{"rendered":"http:\/\/elterritorialweb.com.ar\/web\/?p=54035"},"modified":"2023-06-11T19:32:28","modified_gmt":"2023-06-11T19:32:28","slug":"nediani-y-dirigentes-bandenos-se-autoconvocaron-para-apoyar-a-sergio-massa","status":"publish","type":"post","link":"https:\/\/elterritorialweb.com.ar\/web\/nediani-y-dirigentes-bandenos-se-autoconvocaron-para-apoyar-a-sergio-massa\/","title":{"rendered":"NEDIANI Y DIRIGENTES BANDE\u00d1OS, SE AUTOCONVOCARON PARA APOYAR A SERGIO MASSA"},"content":{"rendered":"\n<p>En la oportunidad, el intendente Roger Nediani, destac\u00f3: \u201cParticipamos de un encuentro autoconvocado por la dirigencia de la ciudad de La Banda, quienes manifestaron su apoyo a nuestro m\u00e1ximo referente a nivel nacional Sergio Massa, que hoy lleva adelante el Congreso del Frente Renovador en Buenos Aires\u201d.<br>\u201cPor eso nosotros hemos querido tambi\u00e9n por medio de una autoconvocatoria demostrar el apoyo incondicional a Sergio Massa y a las desiciones que se tomen en el congreso nacional de cara a las pr\u00f3ximas elecciones presidenciales, conscientes de que esto debe resultar de un consenso con los dem\u00e1s espacios pol\u00edticos que conforman el Frente de Todos, por supuesto estamos dentro de un espacio m\u00e1s amplio que es el Frente de Todos. A su vez en el marco del congreso tambi\u00e9n se elevar\u00e1 un documento que tenga que ver conjuntamente con esta situaci\u00f3n\u201d.<\/p>\n\n\n\n<figure class=\"wp-block-image size-large\"><a href=\"https:\/\/i0.wp.com\/elterritorialweb.com.ar\/web\/wp-content\/uploads\/2023\/06\/WhatsApp-Image-2023-06-10-at-16.45.51.jpeg\"><img data-recalc-dims=\"1\" decoding=\"async\" width=\"640\" height=\"426\" data-src=\"https:\/\/i0.wp.com\/elterritorialweb.com.ar\/web\/wp-content\/uploads\/2023\/06\/WhatsApp-Image-2023-06-10-at-16.45.51.jpeg?resize=640%2C426\" alt=\"\" class=\"wp-image-54036 lazyload\" data-srcset=\"https:\/\/i0.wp.com\/elterritorialweb.com.ar\/web\/wp-content\/uploads\/2023\/06\/WhatsApp-Image-2023-06-10-at-16.45.51.jpeg?resize=1024%2C682&amp;ssl=1 1024w, https:\/\/i0.wp.com\/elterritorialweb.com.ar\/web\/wp-content\/uploads\/2023\/06\/WhatsApp-Image-2023-06-10-at-16.45.51.jpeg?resize=300%2C200&amp;ssl=1 300w, https:\/\/i0.wp.com\/elterritorialweb.com.ar\/web\/wp-content\/uploads\/2023\/06\/WhatsApp-Image-2023-06-10-at-16.45.51.jpeg?resize=768%2C512&amp;ssl=1 768w, https:\/\/i0.wp.com\/elterritorialweb.com.ar\/web\/wp-content\/uploads\/2023\/06\/WhatsApp-Image-2023-06-10-at-16.45.51.jpeg?w=1037&amp;ssl=1 1037w\" data-sizes=\"(max-width: 640px) 100vw, 640px\" src=\"data:image\/svg+xml;base64,PHN2ZyB3aWR0aD0iMSIgaGVpZ2h0PSIxIiB4bWxucz0iaHR0cDovL3d3dy53My5vcmcvMjAwMC9zdmciPjwvc3ZnPg==\" style=\"--smush-placeholder-width: 640px; --smush-placeholder-aspect-ratio: 640\/426;\" \/><\/a><\/figure>\n\n\n\n<p>Agreg\u00f3: \u201cDesde nuestro lugar anhelamos que el candidato a presidente sea Sergio, esa decisi\u00f3n se tomar\u00e1 desde el congreso, de todas maneras desde La Banda demostramos as\u00ed nuestro apoyo;<br>\u201cPor eso tambi\u00e9n quiero agradecer a todas las dirigencias presentes de la ciudad de La Banda que siempre me acompa\u00f1an, desde la campa\u00f1a que comenzamos el a\u00f1o pasado y por sobre todas las cosas ahora que vamos a elegir al presidente de la Rep\u00fablica Argentina, esa persona que va presidir por los pr\u00f3ximos 4 a\u00f1os\u201d.<br>\u201cNosotros no tenemos dudas que el presidente tiene que salir del consenso de la unidad, esa persona que verdaderamente se preocupe de c\u00f3mo llevar adelante una educaci\u00f3n p\u00fablica gratuita y de calidad, salud p\u00fablica, pensar en todas aquellas familias que hoy no tienen un hogar digno; y continuar con este plan de viviendas que lleva el gobierno nacional para obviamente ayudar y adjudicar\u00a0las mismas, sabiendo ademas que llevar\u00e1 adelante propuestas que tienen que ver con el trabajo y la producci\u00f3n y la generaci\u00f3n de empleo, sobre todo queremos una Argentina justa y equitativa para todos y todas\u00bb, finaliz\u00f3 Nediani.<\/p>\n","protected":false},"excerpt":{"rendered":"<p>En la ma\u00f1ana del s\u00e1bado, el intendente Roger Nediani encabez\u00f3 un gran encuentro donde m\u00e1s de dos mil dirigentes de diferentes agrupaciones pol\u00edticas y organizaciones sociales, participaron de una jornada de camarader\u00eda en la que reafirmaron su apoyo al l\u00edder y conductor del Frente Renovador, Sergio Massa.<\/p>\n","protected":false},"author":2,"featured_media":54037,"comment_status":"open","ping_status":"open","sticky":false,"template":"","format":"standard","meta":{"om_disable_all_campaigns":false,"_monsterinsights_skip_tracking":false,"_monsterinsights_sitenote_active":false,"_monsterinsights_sitenote_note":"","_monsterinsights_sitenote_category":0,"_uf_show_specific_survey":0,"_uf_disable_surveys":false,"jetpack_post_was_ever_published":false,"_jetpack_newsletter_access":"","_jetpack_dont_email_post_to_subs":false,"_jetpack_newsletter_tier_id":0,"_jetpack_memberships_contains_paywalled_content":false,"_jetpack_memberships_contains_paid_content":false,"footnotes":"","jetpack_publicize_message":"","jetpack_publicize_feature_enabled":true,"jetpack_social_post_already_shared":true,"jetpack_social_options":{"image_generator_settings":{"template":"highway","default_image_id":0,"font":"","enabled":false},"version":2}},"categories":[9],"tags":[230,71,51,68],"class_list":["post-54035","post","type-post","status-publish","format-standard","has-post-thumbnail","hentry","category-banda","tag-covocatoria","tag-municipalidad-de-la-banda","tag-roger-nediani","tag-sergio-massa"],"aioseo_notices":[],"views":8,"jetpack_publicize_connections":[],"jetpack_featured_media_url":"https:\/\/i0.wp.com\/elterritorialweb.com.ar\/web\/wp-content\/uploads\/2023\/06\/WhatsApp-Image-2023-06-10-at-16.45.50.jpeg?fit=872%2C581&ssl=1","jetpack_sharing_enabled":true,"_links":{"self":[{"href":"https:\/\/elterritorialweb.com.ar\/web\/wp-json\/wp\/v2\/posts\/54035","targetHints":{"allow":["GET"]}}],"collection":[{"href":"https:\/\/elterritorialweb.com.ar\/web\/wp-json\/wp\/v2\/posts"}],"about":[{"href":"https:\/\/elterritorialweb.com.ar\/web\/wp-json\/wp\/v2\/types\/post"}],"author":[{"embeddable":true,"href":"https:\/\/elterritorialweb.com.ar\/web\/wp-json\/wp\/v2\/users\/2"}],"replies":[{"embeddable":true,"href":"https:\/\/elterritorialweb.com.ar\/web\/wp-json\/wp\/v2\/comments?post=54035"}],"version-history":[{"count":1,"href":"https:\/\/elterritorialweb.com.ar\/web\/wp-json\/wp\/v2\/posts\/54035\/revisions"}],"predecessor-version":[{"id":54038,"href":"https:\/\/elterritorialweb.com.ar\/web\/wp-json\/wp\/v2\/posts\/54035\/revisions\/54038"}],"wp:featuredmedia":[{"embeddable":true,"href":"https:\/\/elterritorialweb.com.ar\/web\/wp-json\/wp\/v2\/media\/54037"}],"wp:attachment":[{"href":"https:\/\/elterritorialweb.com.ar\/web\/wp-json\/wp\/v2\/media?parent=54035"}],"wp:term":[{"taxonomy":"category","embeddable":true,"href":"https:\/\/elterritorialweb.com.ar\/web\/wp-json\/wp\/v2\/categories?post=54035"},{"taxonomy":"post_tag","embeddable":true,"href":"https:\/\/elterritorialweb.com.ar\/web\/wp-json\/wp\/v2\/tags?post=54035"}],"curies":[{"name":"wp","href":"https:\/\/api.w.org\/{rel}","templated":true}]}}